{"id":9615,"date":"2019-08-18T19:13:30","date_gmt":"2019-08-18T18:13:30","guid":{"rendered":"https:\/\/www.skmisia.ch\/?p=9615"},"modified":"2020-10-01T15:25:05","modified_gmt":"2020-10-01T13:25:05","slug":"put-do-einsiedeln","status":"publish","type":"post","link":"https:\/\/www.skmisia.ch\/?p=9615","title":{"rendered":"P\u00fa\u0165 do Einsiedeln &#8211; pozv\u00e1nka"},"content":{"rendered":"\n<p>8. septembra bude tradi\u010dn\u00e1 p\u00fa\u0165 Slov\u00e1kov do Einsiedeln. Za\u010diatok sv. om\u0161e je 12,30 hod (!!! pozor v Misijnom inform\u00e1tore v tla\u010dovej podobe nebol uveden\u00fd spr\u00e1vny \u010das). Sprievod by sme za\u010dali formova\u0165 o 12,10 hod, po desiatej hodine by bola mo\u017enos\u0165 vyspoveda\u0165 sa (na spove\u010f, pros\u00edm, prich\u00e1dzajte cez vchod gymn\u00e1zia, na \u013eavej strane, aby ste neru\u0161ili sv. om\u0161e). Celebrantom bude. Mons. Jozef Ha\u013eko, pomocn\u00fd biskup Bratislavskej arcidiec\u00e9zy a z\u00e1rove\u0148 poveren\u00fd KBS pastor\u00e1ciou zahrani\u010dn\u00fdch Slov\u00e1kov. Po sv. om\u0161i bude pohostenie v re\u0161taur\u00e1cii Drei K\u00f6nige.<\/p>\n\n\n\n<p>Pros\u00edm o \u00fa\u010das\u0165 v krojoch, kto m\u00f4\u017ee. P\u00e1n Zelenai je ochotn\u00fd kroje po\u017ei\u010da\u0165, pros\u00edm kontaktujte ho.<\/p>\n\n\n\n<p>V\u00edkend pred p\u00fa\u0165ou bude v\u00edkendov\u00e1 duchovn\u00e1 obnova pre t\u00fdch, ktor\u00ed na p\u00fati prijm\u00fa sviatos\u0165 birmovania, resp. krstu.<\/p>\n","protected":false},"excerpt":{"rendered":"<p>8. septembra bude tradi\u010dn\u00e1 p\u00fa\u0165 Slov\u00e1kov do Einsiedeln. Za\u010diatok sv. om\u0161e je 12,30 hod (!!! pozor v Misijnom inform\u00e1tore v tla\u010dovej podobe nebol uveden\u00fd spr\u00e1vny \u010das). Sprievod by sme za\u010dali formova\u0165 o 12,10 hod,&#46;&#46;&#46;<\/p>\n","protected":false},"author":3,"featured_media":9244,"comment_status":"open","ping_status":"closed","sticky":false,"template":"","format":"standard","meta":{"ngg_post_thumbnail":0},"categories":[24,1],"tags":[],"_links":{"self":[{"href":"https:\/\/www.skmisia.ch\/index.php?rest_route=\/wp\/v2\/posts\/9615"}],"collection":[{"href":"https:\/\/www.skmisia.ch\/index.php?rest_route=\/wp\/v2\/posts"}],"about":[{"href":"https:\/\/www.skmisia.ch\/index.php?rest_route=\/wp\/v2\/types\/post"}],"author":[{"embeddable":true,"href":"https:\/\/www.skmisia.ch\/index.php?rest_route=\/wp\/v2\/users\/3"}],"replies":[{"embeddable":true,"href":"https:\/\/www.skmisia.ch\/index.php?rest_route=%2Fwp%2Fv2%2Fcomments&post=9615"}],"version-history":[{"count":4,"href":"https:\/\/www.skmisia.ch\/index.php?rest_route=\/wp\/v2\/posts\/9615\/revisions"}],"predecessor-version":[{"id":9960,"href":"https:\/\/www.skmisia.ch\/index.php?rest_route=\/wp\/v2\/posts\/9615\/revisions\/9960"}],"wp:featuredmedia":[{"embeddable":true,"href":"https:\/\/www.skmisia.ch\/index.php?rest_route=\/wp\/v2\/media\/9244"}],"wp:attachment":[{"href":"https:\/\/www.skmisia.ch\/index.php?rest_route=%2Fwp%2Fv2%2Fmedia&parent=9615"}],"wp:term":[{"taxonomy":"category","embeddable":true,"href":"https:\/\/www.skmisia.ch\/index.php?rest_route=%2Fwp%2Fv2%2Fcategories&post=9615"},{"taxonomy":"post_tag","embeddable":true,"href":"https:\/\/www.skmisia.ch\/index.php?rest_route=%2Fwp%2Fv2%2Ftags&post=9615"}],"curies":[{"name":"wp","href":"https:\/\/api.w.org\/{rel}","templated":true}]}}