{"id":9371,"date":"2019-04-30T17:45:05","date_gmt":"2019-04-30T16:45:05","guid":{"rendered":"https:\/\/www.skmisia.ch\/?p=9371"},"modified":"2019-07-02T08:38:08","modified_gmt":"2019-07-02T07:38:08","slug":"jubilejna-50-put-v-mariastein","status":"publish","type":"post","link":"https:\/\/www.skmisia.ch\/?p=9371","title":{"rendered":"Jubilejn\u00e1 50. p\u00fa\u0165 v Mariastein"},"content":{"rendered":"\n<p>Slov\u00e1ci p\u00ed\u0161u vo \u0160vaj\u010diarsku dejiny! Po p\u00e4\u0165desiaty raz sa stretneme na p\u00fati, ktor\u00e1 ide ruka v ruke so za\u010diatkom misie. Preto V\u00e1s v\u0161etk\u00fdch poz\u00fdvam, aby sme si \u00fa\u010das\u0165ou na p\u00fati pripomenuli svoje &#8222;\u0161vaj\u010diarske&#8220;  korene. Zvl\u00e1\u0161\u0165 svedkov tej doby by som poprosil, keby sa mohli z\u00fa\u010dastni\u0165.<\/p>\n\n\n\n<p>Nako\u013eko ide o jubilejn\u00fa p\u00fa\u0165, z\u00e1\u0161titu nad podujat\u00edm prevzala J.E. Andrea Elschek Matisov\u00e1, ve\u013evyslanky\u0148a SR vo \u0160vaj\u010diarsku. Sl\u00e1vnostnej sv. om\u0161i bude predseda\u0165 Mons. Marek Forg\u00e1\u010d, ko\u0161ick\u00fd pomocn\u00fd biskup.  \u00da\u010das\u0165 pris\u013e\u00fabili aj \u0161vaj\u010diarski duchovn\u00ed, ktor\u00ed na\u0161ej misii v priebehu t\u00fdch rokov st\u00e1li po boku. Preto niektor\u00e9 \u010dasti sv. om\u0161e bud\u00fa v nem\u010dine a Ot\u010de n\u00e1\u0161 sa pomodl\u00edme v latin\u010dine.<\/p>\n\n\n\n<p>P\u00fa\u0165 sa kon\u00e1 <strong>19. m\u00e1ja 2019<\/strong> (pozor term\u00edn bol zmenen\u00fd!) o <strong>12,30 hod<\/strong> . Od 12,00 hod bude mo\u017enos\u0165 prija\u0165 sviatos\u0165 zmierenia. Po obradoch a pr\u00edhovoroch v bazilike je mo\u017enos\u0165 obeda v ne\u010falekej re\u0161taur\u00e1cii, jednotn\u00e9 menu je rezervovan\u00e9 v hodnote 25 CHF.<\/p>\n","protected":false},"excerpt":{"rendered":"<p>Slov\u00e1ci p\u00ed\u0161u vo \u0160vaj\u010diarsku dejiny! Po p\u00e4\u0165desiaty raz sa stretneme na p\u00fati, ktor\u00e1 ide ruka v ruke so za\u010diatkom misie. Preto V\u00e1s v\u0161etk\u00fdch poz\u00fdvam, aby sme si \u00fa\u010das\u0165ou na p\u00fati pripomenuli svoje &#8222;\u0161vaj\u010diarske&#8220; korene.&#46;&#46;&#46;<\/p>\n","protected":false},"author":3,"featured_media":3464,"comment_status":"open","ping_status":"closed","sticky":false,"template":"","format":"standard","meta":{"ngg_post_thumbnail":0},"categories":[24,1],"tags":[],"_links":{"self":[{"href":"https:\/\/www.skmisia.ch\/index.php?rest_route=\/wp\/v2\/posts\/9371"}],"collection":[{"href":"https:\/\/www.skmisia.ch\/index.php?rest_route=\/wp\/v2\/posts"}],"about":[{"href":"https:\/\/www.skmisia.ch\/index.php?rest_route=\/wp\/v2\/types\/post"}],"author":[{"embeddable":true,"href":"https:\/\/www.skmisia.ch\/index.php?rest_route=\/wp\/v2\/users\/3"}],"replies":[{"embeddable":true,"href":"https:\/\/www.skmisia.ch\/index.php?rest_route=%2Fwp%2Fv2%2Fcomments&post=9371"}],"version-history":[{"count":1,"href":"https:\/\/www.skmisia.ch\/index.php?rest_route=\/wp\/v2\/posts\/9371\/revisions"}],"predecessor-version":[{"id":9373,"href":"https:\/\/www.skmisia.ch\/index.php?rest_route=\/wp\/v2\/posts\/9371\/revisions\/9373"}],"wp:featuredmedia":[{"embeddable":true,"href":"https:\/\/www.skmisia.ch\/index.php?rest_route=\/wp\/v2\/media\/3464"}],"wp:attachment":[{"href":"https:\/\/www.skmisia.ch\/index.php?rest_route=%2Fwp%2Fv2%2Fmedia&parent=9371"}],"wp:term":[{"taxonomy":"category","embeddable":true,"href":"https:\/\/www.skmisia.ch\/index.php?rest_route=%2Fwp%2Fv2%2Fcategories&post=9371"},{"taxonomy":"post_tag","embeddable":true,"href":"https:\/\/www.skmisia.ch\/index.php?rest_route=%2Fwp%2Fv2%2Ftags&post=9371"}],"curies":[{"name":"wp","href":"https:\/\/api.w.org\/{rel}","templated":true}]}}