{"id":9289,"date":"2019-04-07T21:59:56","date_gmt":"2019-04-07T20:59:56","guid":{"rendered":"https:\/\/www.skmisia.ch\/?p=9289"},"modified":"2020-10-01T15:27:09","modified_gmt":"2020-10-01T13:27:09","slug":"postna-duchovna-obnova-3","status":"publish","type":"post","link":"https:\/\/www.skmisia.ch\/?p=9289","title":{"rendered":"P\u00f4stna duchovn\u00e1 obnova"},"content":{"rendered":"<p>Podobne ako aj minul\u00e9 roky, aj v tomto p\u00f4stnom obdob\u00ed sa uskuto\u010dnila duchovn\u00e1 obnova pre slovensk\u00fa misiu v Z\u00fcrichu. V d\u0148och 5.-7. apr\u00edla ju viedol p\u00e1ter Jozef S\u00faken\u00edk OFM Conv, ktor\u00fd p\u00f4sob\u00ed v kl\u00e1\u0161tore bratov minoritov v Karlovej Vsi v Bratislave.<\/p>\n<p>\u010eakujeme za jeho slu\u017ebu, v\u010faka ktorej sme sa mohli lep\u0161ie duchovne pripravi\u0165 na ve\u013ekono\u010dn\u00e9 sviatky. Nahr\u00e1vky jeho katech\u00e9z si m\u00f4\u017eete stiahnu\u0165 aj vypo\u010du\u0165 tu:<\/p>\n<p><a href=\"https:\/\/www.skmisia.ch\/wp-content\/uploads\/2019\/04\/1.mp3\">P\u00f4stne sebazapieranie<\/a>: <!--[if lt IE 9]><script>document.createElement('audio');<\/script><![endif]-->\n<audio class=\"wp-audio-shortcode\" id=\"audio-9289-1\" preload=\"none\" style=\"width: 100%;\" controls=\"controls\"><source type=\"audio\/mpeg\" src=\"https:\/\/www.skmisia.ch\/wp-content\/uploads\/2019\/04\/1.mp3?_=1\" \/><a href=\"https:\/\/www.skmisia.ch\/wp-content\/uploads\/2019\/04\/1.mp3\">https:\/\/www.skmisia.ch\/wp-content\/uploads\/2019\/04\/1.mp3<\/a><\/audio><\/p>\n<p><a href=\"https:\/\/www.skmisia.ch\/wp-content\/uploads\/2019\/04\/2.mp3\">Obr\u00e1tenie<\/a>: <audio class=\"wp-audio-shortcode\" id=\"audio-9289-2\" preload=\"none\" style=\"width: 100%;\" controls=\"controls\"><source type=\"audio\/mpeg\" src=\"https:\/\/www.skmisia.ch\/wp-content\/uploads\/2019\/04\/2.mp3?_=2\" \/><a href=\"https:\/\/www.skmisia.ch\/wp-content\/uploads\/2019\/04\/2.mp3\">https:\/\/www.skmisia.ch\/wp-content\/uploads\/2019\/04\/2.mp3<\/a><\/audio><\/p>\n<p><a href=\"https:\/\/www.skmisia.ch\/wp-content\/uploads\/2019\/04\/3.mp3\">Uzdravenie<\/a>: <audio class=\"wp-audio-shortcode\" id=\"audio-9289-3\" preload=\"none\" style=\"width: 100%;\" controls=\"controls\"><source type=\"audio\/mpeg\" src=\"https:\/\/www.skmisia.ch\/wp-content\/uploads\/2019\/04\/3.mp3?_=3\" \/><a href=\"https:\/\/www.skmisia.ch\/wp-content\/uploads\/2019\/04\/3.mp3\">https:\/\/www.skmisia.ch\/wp-content\/uploads\/2019\/04\/3.mp3<\/a><\/audio><\/p>\n<p><a href=\"https:\/\/www.skmisia.ch\/wp-content\/uploads\/2019\/04\/4.mp3\">\u017divot<\/a>: <audio class=\"wp-audio-shortcode\" id=\"audio-9289-4\" preload=\"none\" style=\"width: 100%;\" controls=\"controls\"><source type=\"audio\/mpeg\" src=\"https:\/\/www.skmisia.ch\/wp-content\/uploads\/2019\/04\/4.mp3?_=4\" \/><a href=\"https:\/\/www.skmisia.ch\/wp-content\/uploads\/2019\/04\/4.mp3\">https:\/\/www.skmisia.ch\/wp-content\/uploads\/2019\/04\/4.mp3<\/a><\/audio><\/p>\n<p><a href=\"https:\/\/www.skmisia.ch\/wp-content\/uploads\/2019\/04\/5.mp3\">By\u0165 \u010d\u00edm sme v Bo\u017e\u00edch o\u010diach<\/a>: <audio class=\"wp-audio-shortcode\" id=\"audio-9289-5\" preload=\"none\" style=\"width: 100%;\" controls=\"controls\"><source type=\"audio\/mpeg\" src=\"https:\/\/www.skmisia.ch\/wp-content\/uploads\/2019\/04\/5.mp3?_=5\" \/><a href=\"https:\/\/www.skmisia.ch\/wp-content\/uploads\/2019\/04\/5.mp3\">https:\/\/www.skmisia.ch\/wp-content\/uploads\/2019\/04\/5.mp3<\/a><\/audio><\/p>\n","protected":false},"excerpt":{"rendered":"<p>Podobne ako aj minul\u00e9 roky, aj v tomto p\u00f4stnom obdob\u00ed sa uskuto\u010dnila duchovn\u00e1 obnova pre slovensk\u00fa misiu v Z\u00fcrichu. V d\u0148och 5.-7. apr\u00edla ju viedol p\u00e1ter Jozef S\u00faken\u00edk OFM Conv, ktor\u00fd p\u00f4sob\u00ed v kl\u00e1\u0161tore&#46;&#46;&#46;<\/p>\n","protected":false},"author":1,"featured_media":9356,"comment_status":"open","ping_status":"closed","sticky":false,"template":"","format":"standard","meta":{"ngg_post_thumbnail":0},"categories":[24,1],"tags":[],"_links":{"self":[{"href":"https:\/\/www.skmisia.ch\/index.php?rest_route=\/wp\/v2\/posts\/9289"}],"collection":[{"href":"https:\/\/www.skmisia.ch\/index.php?rest_route=\/wp\/v2\/posts"}],"about":[{"href":"https:\/\/www.skmisia.ch\/index.php?rest_route=\/wp\/v2\/types\/post"}],"author":[{"embeddable":true,"href":"https:\/\/www.skmisia.ch\/index.php?rest_route=\/wp\/v2\/users\/1"}],"replies":[{"embeddable":true,"href":"https:\/\/www.skmisia.ch\/index.php?rest_route=%2Fwp%2Fv2%2Fcomments&post=9289"}],"version-history":[{"count":8,"href":"https:\/\/www.skmisia.ch\/index.php?rest_route=\/wp\/v2\/posts\/9289\/revisions"}],"predecessor-version":[{"id":9353,"href":"https:\/\/www.skmisia.ch\/index.php?rest_route=\/wp\/v2\/posts\/9289\/revisions\/9353"}],"wp:featuredmedia":[{"embeddable":true,"href":"https:\/\/www.skmisia.ch\/index.php?rest_route=\/wp\/v2\/media\/9356"}],"wp:attachment":[{"href":"https:\/\/www.skmisia.ch\/index.php?rest_route=%2Fwp%2Fv2%2Fmedia&parent=9289"}],"wp:term":[{"taxonomy":"category","embeddable":true,"href":"https:\/\/www.skmisia.ch\/index.php?rest_route=%2Fwp%2Fv2%2Fcategories&post=9289"},{"taxonomy":"post_tag","embeddable":true,"href":"https:\/\/www.skmisia.ch\/index.php?rest_route=%2Fwp%2Fv2%2Ftags&post=9289"}],"curies":[{"name":"wp","href":"https:\/\/api.w.org\/{rel}","templated":true}]}}