{"id":9165,"date":"2019-02-24T17:32:08","date_gmt":"2019-02-24T16:32:08","guid":{"rendered":"https:\/\/www.skmisia.ch\/?p=9165"},"modified":"2019-07-02T08:39:12","modified_gmt":"2019-07-02T07:39:12","slug":"rodinny-vikend-2019","status":"publish","type":"post","link":"https:\/\/www.skmisia.ch\/?p=9165","title":{"rendered":"Rodinn\u00fd v\u00edkend 2019"},"content":{"rendered":"<p><span style=\"color: #000000;\"><span lang=\"sk-SK\"><b>SUM\u00c1R pre t\u00fdch, \u010do sa pon\u00e1h\u013eaj\u00fa: <\/b><\/span><\/span><\/p>\n<p><span style=\"color: #000000;\"><span lang=\"sk-SK\"><b>\u010co<\/b><\/span><span lang=\"en-GB\"><b>:<\/b><\/span><span lang=\"en-GB\"> Rodinn<\/span><span lang=\"sk-SK\">\u00fd v\u00edkend pre rodiny zo Slovenskej Katol\u00edckej Misie<\/span><\/span><\/p>\n<p><span style=\"color: #000000;\"><b>Kedy<\/b><span lang=\"en-GB\">: 8.6 \u2013 10.6<\/span><\/span><\/p>\n<p><span style=\"color: #000000;\"><span lang=\"en-GB\"><b>Kde:<\/b><\/span><span lang=\"en-GB\"> Franc\u00fazske Alpy, <\/span><span lang=\"sk-SK\">chata Saint-Jean de Sixt<\/span><\/span><\/p>\n<p><span style=\"color: #000000;\"><span lang=\"en-GB\"><b>Kto:<\/b><\/span><span lang=\"en-GB\"> Vy, mil\u00e9 rodinky <\/span><span style=\"font-family: 'Segoe UI Emoji', serif;\"><span lang=\"en-GB\">?<\/span><\/span><\/span><\/p>\n<p><span style=\"color: #000000;\"><span lang=\"en-GB\">(detailn<\/span><span lang=\"sk-SK\">\u00fd popis pre t\u00fdch, \u010do maj\u00fa tro\u0161ka viac \u010dasu, ni\u017e\u0161ie<\/span><span lang=\"en-GB\">)<\/span><\/span><\/p>\n<p>&nbsp;<\/p>\n<p>Mil\u00e9 rodinky,<\/p>\n<p>Tak, ako u\u017e je to v na\u0161ej komunite zvykom, aj tento rok sa uskuto\u010dn\u00ed na Tur\u00edce (8.6 \u2013 10.6) <strong>RODINN\u00dd V\u00cdKEND<\/strong>.<br \/>\n\u010cak\u00e1 a neminie n\u00e1s bohat\u00fd duchovn\u00fd program, asi 3 kopce z\u00e1bavy pre cel\u00fa rodinu a na deti sa u\u017e te\u0161ia anim\u00e1tori, ktor\u00ed tento rok pripravili &#8230; (a toto je pr\u00edsne tajn\u00e9 prekvapenie, m\u00f4\u017eeme len prezradi\u0165, \u017ee p\u00f4jde o \u00faplne super \u0161pica bombastick\u00fa p\u00fatav\u00fa z\u00e1bavu).<\/p>\n<p>K\u00fdm sa deti bud\u00fa zab\u00e1va\u0165, pre dospel\u00fdch je pripraven\u00fd program na t\u00e9mu: <strong>Ako ma vid\u00ed Boh?<\/strong><\/p>\n<p>Tento rok sa p\u00f4jdeme pozrie\u0165 do ne\u010falek\u00e9ho Franc\u00fazska, kde m\u00e1me zarezervovan\u00fa chatu Saint-Jean de Sixt v prekr\u00e1snom prostred\u00ed Franc\u00fazsk\u00fdch \u00c1lp. (kapacita chaty je 80 os\u00f4b).<\/p>\n<p>Poplatok* za pobyt je nasledovn\u00fd:<\/p>\n<table>\n<tbody>\n<tr>\n<td>Dospel\u00e1 osoba:<\/td>\n<td>200,- CHF<\/td>\n<\/tr>\n<tr>\n<td>Die\u0165a od 6 do 15 rokov:<\/td>\n<td>175,- CHF<\/td>\n<\/tr>\n<tr>\n<td>Die\u0165a od 2 do 6 rokov:<\/td>\n<td>100,- CHF<\/td>\n<\/tr>\n<\/tbody>\n<\/table>\n<p>Prihl\u00e1si\u0165 sa m\u00f4\u017eete tu:\u00a0<a href=\"https:\/\/goo.gl\/forms\/01RMNHnh6eQnH6dX2\">https:\/\/goo.gl\/forms\/01RMNHnh6eQnH6dX2<\/a><\/p>\n<p>Celkov\u00fa sumu V\u00e1s pros\u00edme uhradi\u0165 na nasledovn\u00e9 \u010d\u00edslo \u00fa\u010dtu do siedmych dn\u00ed od zaslania prihl\u00e1\u0161ky:<\/p>\n<p><strong>\u010c\u00edslo \u00fa\u010dtu: 87-713760-8 CH31 0900 0000 8771 3760 8<\/strong><\/p>\n<p><small><br \/>\n*\u00da\u010dastn\u00edcky poplatok zah\u0155\u0148a n\u00e1klady na ubytovanie a stravu. <strong>\u00dahrada za prv\u00e9 dve deti je povinn\u00e1, za ka\u017ed\u00e9 \u010fal\u0161ie die\u0165a dobrovo\u013en\u00e1.<\/strong> Ka\u017ed\u00fd darcovsk\u00fd pr\u00edspevok n\u00e1s pote\u0161\u00ed, pou\u017eijeme ho na \u00fahradu re\u017eijn\u00fdch n\u00e1kladov (n\u00e1klady na anim\u00e1torov, predn\u00e1\u0161aj\u00facich, materi\u00e1l na tvorenie pre deti).<br \/>\nV pr\u00edpade, \u017ee kv\u00f4li rodinn\u00e9mu rozpo\u010dtu potrebujete z\u013eavu, nev\u00e1hajte sa obr\u00e1ti\u0165 na organiza\u010dn\u00fd t\u00edm.<\/small><\/p>\n","protected":false},"excerpt":{"rendered":"<p>SUM\u00c1R pre t\u00fdch, \u010do sa pon\u00e1h\u013eaj\u00fa: \u010co: Rodinn\u00fd v\u00edkend pre rodiny zo Slovenskej Katol\u00edckej Misie Kedy: 8.6 \u2013 10.6 Kde: Franc\u00fazske Alpy, chata Saint-Jean de Sixt Kto: Vy, mil\u00e9 rodinky ? (detailn\u00fd popis pre&#46;&#46;&#46;<\/p>\n","protected":false},"author":1,"featured_media":9169,"comment_status":"open","ping_status":"closed","sticky":false,"template":"","format":"standard","meta":{"ngg_post_thumbnail":0},"categories":[24,1],"tags":[],"_links":{"self":[{"href":"https:\/\/www.skmisia.ch\/index.php?rest_route=\/wp\/v2\/posts\/9165"}],"collection":[{"href":"https:\/\/www.skmisia.ch\/index.php?rest_route=\/wp\/v2\/posts"}],"about":[{"href":"https:\/\/www.skmisia.ch\/index.php?rest_route=\/wp\/v2\/types\/post"}],"author":[{"embeddable":true,"href":"https:\/\/www.skmisia.ch\/index.php?rest_route=\/wp\/v2\/users\/1"}],"replies":[{"embeddable":true,"href":"https:\/\/www.skmisia.ch\/index.php?rest_route=%2Fwp%2Fv2%2Fcomments&post=9165"}],"version-history":[{"count":3,"href":"https:\/\/www.skmisia.ch\/index.php?rest_route=\/wp\/v2\/posts\/9165\/revisions"}],"predecessor-version":[{"id":9171,"href":"https:\/\/www.skmisia.ch\/index.php?rest_route=\/wp\/v2\/posts\/9165\/revisions\/9171"}],"wp:featuredmedia":[{"embeddable":true,"href":"https:\/\/www.skmisia.ch\/index.php?rest_route=\/wp\/v2\/media\/9169"}],"wp:attachment":[{"href":"https:\/\/www.skmisia.ch\/index.php?rest_route=%2Fwp%2Fv2%2Fmedia&parent=9165"}],"wp:term":[{"taxonomy":"category","embeddable":true,"href":"https:\/\/www.skmisia.ch\/index.php?rest_route=%2Fwp%2Fv2%2Fcategories&post=9165"},{"taxonomy":"post_tag","embeddable":true,"href":"https:\/\/www.skmisia.ch\/index.php?rest_route=%2Fwp%2Fv2%2Ftags&post=9165"}],"curies":[{"name":"wp","href":"https:\/\/api.w.org\/{rel}","templated":true}]}}