{"id":9081,"date":"2018-11-26T17:35:29","date_gmt":"2018-11-26T16:35:29","guid":{"rendered":"https:\/\/www.skmisia.ch\/?p=9081"},"modified":"2019-04-08T21:08:45","modified_gmt":"2019-04-08T20:08:45","slug":"den-vdakyvzdania-na-talianskej-misii-120-rokov-pritomnosti-vo-svajciarsku","status":"publish","type":"post","link":"https:\/\/www.skmisia.ch\/?p=9081","title":{"rendered":"De\u0148 v\u010fakyvzdania na Talianskej misii &#8211; 120 rokov pr\u00edtomnosti vo \u0160vaj\u010diarsku"},"content":{"rendered":"<div class=\"gE iv gt\"><span style=\"color: #333333;\">Direktor salezi\u00e1nskej komunity don Cosimo Semeraro spolu s Talianskou misiou dona Bosca poz\u00fdvaj\u00fa v\u0161etk\u00fdch veriacich a mlad\u00fdch Slovenskej i \u010ceskej katol\u00edckej misie na spomienkov\u00fa oslavu 120. v\u00fdro\u010dia pr\u00edtomnosti salezi\u00e1nov tu vo \u0160vaj\u010diarsku, v Z\u00fcrichu.<\/span><\/div>\n<div class=\"\">\n<div id=\":s1l\" class=\"ii gt\">\n<div id=\":s1m\" class=\"a3s aXjCH \" tabindex=\"-1\">\n<div dir=\"ltr\">\n<div><span style=\"color: #333333;\">Spomienka sa uskuto\u010dn\u00ed 5. decembra 2018. Za\u010dne spolo\u010dnou viacjazy\u010dnou sv. om\u0161ou o 19:00, ktor\u00fa s\u00fa slovensk\u00ed mlad\u00ed pozvan\u00ed animova\u0165 hudobn\u00fdm doprovodom a spevmi. N\u00e1sledne po sv. om\u0161i sa presunieme do divadelnej s\u00e1ly, kde bude kult\u00farna vsuvka ku tejto udalosti. Na z\u00e1ver talianska misia pon\u00fakne talianske dobroty ako ob\u010derstvenie pre pr\u00edtomn\u00fdch. Slovensk\u00ed veriaci s\u00fa pozvan\u00ed prispie\u0165 ku pohosteniu chutn\u00fdmi \u0161tr\u00fad\u013eami \u010di tradi\u010dn\u00fdmi sladk\u00fdmi dobrotami.<\/span><\/div>\n<div><span style=\"color: #333333;\">V\u0161etci sme teda srde\u010dne pozvan\u00ed a ver\u00edm, \u017ee\u00a0 sa z\u00eddeme v hojnom po\u010dte.<\/span><\/div>\n<div><a href=\"https:\/\/www.skmisia.ch\/wp-content\/uploads\/2018\/11\/INVITO120\u00b0.jpeg\"><img decoding=\"async\" loading=\"lazy\" class=\"aligncenter size-full wp-image-9082\" src=\"https:\/\/www.skmisia.ch\/wp-content\/uploads\/2018\/11\/INVITO120\u00b0.jpeg\" alt=\"\" width=\"1243\" height=\"960\" srcset=\"https:\/\/www.skmisia.ch\/wp-content\/uploads\/2018\/11\/INVITO120\u00b0.jpeg 1243w, https:\/\/www.skmisia.ch\/wp-content\/uploads\/2018\/11\/INVITO120\u00b0-300x232.jpeg 300w, https:\/\/www.skmisia.ch\/wp-content\/uploads\/2018\/11\/INVITO120\u00b0-768x593.jpeg 768w, https:\/\/www.skmisia.ch\/wp-content\/uploads\/2018\/11\/INVITO120\u00b0-1024x791.jpeg 1024w\" sizes=\"(max-width: 1243px) 100vw, 1243px\" \/><\/a><\/div>\n<\/div>\n<\/div>\n<\/div>\n<\/div>\n","protected":false},"excerpt":{"rendered":"<p>Direktor salezi\u00e1nskej komunity don Cosimo Semeraro spolu s Talianskou misiou dona Bosca poz\u00fdvaj\u00fa v\u0161etk\u00fdch veriacich a mlad\u00fdch Slovenskej i \u010ceskej katol\u00edckej misie na spomienkov\u00fa oslavu 120. v\u00fdro\u010dia pr\u00edtomnosti salezi\u00e1nov tu vo \u0160vaj\u010diarsku, v Z\u00fcrichu.&#46;&#46;&#46;<\/p>\n","protected":false},"author":3,"featured_media":9082,"comment_status":"open","ping_status":"closed","sticky":false,"template":"","format":"standard","meta":{"ngg_post_thumbnail":0},"categories":[24,1],"tags":[],"_links":{"self":[{"href":"https:\/\/www.skmisia.ch\/index.php?rest_route=\/wp\/v2\/posts\/9081"}],"collection":[{"href":"https:\/\/www.skmisia.ch\/index.php?rest_route=\/wp\/v2\/posts"}],"about":[{"href":"https:\/\/www.skmisia.ch\/index.php?rest_route=\/wp\/v2\/types\/post"}],"author":[{"embeddable":true,"href":"https:\/\/www.skmisia.ch\/index.php?rest_route=\/wp\/v2\/users\/3"}],"replies":[{"embeddable":true,"href":"https:\/\/www.skmisia.ch\/index.php?rest_route=%2Fwp%2Fv2%2Fcomments&post=9081"}],"version-history":[{"count":1,"href":"https:\/\/www.skmisia.ch\/index.php?rest_route=\/wp\/v2\/posts\/9081\/revisions"}],"predecessor-version":[{"id":9083,"href":"https:\/\/www.skmisia.ch\/index.php?rest_route=\/wp\/v2\/posts\/9081\/revisions\/9083"}],"wp:featuredmedia":[{"embeddable":true,"href":"https:\/\/www.skmisia.ch\/index.php?rest_route=\/wp\/v2\/media\/9082"}],"wp:attachment":[{"href":"https:\/\/www.skmisia.ch\/index.php?rest_route=%2Fwp%2Fv2%2Fmedia&parent=9081"}],"wp:term":[{"taxonomy":"category","embeddable":true,"href":"https:\/\/www.skmisia.ch\/index.php?rest_route=%2Fwp%2Fv2%2Fcategories&post=9081"},{"taxonomy":"post_tag","embeddable":true,"href":"https:\/\/www.skmisia.ch\/index.php?rest_route=%2Fwp%2Fv2%2Ftags&post=9081"}],"curies":[{"name":"wp","href":"https:\/\/api.w.org\/{rel}","templated":true}]}}