{"id":9058,"date":"2018-11-17T11:02:35","date_gmt":"2018-11-17T10:02:35","guid":{"rendered":"https:\/\/www.skmisia.ch\/?p=9058"},"modified":"2019-04-08T21:08:45","modified_gmt":"2019-04-08T20:08:45","slug":"prid-na-piatkove-stretko-23-11-o-1900","status":"publish","type":"post","link":"https:\/\/www.skmisia.ch\/?p=9058","title":{"rendered":"Pr\u00ed\u010f na piatkov\u00e9 stretko 23.11. o 19:00"},"content":{"rendered":"<p><span style=\"color: #333333;\">Ahojte priatelia,<\/span><\/p>\n<div><\/div>\n<div><span style=\"color: #333333;\">bl\u00ed\u017ei sa term\u00edn n\u00e1\u0161ho dlhoo\u010dak\u00e1van\u00e9ho piatkov\u00e9ho stretka na Slovenskej misii &#8211; pri kostole dona Bosca. Ako v\u017edy sa stretneme o 19.00 pred budovou kostola na parkovisku vo dvore.<\/span><\/div>\n<div><span style=\"color: #333333;\">T\u00e9ma stretka je &#8222;<strong>Ke\u010f sa zd\u00e1, \u017ee Boh sp\u00ed<\/strong>&#8230;&#8220;.<\/span><\/div>\n<div><span style=\"color: #333333;\">Zamysl\u00edme sa, \u010di c\u00edtime Bo\u017eiu pr\u00edtomnos\u0165 v ka\u017edodennom \u017eivote i v \u010dase, ke\u010f sa zd\u00e1, \u017ee sa \u017eivot vyv\u00edja v n\u00e1\u0161 neprospech.\u00a0<\/span><\/div>\n<div><\/div>\n<div><span style=\"color: #333333;\">Te\u0161\u00edme sa na ka\u017ed\u00e9ho z v\u00e1s i va\u0161e pr\u00edpadn\u00e9 postrehy \u010di chutn\u00e9 pr\u00edspevky :-)))<\/span><\/div>\n<div><\/div>\n<div><a href=\"https:\/\/www.skmisia.ch\/wp-content\/uploads\/2018\/11\/palacinky.jpg\" target=\"_blank\" rel=\"noopener noreferrer\"><img decoding=\"async\" loading=\"lazy\" class=\"aligncenter wp-image-9060\" src=\"https:\/\/www.skmisia.ch\/wp-content\/uploads\/2018\/11\/palacinky.jpg\" alt=\"\" width=\"320\" height=\"213\" srcset=\"https:\/\/www.skmisia.ch\/wp-content\/uploads\/2018\/11\/palacinky.jpg 640w, https:\/\/www.skmisia.ch\/wp-content\/uploads\/2018\/11\/palacinky-300x200.jpg 300w\" sizes=\"(max-width: 320px) 100vw, 320px\" \/><\/a><\/div>\n","protected":false},"excerpt":{"rendered":"<p>Ahojte priatelia, bl\u00ed\u017ei sa term\u00edn n\u00e1\u0161ho dlhoo\u010dak\u00e1van\u00e9ho piatkov\u00e9ho stretka na Slovenskej misii &#8211; pri kostole dona Bosca. Ako v\u017edy sa stretneme o 19.00 pred budovou kostola na parkovisku vo dvore. T\u00e9ma stretka je &#8222;Ke\u010f&#46;&#46;&#46;<\/p>\n","protected":false},"author":3,"featured_media":9059,"comment_status":"open","ping_status":"closed","sticky":false,"template":"","format":"standard","meta":{"ngg_post_thumbnail":0},"categories":[24,1],"tags":[],"_links":{"self":[{"href":"https:\/\/www.skmisia.ch\/index.php?rest_route=\/wp\/v2\/posts\/9058"}],"collection":[{"href":"https:\/\/www.skmisia.ch\/index.php?rest_route=\/wp\/v2\/posts"}],"about":[{"href":"https:\/\/www.skmisia.ch\/index.php?rest_route=\/wp\/v2\/types\/post"}],"author":[{"embeddable":true,"href":"https:\/\/www.skmisia.ch\/index.php?rest_route=\/wp\/v2\/users\/3"}],"replies":[{"embeddable":true,"href":"https:\/\/www.skmisia.ch\/index.php?rest_route=%2Fwp%2Fv2%2Fcomments&post=9058"}],"version-history":[{"count":2,"href":"https:\/\/www.skmisia.ch\/index.php?rest_route=\/wp\/v2\/posts\/9058\/revisions"}],"predecessor-version":[{"id":9062,"href":"https:\/\/www.skmisia.ch\/index.php?rest_route=\/wp\/v2\/posts\/9058\/revisions\/9062"}],"wp:featuredmedia":[{"embeddable":true,"href":"https:\/\/www.skmisia.ch\/index.php?rest_route=\/wp\/v2\/media\/9059"}],"wp:attachment":[{"href":"https:\/\/www.skmisia.ch\/index.php?rest_route=%2Fwp%2Fv2%2Fmedia&parent=9058"}],"wp:term":[{"taxonomy":"category","embeddable":true,"href":"https:\/\/www.skmisia.ch\/index.php?rest_route=%2Fwp%2Fv2%2Fcategories&post=9058"},{"taxonomy":"post_tag","embeddable":true,"href":"https:\/\/www.skmisia.ch\/index.php?rest_route=%2Fwp%2Fv2%2Ftags&post=9058"}],"curies":[{"name":"wp","href":"https:\/\/api.w.org\/{rel}","templated":true}]}}