{"id":9055,"date":"2018-11-25T15:00:21","date_gmt":"2018-11-25T14:00:21","guid":{"rendered":"https:\/\/www.skmisia.ch\/?p=9055"},"modified":"2019-04-08T21:08:45","modified_gmt":"2019-04-08T20:08:45","slug":"oznamy-na-32-nedelu-v-obdobi-cez-rok-11-11-2018","status":"publish","type":"post","link":"https:\/\/www.skmisia.ch\/?p=9055","title":{"rendered":"Oznamy na 34. nede\u013eu v obdob\u00ed cez rok (25.11. 2018)"},"content":{"rendered":"<p style=\"text-align: center;\"><span style=\"color: #333333;\"><strong>SLOVENSK<\/strong><strong>\u00c1 KATOL\u00cdCKA MISIA, BRAUERSTRA<\/strong><strong>SSE<\/strong><strong>\u00a0<\/strong><strong>99,<\/strong><\/span><\/p>\n<p style=\"text-align: center;\"><span style=\"color: #333333;\"><strong>8004 Z\u00dcRICH; T\/F: 0041 44 241 50 22<\/strong><\/span><\/p>\n<p><span style=\"color: #333333;\">Oznamy na 34. nede\u013eu v obdob\u00ed cez rok.<\/span><\/p>\n<p>&nbsp;<\/p>\n<p><span style=\"color: #333333;\">Liturgick\u00fd kalend\u00e1r:<\/span><\/p>\n<p><span style=\"color: #333333;\">V piatok je sviatok sv. Ondreja, apo\u0161tola.<\/span><\/p>\n<p><span style=\"color: #333333;\">V sobotu je \u013eubovo\u013en\u00e1 spomienka Panny M\u00e1rie v sobotu.<\/span><\/p>\n<p><span style=\"color: #333333;\">Bud\u00faca nede\u013ea je 1. Adventn\u00e1 nede\u013ea- za\u010diatok nov\u00e9ho cirkevn\u00e9ho roka \u201cC\u201d.<\/span><\/p>\n<p>&nbsp;<\/p>\n<p><span style=\"color: #333333;\">Dnes po sv. om\u0161i:<\/span><\/p>\n<ul>\n<li><span style=\"color: #333333;\">K\u00e1va v pastora\u010dnom centre<\/span><\/li>\n<li><span style=\"color: #333333;\">Katech\u00e9za prvoprij\u00edmaj\u00facich det\u00ed v Raum B<\/span><\/li>\n<li><span style=\"color: #333333;\">Deti, ktor\u00e9 rodi\u010dia e\u0161te nenahl\u00e1sili na stretnutie so sv. Mikul\u00e1\u0161om maj\u00fa dnes posledn\u00fa mo\u017enos\u0165 nahl\u00e1si\u0165. Prihl\u00e1\u0161ky pre deti s\u00fa pri modlitebn\u00fdch kni\u017ek\u00e1ch<\/span><\/li>\n<li><span style=\"color: #333333;\">V\u00a0Raum C o 11:00 bude kr\u00e1tke stretnutie misijnej rady.<\/span><\/li>\n<\/ul>\n<p>&nbsp;<\/p>\n<p><span style=\"color: #333333;\">V stredu bude sv. om\u0161a o 20:00 v kostole sv. J\u00e1na Bosca na Talianskej misii. Stretnutie spevokolu je \u00bd hodimu pred sv. om\u0161ou. Osobitne bude d\u00f4le\u017eit\u00e9 dobre nacvi\u010di\u0165 piesne na 5.12. o 19:00. Ku tejto pr\u00edle\u017eitosti pros\u00edme napiec\u0165 nejak\u00e9 dobr\u00e9 slovensk\u00e9 \u0161trudle.<\/span><\/p>\n<p><span style=\"color: #333333;\">V\u00a0sobotu je prv\u00e1 sobota v\u00a0mesiaci (1.12.). Poz\u00fdvame v\u0161etk\u00fdch ctite\u013eov Panny M\u00e1rie na Mari\u00e1nske ve\u010deradlo na Taliansku misiu. Za\u010dne o 10:00 kostole dona Bosca.<\/span><\/p>\n<p>&nbsp;<\/p>\n<p><span style=\"color: #333333;\">Ostatn\u00e9 oznamy:<\/span><\/p>\n<p><span style=\"color: #333333;\">Vo \u0161tvrtok bude \u0161portov\u00fd kr\u00fa\u017eok o\u00a019:30.<\/span><\/p>\n<p><span style=\"color: #333333;\">1. decembra 2018 (Sobota) o 20:00 sa v Liebfraen Kirche uskuto\u010dn\u00ed barokov\u00fd koncert. Interpretovan\u00e1 bude \u201eVIANO\u010cN\u00c1 OM\u0160A\u201c od skladate\u013ea Marc Antoin Charpentier. Vyst\u00fapi i Choralschola \u2013 Liebfrauen. V\u00fd\u0165a\u017eok z podujatia p\u00f4jde na dobro\u010dinn\u00e9 \u00fa\u010dely. Bli\u017e\u0161ie info na v \u010dasopise F\u00f3rum alebo na v\u00fdveske kostola Liebfrauen.<\/span><\/p>\n<p><span style=\"color: #333333;\">Srde\u010dne V\u00e1s poz\u00fdvame na \u201ePredviano\u010dn\u00fa kapustnica\u201c, ktor\u00e1 sa bude pod\u00e1va\u0165 v nede\u013eu 16.12. 2018 po sv. om\u0161i. Z\u00e1ujemcovia o kapustnicu nech sa nahl\u00e1sia u\u00a0p. Heleny Sedl\u00e1\u010dkovej na k\u00e1ve.<\/span><\/p>\n<p><span style=\"color: #333333;\">O\u00a03 t\u00fd\u017edne n\u00e1s \u010dak\u00e1 Adventn\u00e1 duchovn\u00e1 obnova, v d\u0148och 14.-16. 2018. Pri modlitebn\u00fdch kni\u017ek\u00e1ch n\u00e1jdete program. Kazate\u013e je dp. Anton Pari\u013e\u00e1k. T\u00e9mou duchovnej obnovy bude <strong>Viera a vernos\u0165 \u2013 piliere rodiny a spolo\u010denstva<\/strong>. Prilo\u017eme duchovnej obnove patri\u010dn\u00fd d\u00f4raz a zjedno\u0165me sa v spolo\u010dnej modlitbe. V piatok 14.6. budeme spoveda\u0165 3 k\u0148azi.<\/span><\/p>\n<p><span style=\"color: #333333;\">Pri modlitebn\u00fdch kni\u017ek\u00e1ch n\u00e1jdete dar\u010dek k\u00a0Mikul\u00e1\u0161ovi \u2013 kni\u017eku Ka\u017ed\u00fd de\u0148 s\u00a0Bo\u017e\u00edm slovom, len za 5,- CHF<\/span><\/p>\n<p><span style=\"color: #333333;\">Bud\u00facu nede\u013eu bude zbierka na katol\u00edcku univerzitu vo Frieburgu. S men\u0161ou skupinou na\u0161ich veriacich sa budeme na bud\u00faci t\u00fd\u017ede\u0148 za v\u00e1s modli\u0165 v Lurdoch. Zast\u00fapi ma p\u00e1ter Johannes z Winterthuru.<\/span><\/p>\n<p>&nbsp;<\/p>\n<p>&nbsp;<\/p>\n","protected":false},"excerpt":{"rendered":"<p>SLOVENSK\u00c1 KATOL\u00cdCKA MISIA, BRAUERSTRASSE\u00a099, 8004 Z\u00dcRICH; T\/F: 0041 44 241 50 22 Oznamy na 34. nede\u013eu v obdob\u00ed cez rok. &nbsp; Liturgick\u00fd kalend\u00e1r: V piatok je sviatok sv. Ondreja, apo\u0161tola. V sobotu je \u013eubovo\u013en\u00e1&#46;&#46;&#46;<\/p>\n","protected":false},"author":3,"featured_media":9076,"comment_status":"open","ping_status":"closed","sticky":false,"template":"","format":"standard","meta":{"ngg_post_thumbnail":0},"categories":[24,1],"tags":[],"_links":{"self":[{"href":"https:\/\/www.skmisia.ch\/index.php?rest_route=\/wp\/v2\/posts\/9055"}],"collection":[{"href":"https:\/\/www.skmisia.ch\/index.php?rest_route=\/wp\/v2\/posts"}],"about":[{"href":"https:\/\/www.skmisia.ch\/index.php?rest_route=\/wp\/v2\/types\/post"}],"author":[{"embeddable":true,"href":"https:\/\/www.skmisia.ch\/index.php?rest_route=\/wp\/v2\/users\/3"}],"replies":[{"embeddable":true,"href":"https:\/\/www.skmisia.ch\/index.php?rest_route=%2Fwp%2Fv2%2Fcomments&post=9055"}],"version-history":[{"count":3,"href":"https:\/\/www.skmisia.ch\/index.php?rest_route=\/wp\/v2\/posts\/9055\/revisions"}],"predecessor-version":[{"id":9077,"href":"https:\/\/www.skmisia.ch\/index.php?rest_route=\/wp\/v2\/posts\/9055\/revisions\/9077"}],"wp:featuredmedia":[{"embeddable":true,"href":"https:\/\/www.skmisia.ch\/index.php?rest_route=\/wp\/v2\/media\/9076"}],"wp:attachment":[{"href":"https:\/\/www.skmisia.ch\/index.php?rest_route=%2Fwp%2Fv2%2Fmedia&parent=9055"}],"wp:term":[{"taxonomy":"category","embeddable":true,"href":"https:\/\/www.skmisia.ch\/index.php?rest_route=%2Fwp%2Fv2%2Fcategories&post=9055"},{"taxonomy":"post_tag","embeddable":true,"href":"https:\/\/www.skmisia.ch\/index.php?rest_route=%2Fwp%2Fv2%2Ftags&post=9055"}],"curies":[{"name":"wp","href":"https:\/\/api.w.org\/{rel}","templated":true}]}}