{"id":9044,"date":"2019-01-05T20:15:30","date_gmt":"2019-01-05T19:15:30","guid":{"rendered":"https:\/\/www.skmisia.ch\/?p=9044"},"modified":"2019-04-08T21:08:45","modified_gmt":"2019-04-08T20:08:45","slug":"oznamy-na-31-nedelu-v-obdobi-cez-rok","status":"publish","type":"post","link":"https:\/\/www.skmisia.ch\/?p=9044","title":{"rendered":"Oznamy na 2. nede\u013eu po Naroden\u00ed P\u00e1na (6.1. 2019-Zjavenie P\u00e1na)"},"content":{"rendered":"<p style=\"text-align: center;\"><span style=\"color: #333333;\"><strong>SLOVENSK<\/strong><strong>\u00c1 KATOL\u00cdCKA MISIA, BRAUERSTRA<\/strong><strong>SSE<\/strong><strong>\u00a0<\/strong><strong>99,<\/strong><\/span><\/p>\n<p style=\"text-align: center;\"><span style=\"color: #333333;\"><strong>8004 Z\u00dcRICH; T\/F: 0041 44 241 50 22<\/strong><\/span><\/p>\n<p>&nbsp;<\/p>\n<p><span style=\"color: #333333;\">Oznamy na 2. Nede\u013eu po Naroden\u00ed P\u00e1na.<\/span><\/p>\n<p>&nbsp;<\/p>\n<p><span style=\"color: #333333;\">Liturgick\u00fd kalend\u00e1r:<\/span><\/p>\n<p>&nbsp;<\/p>\n<p><span style=\"color: #333333;\">V pondelok je \u013eubovo\u013en\u00e1 spomienka sv. Rajmunda z Pe\u0148afortu, k\u0148aza.<\/span><\/p>\n<p><span style=\"color: #333333;\">Bud\u00faca nede\u013ea je 3. Nede\u013ea po naroden\u00ed P\u00e1na- Krst Krista P\u00e1na a z\u00e1ver Viano\u010dn\u00e9ho obdobia.<\/span><\/p>\n<p><span style=\"color: #333333;\">Na bud\u00facu <strong>nede\u013eu bud\u00fa 2 sv. om\u0161e<\/strong>, pravideln\u00e1 o <strong>9:30<\/strong> a detsk\u00e1 sv. om\u0161a o <strong>11:30<\/strong>.<\/span><\/p>\n<p>&nbsp;<\/p>\n<p><span style=\"color: #333333;\">Program sv. om\u0161\u00ed po\u010das t\u00fd\u017ed\u0148a:<\/span><\/p>\n<p>&nbsp;<\/p>\n<p>&nbsp;<\/p>\n<p><span style=\"color: #333333;\">V stredu bude sv. om\u0161a o 20:00 v kostole sv. J\u00e1na Bosca na Talianskej misii. N\u00e1cvik spevu je \u00bd hodimu pred sv. om\u0161ou. Pri tejto pr\u00edle\u017eitosti chcem po\u010fakova\u0165 za pomoc a hudobn\u00e9 doprovody po\u010das viano\u010dn\u00fdch sviatkov.<\/span><\/p>\n<p>&nbsp;<\/p>\n<p><span style=\"color: #333333;\">\u010eal\u0161ie oznamy:<\/span><\/p>\n<p>&nbsp;<\/p>\n<ol>\n<li><span style=\"color: #333333;\">Vo \u0161tvrtok nebude futbalov\u00fd kr\u00fa\u017eok.<\/span><\/li>\n<\/ol>\n<p>&nbsp;<\/p>\n<ol start=\"2\">\n<li><span style=\"color: #333333;\">Pri v\u00fdchode z kostola si e\u0161te m\u00f4\u017eete vzia\u0165 ob\u00e1lky s Trojkr\u00e1\u013eovsk\u00fdm po\u017eehnan\u00edm domu. Nech V\u00e1m posl\u00fa\u017eia pri posv\u00e4covan\u00ed va\u0161\u00edch pr\u00edbytkov, aby sa stali miestom oslavy Boha. V pr\u00edpade z\u00e1ujmu m\u00f4\u017eete poprosi\u0165 i o posv\u00e4tenie pr\u00edbytku k\u0148azom a nahl\u00e1si\u0165 sa na SKM.<\/span><\/li>\n<\/ol>\n<p style=\"text-align: center;\">*<\/p>\n<p style=\"text-align: center;\"><span style=\"color: #808080;\"><strong>SLOVENSK<\/strong><strong>\u00c1 KATOL\u00cdCKA MISIA, BRAUERSTRA<\/strong><strong>SSE<\/strong><strong>\u00a0<\/strong><strong>99;<\/strong><\/span><\/p>\n<p style=\"text-align: center;\"><span style=\"color: #808080;\"><strong>8004 Z\u00dcRICH, T\/F: 0041 44 241 50 22<\/strong><\/span><\/p>\n<p>&nbsp;<\/p>\n<p><span style=\"color: #808080;\">Oznamy na 1. Nede\u013eu po Naroden\u00ed P\u00e1na.<\/span><\/p>\n<p>&nbsp;<\/p>\n<p><span style=\"color: #808080;\">Liturgick\u00fd kalend\u00e1r:<\/span><\/p>\n<p><span style=\"color: #808080;\">V pondelok je spomienka sv. p\u00e1pe\u017ea Silvestra I.<\/span><\/p>\n<p><span style=\"color: #808080;\">V utorok je sl\u00e1vnos\u0165 Bohorodi\u010dky Panny M\u00e1rie \u2013 Nov\u00fd Rok, prik\u00e1zan\u00fd sviatok.<\/span><\/p>\n<p><span style=\"color: #808080;\">V stredu je spomienka sv. Bazila Ve\u013ek\u00e9ho a Gregora Nazi\u00e1nskeho, biskupov a u\u010dite\u013eov Cirkvi.<\/span><\/p>\n<p><span style=\"color: #808080;\">Vo \u0161tvrtok je \u013eubovo\u013en\u00e1 spomienka Najsv\u00e4tej\u0161ieho mena Je\u017ei\u0161.<\/span><\/p>\n<p><span style=\"color: #808080;\">Vo piatok je prv\u00fd piatok v mesiaci.<\/span><\/p>\n<p><span style=\"color: #808080;\">V sobotu je prv\u00e1 sobota v mesiaci.<\/span><\/p>\n<p><span style=\"color: #808080;\">Bud\u00faca nede\u013ea je 2. Nede\u013ea vo viano\u010dnom obdob\u00ed- sl\u00e1vnos\u0165 Zjavenie P\u00e1na- Traja kr\u00e1li..<\/span><\/p>\n<p>&nbsp;<\/p>\n<p><span style=\"color: #808080;\">Program sv. om\u0161\u00ed po\u010das t\u00fd\u017ed\u0148a:<\/span><\/p>\n<p>&nbsp;<\/p>\n<p><span style=\"color: #808080;\"><strong>V pondelok o 19:00<\/strong> sv. om\u0161a <strong>s \u010fakovnou pobo\u017enos\u0165ou na konci roka <\/strong>v Krypte- Liebfrauen. Kto sa z\u00fa\u010dastn\u00ed pri verejnej \u010fakovnej pobo\u017enosti na speve hymnu <em>Teba, Bo\u017ee, chv\u00e1lime<\/em>, m\u00f4\u017ee z\u00edska\u0165 za obvykl\u00fdch podmienok \u00fapln\u00e9 odpustky.<\/span><\/p>\n<p>&nbsp;<\/p>\n<p><span style=\"color: #808080;\">V\u00a0utorok<strong> o 9:30 <\/strong>je <strong>zo sl\u00e1vnosti Panny M\u00e1rie Bohorodi\u010dky<\/strong>. Je to za\u010diatok Nov\u00e9ho kalend\u00e1rneho roka. \u00da\u010das\u0165ou na speve Pr\u00ed\u010f, <em>Duchu sv\u00e4t\u00fd tvoriv\u00fd\u00a0 <\/em>mo\u017eno tie\u017e z\u00edska\u0165 \u00fapln\u00e9 odpustky.<\/span><\/p>\n<p>&nbsp;<\/p>\n<p><span style=\"color: #808080;\">V piatok je <strong>prv\u00fd piatok<\/strong> v\u00a0mesiaci janu\u00e1r. <strong>Od 18:45<\/strong> bude Ador\u00e1cia + sv. spovede. Sv. om\u0161a za\u010dne v\u00a0Krypte Liebfrauen o\u00a019:30.<\/span><\/p>\n<p>&nbsp;<\/p>\n<p><span style=\"color: #808080;\">V\u00a0sobotu je prv\u00e1 sobota v\u00a0mesiaci (5.1.). Poz\u00fdvame v\u0161etk\u00fdch ctite\u013eov Panny M\u00e1rie na Mari\u00e1nske ve\u010deradlo na Taliansku misii. Za\u010dne <strong>o 10:00 kostole dona Bosca<\/strong>.<\/span><\/p>\n<p>&nbsp;<\/p>\n<p><span style=\"color: #808080;\">Na bud\u00facu <strong>nede\u013eu<\/strong> je sl\u00e1vnos\u0165 Zjavenia P\u00e1na- 3 Kr\u00e1li. Pod\u013ea trad\u00edcie posv\u00e4t\u00edm i trojkr\u00e1\u013eovsk\u00fa vodu. V pr\u00edpade z\u00e1ujmu si prineste f\u013ea\u0161ti\u010dky na sv\u00e4ten\u00fa vodu. Nech V\u00e1m trojkr\u00e1\u013eovsk\u00e1 voda posl\u00fa\u017ei pri posv\u00e4covan\u00ed va\u0161\u00edch pr\u00edbytkov, aby sa stali miestom oslavy Boha.<\/span><\/p>\n<p><span style=\"color: #808080;\">6.1. b\u00fdva trojkr\u00e1\u013eovsk\u00e1 zbierka na obnovu miestnych kl\u00e1\u0161torov a kaplniek \u2013 Inl\u00e4dische mission.<\/span><\/p>\n<p>&nbsp;<\/p>\n<p>&nbsp;<\/p>\n<p><span style=\"color: #808080;\">\u010eal\u0161ie oznamy:<\/span><\/p>\n<ol>\n<li><span style=\"color: #808080;\">K\u00e1va, ani kr\u00fa\u017eky po\u010das pr\u00e1zdnin nie s\u00fa.<\/span><\/li>\n<li><span style=\"color: #808080;\">Srde\u010dn\u00e1 v\u010faka za milodary na Kliniku &#8211; KinderhilfeBethlehem. Pri viano\u010dn\u00fdch om\u0161iach sa vyzbieralo 1090 CHF a 48,20 \u20ac. Spolu sme zaslali sumu 1145,50 CHf.<\/span><\/li>\n<\/ol>\n<p style=\"text-align: center;\"><span style=\"color: #808080;\">*<\/span><\/p>\n<p style=\"text-align: center;\"><span style=\"color: #808080;\"><strong>SLOVENSK<\/strong><strong>\u00c1 KATOL\u00cdCKA MISIA, BRAUERSTRA<\/strong><strong>SSE<\/strong><strong>\u00a0<\/strong><strong>99,<\/strong><\/span><\/p>\n<p style=\"text-align: center;\"><span style=\"color: #808080;\"><strong>8004 Z\u00dcRICH; T\/F: 0041 44 241 50 22<\/strong><\/span><\/p>\n<p><span style=\"color: #808080;\">Oznamy na 4. Adventn\u00fa nede\u013eu.<\/span><\/p>\n<p>&nbsp;<\/p>\n<p><span style=\"color: #808080;\">Liturgick\u00fd kalend\u00e1r:<\/span><\/p>\n<p>&nbsp;<\/p>\n<p><span style=\"color: #808080;\">V utorok je sl\u00e1vnos\u0165 Narodenia P\u00e1na, prik\u00e1zan\u00fd sviatok. Po Ve\u013ekej Noci s\u00fa Vianoce najstar\u0161\u00edm kres\u0165ansk\u00fdm sviatkom a sl\u00e1via sa tzv. Viano\u010dnou okt\u00e1vou. To znamen\u00e1 8 dn\u00ed si pripom\u00edname v liturgii t\u00fato udalos\u0165 a recitujeme sl\u00e1vnostn\u00e9 \u201cGl\u00f3ria\u201d. Prv\u00fdmi Ve\u0161perami za\u010d\u00edna Viano\u010dn\u00e9 liturgick\u00e9 obdobie.<\/span><\/p>\n<p><span style=\"color: #808080;\">V stredu je sviatok sv. \u0160tefana, prv\u00e9ho mu\u010den\u00edka.<\/span><\/p>\n<p><span style=\"color: #808080;\">Bud\u00faca nede\u013ea je 1. Nede\u013ea po naroden\u00ed P\u00e1na- Sviatok Sv\u00e4tej rodiny.<\/span><\/p>\n<p>&nbsp;<\/p>\n<p><span style=\"color: #808080;\">Program sv. om\u0161\u00ed po\u010das t\u00fd\u017ed\u0148a:<\/span><\/p>\n<p>&nbsp;<\/p>\n<p><span style=\"color: #808080;\"><strong>&#8211; V podelok na \u0161tedr\u00fd de\u0148 s\u00fa sv. om\u0161e om\u0161e:<\/strong><\/span><\/p>\n<p><span style=\"color: #808080;\"><strong>1.) o 16:00 Vig\u00edlna sv. om\u0161a pre rodiny z Narodenia P\u00e1na <\/strong>v hornom kostole Liebfrauen.<\/span><\/p>\n<p><span style=\"color: #808080;\"><strong>2.) o 22:00 Polno\u010dn\u00e1 sv. om\u0161a <\/strong>v Krypte kostola Liebfrauen. (Nie ako je vo F\u00f3re)<\/span><\/p>\n<p>&nbsp;<\/p>\n<p><span style=\"color: #808080;\"><strong>&#8211; V utorok je sv. om\u0161a o 9:30 zo sl\u00e1vnosti Narodenia P\u00e1na.<\/strong><\/span><\/p>\n<p><span style=\"color: #808080;\"><strong>&#8211; Vo stredu je sv. om\u0161a o 9:30 sv. om\u0161a na sviatok sv. \u0160tefana, prvomu\u010den\u00edka. <\/strong>Stredu ve\u010der sv. om\u0161a nie je.<\/span><\/p>\n<p><span style=\"color: #808080;\"><strong>&#8211; V nede\u013eu je sv. om\u0161a o 9:30, zo sviatku Sv\u00e4tej rodiny. Pri tejto sv. om\u0161i si man\u017eelia obnovia man\u017eelsk\u00e9 s\u013euby.<\/strong><\/span><\/p>\n<p>&nbsp;<\/p>\n<p><span style=\"color: #808080;\">\u010eal\u0161ie oznamy:<\/span><\/p>\n<p>&nbsp;<\/p>\n<ol>\n<li><span style=\"color: #808080;\">Srde\u010dn\u00e1 v\u010faka za predviano\u010dn\u00e9 spestrenie po minulot\u00fd\u017ed\u0148ovej sv. om\u0161i za spev i obetavos\u0165 pri kapustnici. Nech P\u00e1n odmen\u00ed v\u0161etk\u00fdch z\u00fa\u010dastnen\u00fdch hojn\u00fdm po\u017eehnan\u00edm.<\/span><\/li>\n<\/ol>\n<p>&nbsp;<\/p>\n<ol start=\"2\">\n<li><span style=\"color: #808080;\">Vo \u0161tvrtok nebude \u0161portov\u00fd kr\u00fa\u017eok.<\/span><\/li>\n<\/ol>\n<p>&nbsp;<\/p>\n<ol start=\"3\">\n<li><span style=\"color: #808080;\">Srde\u010dn\u00e1 v\u010faka v\u0161etk\u00fdm, ktor\u00fd sa obetovali a zapojili do zdarn\u00e9ho priebehu duchovnej obnovy. Pri minulot\u00fd\u017ed\u0148ovej om\u0161i sa vyzbieralo 888 CHF a 40,20 \u20ac. Na cestu a \u010fa\u013e\u0161iu slu\u017ebu sme prispeli o. Antonovi a komunite J\u00e1na Krstite\u013ea sumou 1000 CHf.<\/span><\/li>\n<\/ol>\n<p>&nbsp;<\/p>\n<ol start=\"4\">\n<li><span style=\"color: #808080;\">Pri modlitebn\u00fdch kni\u017ek\u00e1ch m\u00f4\u017eete n\u00e1 n\u00e1stenke n\u00e1js\u0165 potvrdenia a po\u010fakovania za milodary.<\/span><\/li>\n<\/ol>\n<p>&nbsp;<\/p>\n<ol start=\"5\">\n<li><span style=\"color: #808080;\"><strong>Misijn\u00fd informator<\/strong>&#8211; s viano\u010dn\u00fdm programom sv. om\u0161\u00ed n\u00e1jdete tie\u017e pri modlitebn\u00fdch kn\u00ed\u017ekach. Pros\u00edm, zoberte ho aj va\u0161\u00edm zn\u00e1mym a susedom.<\/span><\/li>\n<\/ol>\n<p>&nbsp;<\/p>\n","protected":false},"excerpt":{"rendered":"<p>SLOVENSK\u00c1 KATOL\u00cdCKA MISIA, BRAUERSTRASSE\u00a099, 8004 Z\u00dcRICH; T\/F: 0041 44 241 50 22 &nbsp; Oznamy na 2. Nede\u013eu po Naroden\u00ed P\u00e1na. &nbsp; Liturgick\u00fd kalend\u00e1r: &nbsp; V pondelok je \u013eubovo\u013en\u00e1 spomienka sv. Rajmunda z Pe\u0148afortu, k\u0148aza.&#46;&#46;&#46;<\/p>\n","protected":false},"author":3,"featured_media":224,"comment_status":"open","ping_status":"closed","sticky":false,"template":"","format":"standard","meta":{"ngg_post_thumbnail":0},"categories":[24,1],"tags":[],"_links":{"self":[{"href":"https:\/\/www.skmisia.ch\/index.php?rest_route=\/wp\/v2\/posts\/9044"}],"collection":[{"href":"https:\/\/www.skmisia.ch\/index.php?rest_route=\/wp\/v2\/posts"}],"about":[{"href":"https:\/\/www.skmisia.ch\/index.php?rest_route=\/wp\/v2\/types\/post"}],"author":[{"embeddable":true,"href":"https:\/\/www.skmisia.ch\/index.php?rest_route=\/wp\/v2\/users\/3"}],"replies":[{"embeddable":true,"href":"https:\/\/www.skmisia.ch\/index.php?rest_route=%2Fwp%2Fv2%2Fcomments&post=9044"}],"version-history":[{"count":16,"href":"https:\/\/www.skmisia.ch\/index.php?rest_route=\/wp\/v2\/posts\/9044\/revisions"}],"predecessor-version":[{"id":9129,"href":"https:\/\/www.skmisia.ch\/index.php?rest_route=\/wp\/v2\/posts\/9044\/revisions\/9129"}],"wp:featuredmedia":[{"embeddable":true,"href":"https:\/\/www.skmisia.ch\/index.php?rest_route=\/wp\/v2\/media\/224"}],"wp:attachment":[{"href":"https:\/\/www.skmisia.ch\/index.php?rest_route=%2Fwp%2Fv2%2Fmedia&parent=9044"}],"wp:term":[{"taxonomy":"category","embeddable":true,"href":"https:\/\/www.skmisia.ch\/index.php?rest_route=%2Fwp%2Fv2%2Fcategories&post=9044"},{"taxonomy":"post_tag","embeddable":true,"href":"https:\/\/www.skmisia.ch\/index.php?rest_route=%2Fwp%2Fv2%2Ftags&post=9044"}],"curies":[{"name":"wp","href":"https:\/\/api.w.org\/{rel}","templated":true}]}}