{"id":8818,"date":"2018-10-03T16:09:23","date_gmt":"2018-10-03T15:09:23","guid":{"rendered":"https:\/\/www.skmisia.ch\/?p=8818"},"modified":"2019-04-08T21:08:45","modified_gmt":"2019-04-08T20:08:45","slug":"svaty-otec-pozyva-v-oktobri-k-modlitbe-za-cirkev-proti-nastraham-diabla","status":"publish","type":"post","link":"https:\/\/www.skmisia.ch\/?p=8818","title":{"rendered":"Sv\u00e4t\u00fd Otec poz\u00fdva v okt\u00f3bri k modlitbe za Cirkev proti n\u00e1strah\u00e1m diabla"},"content":{"rendered":"<p><span style=\"color: #333333;\">Sv\u00e4t\u00fd Otec sa rozhodol pozva\u0165 v\u0161etk\u00fdch veriacich cel\u00e9ho sveta, aby sa modlili Sv\u00e4t\u00fd ru\u017eenec ka\u017ed\u00fd de\u0148\u00a0 po\u010das cel\u00e9ho mari\u00e1nskeho mesiaca okt\u00f3ber a\u00a0aby sa ako Bo\u017e\u00ed \u013eud zjednotili v spolo\u010denstve a\u00a0v kaj\u00facnosti a\u00a0vyprosovali od Sv\u00e4tej Matky Bo\u017eej a\u00a0sv. Michala archanjela ochranu pre Cirkev pred diablom, ktor\u00fd st\u00e1le h\u013ead\u00e1, ako by n\u00e1s oddelil od Boha a\u00a0vz\u00e1jomne rozdelil.<\/span><\/p>\n<p><span style=\"color: #333333;\">V\u00a0uplynul\u00fdch d\u0148och, pred cestou do Pobaltia, sa Sv\u00e4t\u00fd Otec stretol s\u00a0p\u00e1trom Fr\u00e9dericom Fornosom SJ, medzin\u00e1rodn\u00fdm riadite\u013eom Svetovej siete modlitby p\u00e1pe\u017ea (Apo\u0161tol\u00e1t modlitby) a\u00a0po\u017eiadal ho, aby roz\u0161\u00edril v celom svete t\u00fato jeho v\u00fdzvu v\u0161etk\u00fdm veriacim, poz\u00fdvaj\u00fac ich uzatv\u00e1ra\u0165 ru\u017eenec starobyl\u00fdm vz\u00fdvan\u00edm \u201ePod tvoju ochranu\u201c a\u00a0modlitbou k\u00a0sv. Michalovi archanjelovi, ktor\u00fd n\u00e1s ochra\u0148uje a\u00a0pom\u00e1ha n\u00e1m v\u00a0boji proti zlu (porov. Zjavenie sv. J\u00e1na 12,7-12).<\/span><\/p>\n<p><span style=\"color: #333333;\">Ako povedal Sv\u00e4t\u00fd Otec pred nieko\u013ek\u00fdmi d\u0148ami, 11. septembra v hom\u00edlii v\u00a0Dome sv. Marty, cituj\u00fac Knihu J\u00f3b, modlitba je zbra\u0148ou proti Ve\u013ek\u00e9mu \u017ealobcovi, ktor\u00fd \u201echod\u00ed dokola po svete h\u013eadaj\u00fac sp\u00f4sob, ako ob\u017eal\u00fava\u0165\u201c. Len modlitba ho m\u00f4\u017ee porazi\u0165. Rusk\u00ed mystici a\u00a0ve\u013ek\u00ed sv\u00e4tci v\u0161etk\u00fdch trad\u00edci\u00ed radili vo chv\u00ed\u013each duchovn\u00fdch turbulenci\u00ed h\u013eada\u0165 ochranu pod pl\u00e1\u0161\u0165om Sv\u00e4tej Matky Bo\u017eej, vyslovuj\u00fac vz\u00fdvanie\u00a0<i>\u201eSub tuum praesidium\u201c<\/i>\u00a0(Pod tvoju ochranu).<\/span><\/p>\n<p><span style=\"color: #333333;\">Toto vz\u00fdvanie sa modl\u00edme takto:<\/span><\/p>\n<p><span style=\"color: #333333;\"><i><b>Pod tvoju ochranu sa utiekame, sv\u00e4t\u00e1 Bo\u017eia Rodi\u010dka, neodvracaj zrak od na\u0161ich prosieb, pom\u00f4\u017e n\u00e1m v n\u00fadzi a z\u00a0ka\u017ed\u00e9ho nebezpe\u010denstva n\u00e1s vyslobo\u010f, ty Panna sl\u00e1vna a\u00a0po\u017eehnan\u00e1.<\/b><\/i><\/span><\/p>\n<p><span style=\"color: #333333;\">(<i>Sub tuum praesidium confugimus Sancta Dei Genitrix. Nostras deprecationes ne despicias in necessitatibus, sed a periculis cunctis libera nos semper, Virgo Gloriosa et Benedicta.)<\/i><\/span><\/p>\n<p><span style=\"color: #333333;\">Touto \u017eiados\u0165ou o pr\u00edhovor Sv\u00e4t\u00fd Otec pros\u00ed veriacich cel\u00e9ho sveta o modlitbu, aby Sv\u00e4t\u00e1 Matka Bo\u017eia vzala Cirkev pod svoj ochrann\u00fd pl\u00e1\u0161\u0165: aby ju chr\u00e1nila pred \u00fatokmi Zl\u00e9ho, ve\u013ek\u00e9ho \u017ealobcu, a robila ju z\u00e1rove\u0148 st\u00e1le viac vedomou si v\u00edn, pochyben\u00ed, zneu\u017eit\u00ed sp\u00e1chan\u00fdch v s\u00fa\u010dasnosti i v minulosti a usilovnou\u00a0z\u00e1pasi\u0165 bez ak\u00e9hoko\u013evek zav\u00e1hania, aby zlo nez\u00edskalo prevahu.<\/span><\/p>\n<p><span style=\"color: #333333;\">Sv\u00e4t\u00fd Otec tie\u017e po\u017eiadal, aby sa modlitba Sv\u00e4t\u00e9ho ru\u017eenca po\u010das mesiaca okt\u00f3bra ukon\u010dovala modlitbou poch\u00e1dzaj\u00facou od Leva XIII.:<\/span><\/p>\n<p><span style=\"color: #333333;\"><i><b>Sv\u00e4t\u00fd Michal archanjel, br\u00e1\u0148 n\u00e1s v\u00a0boji, bu\u010f n\u00e1m ochrancom proti zlobe a\u00a0\u00fakladom diabla. Pokorne pros\u00edme, nech mu Boh uk\u00e1\u017ee svoju moc. A\u00a0ty, knie\u017ea nebesk\u00fdch z\u00e1stupov, Bo\u017eou mocou za\u017ee\u0148 do pekla satana a\u00a0in\u00fdch zl\u00fdch duchov, ktor\u00ed sa na skazu du\u0161\u00ed potuluj\u00fa po svete. Amen.<\/b><\/i><\/span><\/p>\n","protected":false},"excerpt":{"rendered":"<p>Sv\u00e4t\u00fd Otec sa rozhodol pozva\u0165 v\u0161etk\u00fdch veriacich cel\u00e9ho sveta, aby sa modlili Sv\u00e4t\u00fd ru\u017eenec ka\u017ed\u00fd de\u0148\u00a0 po\u010das cel\u00e9ho mari\u00e1nskeho mesiaca okt\u00f3ber a\u00a0aby sa ako Bo\u017e\u00ed \u013eud zjednotili v spolo\u010denstve a\u00a0v kaj\u00facnosti a\u00a0vyprosovali od Sv\u00e4tej&#46;&#46;&#46;<\/p>\n","protected":false},"author":3,"featured_media":8819,"comment_status":"open","ping_status":"closed","sticky":false,"template":"","format":"standard","meta":{"ngg_post_thumbnail":0},"categories":[24,1],"tags":[],"_links":{"self":[{"href":"https:\/\/www.skmisia.ch\/index.php?rest_route=\/wp\/v2\/posts\/8818"}],"collection":[{"href":"https:\/\/www.skmisia.ch\/index.php?rest_route=\/wp\/v2\/posts"}],"about":[{"href":"https:\/\/www.skmisia.ch\/index.php?rest_route=\/wp\/v2\/types\/post"}],"author":[{"embeddable":true,"href":"https:\/\/www.skmisia.ch\/index.php?rest_route=\/wp\/v2\/users\/3"}],"replies":[{"embeddable":true,"href":"https:\/\/www.skmisia.ch\/index.php?rest_route=%2Fwp%2Fv2%2Fcomments&post=8818"}],"version-history":[{"count":1,"href":"https:\/\/www.skmisia.ch\/index.php?rest_route=\/wp\/v2\/posts\/8818\/revisions"}],"predecessor-version":[{"id":8820,"href":"https:\/\/www.skmisia.ch\/index.php?rest_route=\/wp\/v2\/posts\/8818\/revisions\/8820"}],"wp:featuredmedia":[{"embeddable":true,"href":"https:\/\/www.skmisia.ch\/index.php?rest_route=\/wp\/v2\/media\/8819"}],"wp:attachment":[{"href":"https:\/\/www.skmisia.ch\/index.php?rest_route=%2Fwp%2Fv2%2Fmedia&parent=8818"}],"wp:term":[{"taxonomy":"category","embeddable":true,"href":"https:\/\/www.skmisia.ch\/index.php?rest_route=%2Fwp%2Fv2%2Fcategories&post=8818"},{"taxonomy":"post_tag","embeddable":true,"href":"https:\/\/www.skmisia.ch\/index.php?rest_route=%2Fwp%2Fv2%2Ftags&post=8818"}],"curies":[{"name":"wp","href":"https:\/\/api.w.org\/{rel}","templated":true}]}}