{"id":8812,"date":"2018-10-03T14:50:26","date_gmt":"2018-10-03T13:50:26","guid":{"rendered":"https:\/\/www.skmisia.ch\/?p=8812"},"modified":"2019-04-08T21:08:45","modified_gmt":"2019-04-08T20:08:45","slug":"stanko-hrusovsky-priatel-knaz-medzi-nami","status":"publish","type":"post","link":"https:\/\/www.skmisia.ch\/?p=8812","title":{"rendered":"Stanko Hru\u0161ovsk\u00fd \u2013 priate\u013e, k\u0148az medzi nami"},"content":{"rendered":"<p><span style=\"color: #333333;\">Pri vstupe do kostola sv\u00e4t\u00e9ho J\u00e1na Krstite\u013ea v\u00a0Ufhusen\u00a0 som\u00a0\u00a0 potrebovala\u00a0 chv\u00ed\u013eku pokoja. Spiato\u010dn\u00e9 spomienky na Stanka , ako sme ho v\u0161etci menovali, potrebovali pozastavenie. Odchod ob\u013e\u00faben\u00e9ho a\u00a0vz\u00e1cneho \u010dloveka, ktor\u00fd sa vykradol\u00a0 dos\u0165 skoro z\u00a0na\u0161ej slovenskej komunity vo \u0160vaj\u010diarsku, ma\u00a0 zarm\u00fatil. Do \u0160vaj\u010diarska nepri\u0161iel za pr\u00e1cou, neh\u013eadal \u013eahkos\u0165 a\u00a0pohodlie \u017eivota. Opa\u010dn\u00fd\u00a0 smer mu bol ur\u010den\u00fd, \u0165a\u017e\u0161ie bremeno musel nies\u0165\u00a0 po\u00a0 krivolakom t\u00falavom chodn\u00ed\u010dku.<\/span><\/p>\n<p><span style=\"color: #333333;\">Stanko Hru\u0161ovsk\u00fd sa narodil 18.jula 1946 v\u00a0Brestovanoch, kde pre\u017eil svoje detstvo, vychodil z\u00e1kladn\u00fa \u0161kolu.\u00a0 V \u0161t\u00fadiu pokra\u010doval na Strednej priemyselnej \u0161kole strojn\u00edckej v\u00a0Trnave. Prv\u00fd kontakt <a style=\"color: #333333;\" href=\"https:\/\/www.skmisia.ch\/wp-content\/uploads\/2018\/10\/Stanislav-Hrusovsky-pohreb-1.jpg\" target=\"_blank\" rel=\"noopener noreferrer\"><img decoding=\"async\" loading=\"lazy\" class=\"alignright wp-image-8813\" src=\"https:\/\/www.skmisia.ch\/wp-content\/uploads\/2018\/10\/Stanislav-Hrusovsky-pohreb-1.jpg\" alt=\"\" width=\"417\" height=\"313\" srcset=\"https:\/\/www.skmisia.ch\/wp-content\/uploads\/2018\/10\/Stanislav-Hrusovsky-pohreb-1.jpg 4608w, https:\/\/www.skmisia.ch\/wp-content\/uploads\/2018\/10\/Stanislav-Hrusovsky-pohreb-1-300x225.jpg 300w, https:\/\/www.skmisia.ch\/wp-content\/uploads\/2018\/10\/Stanislav-Hrusovsky-pohreb-1-768x576.jpg 768w, https:\/\/www.skmisia.ch\/wp-content\/uploads\/2018\/10\/Stanislav-Hrusovsky-pohreb-1-1024x768.jpg 1024w\" sizes=\"(max-width: 417px) 100vw, 417px\" \/><\/a>s\u00a0vysoko\u0161kolsk\u00fdm vzdelan\u00edm spoznal v\u00a0Prahe, odkia\u013e sa \u010doskoro vr\u00e1til na Slovensko. Zap\u00edsal sa na Vysok\u00fa po\u013enohospod\u00e1rsku \u0161kolu v\u00a0Nitre, kde dosiahol vynikaj\u00face v\u00fdsledky. Dokon\u010denie \u0161t\u00fadia mu zabr\u00e1nil \u0161tudijn\u00fd odbor\u00a0 te\u00f3ria marxizmu \u2013 leninizmu. Nedok\u00e1zal sa podvoli\u0165 nasaden\u00e9mu politick\u00e9mu duchu, \u010do bolo pr\u00ed\u010dinou vyhodenia zo \u0161koly. Aby vybil zo seba sklamanie, nespravodlivos\u0165 \u0161t\u00e1tneho poriadku, \u00a0pracoval ako drevoruba\u010d. Dlh\u00e9 roky sa nevedel s\u00a0touto krutos\u0165ou zmieri\u0165. V\u00a0roku 1972 sa mu podarilo od\u00eds\u0165 do \u0160vaj\u010diarska, zapojil sa do slovenskej katol\u00edckej misie a\u00a0v\u00a0nej sme ho poznali, ako vesel\u00e9ho mlad\u00e9ho gitaristu. V\u017edy mal okolo seba ml\u00e1de\u017e, s\u00a0ktorou vyspieval cel\u00fd reperto\u00e1r ob\u013e\u00faben\u00fdch piesn\u00ed. Netrvalo dlho, ke\u010f n\u00e1s prekvapil t\u00fa\u017ebou sta\u0165 sa k\u0148azom. Teologick\u00e9 \u0161t\u00fadia absolvoval v\u00a0Chure a\u00a0v\u00a0roku 1981 bol v\u00a0kostole sv. Petra a\u00a0Pavla v\u00a0Z\u00farichu bol \u00a06. J\u00fana 1981 ysv\u00e4ten\u00fd za k\u0148aza. Svoju prv\u00fa primi\u010dn\u00fa sv\u00e4t\u00fa om\u0161u sl\u00fa\u017eil vo Winterthure v\u00a0kostole Najsv\u00e4tej\u0161ieho srda Je\u017ei\u0161ovho. Bol zjavne dojat\u00fd a\u00a0z\u00e1rove\u0148 \u0161\u0165astn\u00fd, ke\u010f po\u010das obradov znela Lisztova \u00a0Korunova\u010dn\u00e1 om\u0161a a\u00a0v\u00a0kostole nebolo pr\u00e1zdneho miesta. \u0160vaj\u010diarski veriaci mu pripravili d\u00f4stojn\u00fa primi\u010dn\u00fa sl\u00e1vnos\u0165.<\/span><\/p>\n<p><span style=\"color: #333333;\">Ako k\u0148az sl\u00fa\u017eil vo\u00a0 viacer\u00fdch \u00a0farnostiach ch\u00farskeho \u00a0\u00a0a\u00a0nakoniec basilejsk\u00e9ho biskupstva. \u010cast\u00e9 prekladanie z\u00a0jednej farnosti do druhej \u00a0malo za n\u00e1sledok, \u017ee sa pomaly vz\u010fa\u013eoval od SKM v\u00a0Z\u00farichu \u00a0a\u00a0venoval sa pastora\u010dnej \u010dinnosti \u0160vaj\u010diarom. Od roku 1998 p\u00f4sobil pre farnos\u0165 J\u00e1na Krstite\u013ea v\u00a0Ufhusen \u00a0a\u00a0tam ho veriaci poznali ako neust\u00e1le h\u013eadaj\u00faceho k\u0148aza. Jeho pastora\u010dn\u00e1\u00a0 \u010dinnos\u0165\u00a0 sa spoma\u013eovala, pozorovate\u013ene ub\u00fadala\u00a0 du\u0161evn\u00e1 a\u00a0telesn\u00e1 sila.\u00a0 Ke\u010f sa u\u017e ocitol na rozhran\u00ed medzi pastor\u00e1ciou a\u00a0poruchou zdravia, t\u00fa\u017eil \u00a0vr\u00e1ti\u0165 sa domov. Ur\u010dit\u00e9 okolnosti to nedovolili, raj komunistick\u00e9ho re\u017eimu na Slovensku\u00a0 pod\u013ea s\u013eubu bradat\u00fdch teoretikov nenastal. \u00a0Podriadil sa\u00a0 \u0165a\u017ekej chorobe, s\u00a0ktorou \u00a0pomaly upadal \u00a0do temnoty a\u00a0str\u00e1caj\u00facej pam\u00e4ti.\u00a0 Ve\u013ea kr\u00e1t menil\u00a0 pobyt v\u00a0domoch d\u00f4chodcov a\u00a0i\u00a0napriek \u0165a\u017ekej nemoci , nezabudol neust\u00e1le \u010fakova\u0165.\u00a0 V\u00a0momentoch dobrej n\u00e1lady si r\u00e1d zaspieval a\u00a0pohral na jeho vernej gitare v\u00a0spolo\u010dnosti\u00a0 svojich spolub\u00fdvaj\u00facich pacientov.<\/span><\/p>\n<p><span style=\"color: #333333;\">Na sviatok Sedembolestnej Patr\u00f3nky Slovenska posledn\u00fd raz Stanko vyd\u00fdchol\u00a0 v\u00a0n\u00e1deji ve\u010dn\u00e9ho pokoja. Nepodarilo \u00a0sa mu vr\u00e1ti\u0165 na Slovensko, ale do pr\u00edbytku kr\u00e1\u013eovstva\u00a0 bezbolestnej Panny M\u00e1rie mohol vst\u00fapi\u0165.<\/span><\/p>\n<p><span style=\"color: #333333;\">Pri rozl\u00fa\u010dke 22.09.2018 v kostole sv\u00e4t\u00e9ho J\u00e1na Krstite\u013ea\u00a0 v\u00a0Ufhusen pred olt\u00e1rom zostala u\u017e len \u0161t\u00f3la, kalich, pat\u00e9na, fotografia Stanka\u00a0 a\u00a0najvernej\u0161ia gitara. Poslednou sv\u00e4tou om\u0161ou sa spevokol rozl\u00fa\u010dil skladbou Requiem od Jozefa Gr\u00fabera a veriaci \u00a0od svojho neust\u00e1le h\u013eadaj\u00faceho duchovn\u00e9ho . Do\u0161iel do cie\u013ea\u00a0 odpo\u010dinku na v\u0155\u0161ku cintor\u00edna v\u00a0Ufhusen.<\/span><\/p>\n<p><span style=\"color: #333333;\"><a style=\"color: #333333;\" href=\"https:\/\/www.skmisia.ch\/wp-content\/uploads\/2018\/10\/Stanislav-Hrusovsky-pohreb-2.jpg\" target=\"_blank\" rel=\"noopener noreferrer\"><img decoding=\"async\" loading=\"lazy\" class=\"aligncenter wp-image-8814\" src=\"https:\/\/www.skmisia.ch\/wp-content\/uploads\/2018\/10\/Stanislav-Hrusovsky-pohreb-2.jpg\" alt=\"\" width=\"1091\" height=\"818\" srcset=\"https:\/\/www.skmisia.ch\/wp-content\/uploads\/2018\/10\/Stanislav-Hrusovsky-pohreb-2.jpg 4608w, https:\/\/www.skmisia.ch\/wp-content\/uploads\/2018\/10\/Stanislav-Hrusovsky-pohreb-2-300x225.jpg 300w, https:\/\/www.skmisia.ch\/wp-content\/uploads\/2018\/10\/Stanislav-Hrusovsky-pohreb-2-768x576.jpg 768w, https:\/\/www.skmisia.ch\/wp-content\/uploads\/2018\/10\/Stanislav-Hrusovsky-pohreb-2-1024x768.jpg 1024w\" sizes=\"(max-width: 1091px) 100vw, 1091px\" \/><\/a><\/span><\/p>\n<p>&nbsp;<\/p>\n<p><span style=\"color: #333333;\">Marta van Ooijen \u2013 \u0160uvadov\u00e1, Breitestrasse 18, 8547 Gachnang<\/span><\/p>\n","protected":false},"excerpt":{"rendered":"<p>Pri vstupe do kostola sv\u00e4t\u00e9ho J\u00e1na Krstite\u013ea v\u00a0Ufhusen\u00a0 som\u00a0\u00a0 potrebovala\u00a0 chv\u00ed\u013eku pokoja. Spiato\u010dn\u00e9 spomienky na Stanka , ako sme ho v\u0161etci menovali, potrebovali pozastavenie. Odchod ob\u013e\u00faben\u00e9ho a\u00a0vz\u00e1cneho \u010dloveka, ktor\u00fd sa vykradol\u00a0 dos\u0165 skoro z\u00a0na\u0161ej&#46;&#46;&#46;<\/p>\n","protected":false},"author":3,"featured_media":8814,"comment_status":"open","ping_status":"closed","sticky":false,"template":"","format":"standard","meta":{"ngg_post_thumbnail":0},"categories":[24,1],"tags":[],"_links":{"self":[{"href":"https:\/\/www.skmisia.ch\/index.php?rest_route=\/wp\/v2\/posts\/8812"}],"collection":[{"href":"https:\/\/www.skmisia.ch\/index.php?rest_route=\/wp\/v2\/posts"}],"about":[{"href":"https:\/\/www.skmisia.ch\/index.php?rest_route=\/wp\/v2\/types\/post"}],"author":[{"embeddable":true,"href":"https:\/\/www.skmisia.ch\/index.php?rest_route=\/wp\/v2\/users\/3"}],"replies":[{"embeddable":true,"href":"https:\/\/www.skmisia.ch\/index.php?rest_route=%2Fwp%2Fv2%2Fcomments&post=8812"}],"version-history":[{"count":3,"href":"https:\/\/www.skmisia.ch\/index.php?rest_route=\/wp\/v2\/posts\/8812\/revisions"}],"predecessor-version":[{"id":8817,"href":"https:\/\/www.skmisia.ch\/index.php?rest_route=\/wp\/v2\/posts\/8812\/revisions\/8817"}],"wp:featuredmedia":[{"embeddable":true,"href":"https:\/\/www.skmisia.ch\/index.php?rest_route=\/wp\/v2\/media\/8814"}],"wp:attachment":[{"href":"https:\/\/www.skmisia.ch\/index.php?rest_route=%2Fwp%2Fv2%2Fmedia&parent=8812"}],"wp:term":[{"taxonomy":"category","embeddable":true,"href":"https:\/\/www.skmisia.ch\/index.php?rest_route=%2Fwp%2Fv2%2Fcategories&post=8812"},{"taxonomy":"post_tag","embeddable":true,"href":"https:\/\/www.skmisia.ch\/index.php?rest_route=%2Fwp%2Fv2%2Ftags&post=8812"}],"curies":[{"name":"wp","href":"https:\/\/api.w.org\/{rel}","templated":true}]}}