{"id":8729,"date":"2018-09-20T17:42:23","date_gmt":"2018-09-20T16:42:23","guid":{"rendered":"https:\/\/www.skmisia.ch\/?p=8729"},"modified":"2019-04-08T21:08:45","modified_gmt":"2019-04-08T20:08:45","slug":"50-nasobna-vdacnost-krajanov-panne-marii-na-narodnej-puti-slovakov-v-einsiedeln","status":"publish","type":"post","link":"https:\/\/www.skmisia.ch\/?p=8729","title":{"rendered":"50-n\u00e1sobn\u00e1 v\u010fa\u010dnos\u0165 krajanov Panne M\u00e1rii na n\u00e1rodnej p\u00fati Slov\u00e1kov v Einsiedeln"},"content":{"rendered":"<p><span style=\"color: #333333;\">Tradi\u010dne aj v tomto roku na\u0161i veriaci krajania \u017eij\u00faci vo \u0160vaj\u010diarsku putovali d\u0148a\u00a0\u00a0\u00a0\u00a0\u00a0\u00a0\u00a0\u00a0\u00a0 2. septembra 2018 do Eisiedeln, aby si uctili Sedembolestn\u00fa Pannu M\u00e1riu &#8211; Patr\u00f3nku Slovenska. Osobitne v\u00fdznamnou udalos\u0165ou bola t\u00e1to p\u00fa\u0165 pre sk\u00f4r naroden\u00fdch, ktor\u00ed pri\u0161li po\u010fakova\u0165 Bohu a Bo\u017eej matke M\u00e1rii za 50. rokov ochrany. Presne pred 50 rokmi sa pr\u00e1ve \u0160vaj\u010diarsko stalo ich druhou domovinou.<\/span><\/p>\n<p><span style=\"color: #333333;\">Sv\u00e4t\u00fa om\u0161u celebroval J. E. Mons. Franti\u0161ek R\u00e1bek \u2013 vojensk\u00fd ordin\u00e1r. Otec biskup v hom\u00edli\u00ed vyzdvihol \u00falohu na\u0161ej Nebeskej Matky, ktor\u00e1 n\u00e1s obj\u00edma v\u00a0ka\u017edej \u0165a\u017ekosti a\u00a0vyzdvihol aj \u00falohu matky v\u00a0ka\u017edej rodine. \u201eMatka ma kres\u0165ansky vychova\u0165 svoje die\u0165a pre spolo\u010dnos\u0165 a\u00a0cirkevn\u00e9 spolo\u010densto a\u00a0ke\u010f die\u0165a dospeje, pusti\u0165 ho pripraven\u00e9 do \u017eivota, pripraven\u00e9 pre Cirkev a\u00a0pre kres\u0165ansk\u00fd \u017eivot. \u00daloha matky sa zvl\u00e1da \u013eah\u0161ie, ak svoje die\u0165a vychov\u00e1va vo viere.\u201c<\/span><\/p>\n<p><span style=\"color: #333333;\">Po\u010das sl\u00e1vnostnej sv. om\u0161e prijala sviatos\u0165 krstu dospel\u00e1 katechumenka Michaela a\u00a0n\u00e1sledne spolu s\u00a0ostatn\u00fdmi dospel\u00fdmi\u00a0Luciou, Tom\u00e1\u0161om a\u00a0J\u00e1nom prist\u00fapili ku\u00a0sviatosti birmovania. Otec biskup im pripomenul, ak\u00e1 je d\u00f4le\u017eitos\u0165 viery a vytrvalosti mlad\u00fdch gener\u00e1ci\u00ed v zverenom dare kres\u0165ansk\u00e9ho \u017eivota.<\/span><\/p>\n<p><span style=\"color: #333333;\">Ve\u013ek\u00e1 v\u010faka patr\u00ed v\u0161etk\u00fdm krajanom, ktor\u00fd t\u00fato sl\u00e1vnos\u0165 skr\u00e1\u0161lili odet\u00ed do slovensk\u00fdch \u013eudov\u00fdch krojov z\u00a0r\u00f4znych k\u00fatov na\u0161ej vlasti, detsk\u00e9mu a\u00a0ml\u00e1de\u017enick\u00e9mu zboru, ale aj v\u0161etk\u00fdm t\u00fdm, ktor\u00fd sa ak\u00fdmko\u013evek sp\u00f4sobom zapojili do na\u0161ej sl\u00e1vnosti. V\u00a0z\u00e1vere p\u00fate sa veriaci spolu stretli pri chutnom obede a\u00a0poseden\u00ed v\u00a0bl\u00edzkej re\u0161taur\u00e1ci\u00ed.<\/span><\/p>\n<p><a href=\"https:\/\/www.skmisia.ch\/wp-content\/uploads\/2017\/08\/einsiedeln.jpg\"><img decoding=\"async\" loading=\"lazy\" class=\"aligncenter size-full wp-image-7637\" src=\"https:\/\/www.skmisia.ch\/wp-content\/uploads\/2017\/08\/einsiedeln.jpg\" alt=\"\" width=\"3000\" height=\"1664\" srcset=\"https:\/\/www.skmisia.ch\/wp-content\/uploads\/2017\/08\/einsiedeln.jpg 3000w, https:\/\/www.skmisia.ch\/wp-content\/uploads\/2017\/08\/einsiedeln-300x166.jpg 300w, https:\/\/www.skmisia.ch\/wp-content\/uploads\/2017\/08\/einsiedeln-768x426.jpg 768w, https:\/\/www.skmisia.ch\/wp-content\/uploads\/2017\/08\/einsiedeln-1024x568.jpg 1024w\" sizes=\"(max-width: 3000px) 100vw, 3000px\" \/><\/a><\/p>\n","protected":false},"excerpt":{"rendered":"<p>Tradi\u010dne aj v tomto roku na\u0161i veriaci krajania \u017eij\u00faci vo \u0160vaj\u010diarsku putovali d\u0148a\u00a0\u00a0\u00a0\u00a0\u00a0\u00a0\u00a0\u00a0\u00a0 2. septembra 2018 do Eisiedeln, aby si uctili Sedembolestn\u00fa Pannu M\u00e1riu &#8211; Patr\u00f3nku Slovenska. Osobitne v\u00fdznamnou udalos\u0165ou bola t\u00e1to p\u00fa\u0165 pre&#46;&#46;&#46;<\/p>\n","protected":false},"author":3,"featured_media":226,"comment_status":"open","ping_status":"closed","sticky":false,"template":"","format":"standard","meta":{"ngg_post_thumbnail":0},"categories":[24,1],"tags":[],"_links":{"self":[{"href":"https:\/\/www.skmisia.ch\/index.php?rest_route=\/wp\/v2\/posts\/8729"}],"collection":[{"href":"https:\/\/www.skmisia.ch\/index.php?rest_route=\/wp\/v2\/posts"}],"about":[{"href":"https:\/\/www.skmisia.ch\/index.php?rest_route=\/wp\/v2\/types\/post"}],"author":[{"embeddable":true,"href":"https:\/\/www.skmisia.ch\/index.php?rest_route=\/wp\/v2\/users\/3"}],"replies":[{"embeddable":true,"href":"https:\/\/www.skmisia.ch\/index.php?rest_route=%2Fwp%2Fv2%2Fcomments&post=8729"}],"version-history":[{"count":2,"href":"https:\/\/www.skmisia.ch\/index.php?rest_route=\/wp\/v2\/posts\/8729\/revisions"}],"predecessor-version":[{"id":8731,"href":"https:\/\/www.skmisia.ch\/index.php?rest_route=\/wp\/v2\/posts\/8729\/revisions\/8731"}],"wp:featuredmedia":[{"embeddable":true,"href":"https:\/\/www.skmisia.ch\/index.php?rest_route=\/wp\/v2\/media\/226"}],"wp:attachment":[{"href":"https:\/\/www.skmisia.ch\/index.php?rest_route=%2Fwp%2Fv2%2Fmedia&parent=8729"}],"wp:term":[{"taxonomy":"category","embeddable":true,"href":"https:\/\/www.skmisia.ch\/index.php?rest_route=%2Fwp%2Fv2%2Fcategories&post=8729"},{"taxonomy":"post_tag","embeddable":true,"href":"https:\/\/www.skmisia.ch\/index.php?rest_route=%2Fwp%2Fv2%2Ftags&post=8729"}],"curies":[{"name":"wp","href":"https:\/\/api.w.org\/{rel}","templated":true}]}}