{"id":8716,"date":"2018-09-20T09:45:30","date_gmt":"2018-09-20T08:45:30","guid":{"rendered":"https:\/\/www.skmisia.ch\/?p=8716"},"modified":"2019-04-08T21:08:45","modified_gmt":"2019-04-08T20:08:45","slug":"smutocne-oznamenie-15-9-2018-stanislav-hrusovsky","status":"publish","type":"post","link":"https:\/\/www.skmisia.ch\/?p=8716","title":{"rendered":"Sm\u00fato\u010dn\u00e9 ozn\u00e1menie + 15.9. 2018 Stanislav Hru\u0161ovsk\u00fd"},"content":{"rendered":"<p><a href=\"https:\/\/www.skmisia.ch\/wp-content\/uploads\/2018\/09\/smutocny-kriz.jpg\"><img decoding=\"async\" loading=\"lazy\" class=\"wp-image-8718 alignleft\" src=\"https:\/\/www.skmisia.ch\/wp-content\/uploads\/2018\/09\/smutocny-kriz.jpg\" alt=\"\" width=\"139\" height=\"220\" srcset=\"https:\/\/www.skmisia.ch\/wp-content\/uploads\/2018\/09\/smutocny-kriz.jpg 340w, https:\/\/www.skmisia.ch\/wp-content\/uploads\/2018\/09\/smutocny-kriz-190x300.jpg 190w\" sizes=\"(max-width: 139px) 100vw, 139px\" \/><\/a><\/p>\n<p>&nbsp;<\/p>\n<p>Unruhig ist mein Herz<\/p>\n<p>bis es ruhet in Dir.<\/p>\n<p>&nbsp;<\/p>\n<p>(Augustinus)<\/p>\n<p>&nbsp;<\/p>\n<p>&nbsp;<\/p>\n<p><a href=\"https:\/\/www.skmisia.ch\/wp-content\/uploads\/2018\/09\/knazstvo-2.jpg\"><img decoding=\"async\" loading=\"lazy\" class=\"aligncenter size-full wp-image-8722\" src=\"https:\/\/www.skmisia.ch\/wp-content\/uploads\/2018\/09\/knazstvo-2.jpg\" alt=\"\" width=\"539\" height=\"309\" srcset=\"https:\/\/www.skmisia.ch\/wp-content\/uploads\/2018\/09\/knazstvo-2.jpg 539w, https:\/\/www.skmisia.ch\/wp-content\/uploads\/2018\/09\/knazstvo-2-300x172.jpg 300w\" sizes=\"(max-width: 539px) 100vw, 539px\" \/><\/a><\/p>\n<h5 style=\"text-align: center;\">In Dankbarkeit nehmen wir Abschied von<\/h5>\n<h5 style=\"text-align: center;\"><\/h5>\n<h2 style=\"text-align: center;\"><strong>Stanislav Hrusovsky<\/strong><\/h2>\n<h5 style=\"text-align: center;\">Priester der Erzdi\u00f6zese Trnava (Slowakei)<\/h5>\n<h5 style=\"text-align: center;\">* 18. Juli 1946 bis + 15. September 2018<\/h5>\n<p>&nbsp;<\/p>\n<p><span style=\"color: #333333;\">Nach der Priesterweihe 1981 war der Verstorbene in verschiedenen Pfarreien des Bistums Chur und des Bistums Basel t\u00e4tig. Von 1998 bis 2013 stand er als Pfarradministrator der Pfarrei Johannes der T\u00e4ufer Ufhusen im Dienst. Seinen Lebensabend verbrachte er in Ebikon LU.<\/span><\/p>\n<p>&nbsp;<\/p>\n<p><span style=\"color: #333333;\">Wir bitten Sie, dem Verstorbenen ein ehrendes Andenken zu bewahren und seiner im Gebet zu gedenken.<\/span><\/p>\n<p>&nbsp;<\/p>\n<p style=\"text-align: right;\"><span style=\"color: #333333;\">DDr. Felix Gm\u00fcr, Bischof von Basel<\/span><\/p>\n<p style=\"text-align: right;\"><span style=\"color: #333333;\">Pfarrei und Kirchgemeinde Ufhusen<\/span><\/p>\n<p><a href=\"https:\/\/www.skmisia.ch\/wp-content\/uploads\/2018\/09\/smutocny-ornament.jpg\"><img decoding=\"async\" loading=\"lazy\" class=\"wp-image-8719 alignright\" src=\"https:\/\/www.skmisia.ch\/wp-content\/uploads\/2018\/09\/smutocny-ornament.jpg\" alt=\"\" width=\"209\" height=\"149\" srcset=\"https:\/\/www.skmisia.ch\/wp-content\/uploads\/2018\/09\/smutocny-ornament.jpg 420w, https:\/\/www.skmisia.ch\/wp-content\/uploads\/2018\/09\/smutocny-ornament-300x214.jpg 300w\" sizes=\"(max-width: 209px) 100vw, 209px\" \/><\/a><\/p>\n<p><span style=\"color: #333333;\">Auferstehungsgottesdienst: \u00a0\u00a0 Samstag, 22. September, 09.30 Uhr in der Pfarrkirche Ufhusen<\/span><\/p>\n<p><span style=\"color: #333333;\">\u00a0 \u00a0 \u00a0 \u00a0 \u00a0 \u00a0 \u00a0 \u00a0 \u00a0 \u00a0 \u00a0 \u00a0 \u00a0 \u00a0 \u00a0 \u00a0 \u00a0 \u00a0 \u00a0 \u00a0 \u00a0 \u00a0 \u00a0 \u00a0 \u00a0 \u00a0 \u00a0 anschliessend Bestattung im Priestergrab<\/span><\/p>\n<p><span style=\"color: #333333;\">Dreissigster:\u00a0 \u00a0 \u00a0 \u00a0 \u00a0 \u00a0 \u00a0 \u00a0 \u00a0 \u00a0 \u00a0 \u00a0 \u00a0 \u00a0 \u00a0 Sonntag, 14. Oktober, 09.30 in der Pfarrkirche Ufhusen<\/span><\/p>\n<p>&nbsp;<\/p>\n<p style=\"text-align: right;\"><span style=\"color: #333333;\">Gilt als Leidzirkular<\/span><\/p>\n","protected":false},"excerpt":{"rendered":"<p>&nbsp; Unruhig ist mein Herz bis es ruhet in Dir. &nbsp; (Augustinus) &nbsp; &nbsp; In Dankbarkeit nehmen wir Abschied von Stanislav Hrusovsky Priester der Erzdi\u00f6zese Trnava (Slowakei) * 18. Juli 1946 bis + 15.&#46;&#46;&#46;<\/p>\n","protected":false},"author":3,"featured_media":8722,"comment_status":"open","ping_status":"closed","sticky":false,"template":"","format":"standard","meta":{"ngg_post_thumbnail":0},"categories":[24,1],"tags":[],"_links":{"self":[{"href":"https:\/\/www.skmisia.ch\/index.php?rest_route=\/wp\/v2\/posts\/8716"}],"collection":[{"href":"https:\/\/www.skmisia.ch\/index.php?rest_route=\/wp\/v2\/posts"}],"about":[{"href":"https:\/\/www.skmisia.ch\/index.php?rest_route=\/wp\/v2\/types\/post"}],"author":[{"embeddable":true,"href":"https:\/\/www.skmisia.ch\/index.php?rest_route=\/wp\/v2\/users\/3"}],"replies":[{"embeddable":true,"href":"https:\/\/www.skmisia.ch\/index.php?rest_route=%2Fwp%2Fv2%2Fcomments&post=8716"}],"version-history":[{"count":3,"href":"https:\/\/www.skmisia.ch\/index.php?rest_route=\/wp\/v2\/posts\/8716\/revisions"}],"predecessor-version":[{"id":8723,"href":"https:\/\/www.skmisia.ch\/index.php?rest_route=\/wp\/v2\/posts\/8716\/revisions\/8723"}],"wp:featuredmedia":[{"embeddable":true,"href":"https:\/\/www.skmisia.ch\/index.php?rest_route=\/wp\/v2\/media\/8722"}],"wp:attachment":[{"href":"https:\/\/www.skmisia.ch\/index.php?rest_route=%2Fwp%2Fv2%2Fmedia&parent=8716"}],"wp:term":[{"taxonomy":"category","embeddable":true,"href":"https:\/\/www.skmisia.ch\/index.php?rest_route=%2Fwp%2Fv2%2Fcategories&post=8716"},{"taxonomy":"post_tag","embeddable":true,"href":"https:\/\/www.skmisia.ch\/index.php?rest_route=%2Fwp%2Fv2%2Ftags&post=8716"}],"curies":[{"name":"wp","href":"https:\/\/api.w.org\/{rel}","templated":true}]}}