{"id":8702,"date":"2018-09-12T09:21:54","date_gmt":"2018-09-12T08:21:54","guid":{"rendered":"https:\/\/www.skmisia.ch\/?p=8702"},"modified":"2019-04-08T21:08:45","modified_gmt":"2019-04-08T20:08:45","slug":"piatkove-stretko-ide-do-kina-na-papst-franziskus-ein-mann-seines-wortes","status":"publish","type":"post","link":"https:\/\/www.skmisia.ch\/?p=8702","title":{"rendered":"Piatkov\u00e9 stretko ide do kina na: PAPST FRANZISKUS &#8211; EIN MANN SEINES WORTES"},"content":{"rendered":"<p>V\u0161etk\u00fdch nielen pravideln\u00fdch \u010dlenov piatkov\u00e9ho stretka poz\u00fdvame na Film o p\u00e1pe\u017eovi Franti\u0161kovi s n\u00e1zvom\u00a0<strong>PAPST FRANZISKUS &#8211; EIN MANN SEINES WORTES<\/strong>.<\/p>\n<p>Stret\u00e1me sa\u00a0<strong>14. Septembra 2018 o <span style=\"text-decoration: underline;\">20:10<\/span><\/strong> pred kinom FROSCH Studio na\u00a0Brunngasse 18, 8001 v Z\u00fcrichu. N\u00e1sledne si zak\u00fapime l\u00edstky. Bu\u010fte pros\u00edm dochv\u00ed\u013eni, preto\u017ee za\u010diatok filmu je o 20:30. Prajem v\u00e1m pekn\u00fd kult\u00farno-duchovn\u00fd z\u00e1\u017eitok.<\/p>\n<p>Poloha Kina FROSCH:<\/p>\n<p><a href=\"https:\/\/www.google.com\/maps\/place\/KITAG+CINEMAS+Frosch+Studio\/@47.3733479,8.5427699,17z\/data=!3m1!4b1!4m5!3m4!1s0x479aa0a9aedd58af:0xcec93223adf1f1e3!8m2!3d47.3733479!4d8.5449586\" target=\"_blank\" rel=\"noopener noreferrer\">https:\/\/www.google.com\/maps\/place\/KITAG+CINEMAS+Frosch+Studio\/@47.3733479,8.5427699,17z\/data=!3m1!4b1!4m5!3m4!1s0x479aa0a9aedd58af:0xcec93223adf1f1e3!8m2!3d47.3733479!4d8.5449586<\/a><\/p>\n<p>&nbsp;<\/p>\n<p>Web Kina Frosch:<\/p>\n<p><a href=\"https:\/\/www.kitag.com\/de\/filme\/pope-francis-a-man-of-his-word\/\" target=\"_blank\" rel=\"noopener noreferrer\">https:\/\/www.kitag.com\/de\/filme\/pope-francis-a-man-of-his-word\/<\/a><\/p>\n","protected":false},"excerpt":{"rendered":"<p>V\u0161etk\u00fdch nielen pravideln\u00fdch \u010dlenov piatkov\u00e9ho stretka poz\u00fdvame na Film o p\u00e1pe\u017eovi Franti\u0161kovi s n\u00e1zvom\u00a0PAPST FRANZISKUS &#8211; EIN MANN SEINES WORTES. Stret\u00e1me sa\u00a014. Septembra 2018 o 20:10 pred kinom FROSCH Studio na\u00a0Brunngasse 18, 8001 v&#46;&#46;&#46;<\/p>\n","protected":false},"author":3,"featured_media":8350,"comment_status":"open","ping_status":"closed","sticky":false,"template":"","format":"video","meta":{"ngg_post_thumbnail":0},"categories":[24,1],"tags":[],"_links":{"self":[{"href":"https:\/\/www.skmisia.ch\/index.php?rest_route=\/wp\/v2\/posts\/8702"}],"collection":[{"href":"https:\/\/www.skmisia.ch\/index.php?rest_route=\/wp\/v2\/posts"}],"about":[{"href":"https:\/\/www.skmisia.ch\/index.php?rest_route=\/wp\/v2\/types\/post"}],"author":[{"embeddable":true,"href":"https:\/\/www.skmisia.ch\/index.php?rest_route=\/wp\/v2\/users\/3"}],"replies":[{"embeddable":true,"href":"https:\/\/www.skmisia.ch\/index.php?rest_route=%2Fwp%2Fv2%2Fcomments&post=8702"}],"version-history":[{"count":3,"href":"https:\/\/www.skmisia.ch\/index.php?rest_route=\/wp\/v2\/posts\/8702\/revisions"}],"predecessor-version":[{"id":8705,"href":"https:\/\/www.skmisia.ch\/index.php?rest_route=\/wp\/v2\/posts\/8702\/revisions\/8705"}],"wp:featuredmedia":[{"embeddable":true,"href":"https:\/\/www.skmisia.ch\/index.php?rest_route=\/wp\/v2\/media\/8350"}],"wp:attachment":[{"href":"https:\/\/www.skmisia.ch\/index.php?rest_route=%2Fwp%2Fv2%2Fmedia&parent=8702"}],"wp:term":[{"taxonomy":"category","embeddable":true,"href":"https:\/\/www.skmisia.ch\/index.php?rest_route=%2Fwp%2Fv2%2Fcategories&post=8702"},{"taxonomy":"post_tag","embeddable":true,"href":"https:\/\/www.skmisia.ch\/index.php?rest_route=%2Fwp%2Fv2%2Ftags&post=8702"}],"curies":[{"name":"wp","href":"https:\/\/api.w.org\/{rel}","templated":true}]}}