{"id":8682,"date":"2018-08-27T15:25:21","date_gmt":"2018-08-27T14:25:21","guid":{"rendered":"https:\/\/www.skmisia.ch\/?p=8682"},"modified":"2019-04-08T21:08:45","modified_gmt":"2019-04-08T20:08:45","slug":"v-ivanke-pri-dunaji-zomrel-biskup-mons-dominik-kalata","status":"publish","type":"post","link":"https:\/\/www.skmisia.ch\/?p=8682","title":{"rendered":"V Ivanke pri Dunaji zomrel biskup Mons. Dominik Ka\u013eata"},"content":{"rendered":"<p>Dnes- 24. augusta 2018, v popolud\u0148aj\u0161\u00edch hodin\u00e1ch, v Ivanke pri Dunaji v Bratislavskej arcidiec\u00e9ze, zomrel vo veku 93 rokov emeritn\u00fd biskup Mons. Dominik Ka\u013eata SJ. Pohrebn\u00e1 sv\u00e4t\u00e1 om\u0161a s obradmi, pri ktorej sa rozl\u00fa\u010dime s titul\u00e1rnym semtsk\u00fdm a b\u00fdval\u00fdm pomocn\u00fdm biskupom nemeckej arcidiec\u00e9zy Freiburg im Breisgau Mons. Dominikom Ka\u013eatom SJ, bude v stredu 29. augusta o 10:30 h v Katedr\u00e1le sv. J\u00e1na Krstite\u013ea v Trnave.<\/p>\n<p><a href=\"https:\/\/www.skmisia.ch\/wp-content\/uploads\/2018\/08\/Parte-Kalata-2.jpg\"><img decoding=\"async\" loading=\"lazy\" class=\"aligncenter size-full wp-image-8688\" src=\"https:\/\/www.skmisia.ch\/wp-content\/uploads\/2018\/08\/Parte-Kalata-2.jpg\" alt=\"\" width=\"4677\" height=\"3307\" srcset=\"https:\/\/www.skmisia.ch\/wp-content\/uploads\/2018\/08\/Parte-Kalata-2.jpg 4677w, https:\/\/www.skmisia.ch\/wp-content\/uploads\/2018\/08\/Parte-Kalata-2-300x212.jpg 300w, https:\/\/www.skmisia.ch\/wp-content\/uploads\/2018\/08\/Parte-Kalata-2-768x543.jpg 768w, https:\/\/www.skmisia.ch\/wp-content\/uploads\/2018\/08\/Parte-Kalata-2-1024x724.jpg 1024w\" sizes=\"(max-width: 4677px) 100vw, 4677px\" \/><\/a><\/p>\n<p><a href=\"https:\/\/www.skmisia.ch\/wp-content\/uploads\/2018\/08\/\u017divotopis-1-2.jpg\"><img decoding=\"async\" loading=\"lazy\" class=\"aligncenter size-full wp-image-8683\" src=\"https:\/\/www.skmisia.ch\/wp-content\/uploads\/2018\/08\/\u017divotopis-1-2.jpg\" alt=\"\" width=\"3307\" height=\"4677\" srcset=\"https:\/\/www.skmisia.ch\/wp-content\/uploads\/2018\/08\/\u017divotopis-1-2.jpg 3307w, https:\/\/www.skmisia.ch\/wp-content\/uploads\/2018\/08\/\u017divotopis-1-2-212x300.jpg 212w, https:\/\/www.skmisia.ch\/wp-content\/uploads\/2018\/08\/\u017divotopis-1-2-768x1086.jpg 768w, https:\/\/www.skmisia.ch\/wp-content\/uploads\/2018\/08\/\u017divotopis-1-2-724x1024.jpg 724w\" sizes=\"(max-width: 3307px) 100vw, 3307px\" \/><\/a><\/p>\n<p><a href=\"https:\/\/www.skmisia.ch\/wp-content\/uploads\/2018\/08\/\u017divotopis-2-2.jpg\"><img decoding=\"async\" loading=\"lazy\" class=\"aligncenter size-full wp-image-8684\" src=\"https:\/\/www.skmisia.ch\/wp-content\/uploads\/2018\/08\/\u017divotopis-2-2.jpg\" alt=\"\" width=\"3307\" height=\"4677\" srcset=\"https:\/\/www.skmisia.ch\/wp-content\/uploads\/2018\/08\/\u017divotopis-2-2.jpg 3307w, https:\/\/www.skmisia.ch\/wp-content\/uploads\/2018\/08\/\u017divotopis-2-2-212x300.jpg 212w, https:\/\/www.skmisia.ch\/wp-content\/uploads\/2018\/08\/\u017divotopis-2-2-768x1086.jpg 768w, https:\/\/www.skmisia.ch\/wp-content\/uploads\/2018\/08\/\u017divotopis-2-2-724x1024.jpg 724w\" sizes=\"(max-width: 3307px) 100vw, 3307px\" \/><\/a><\/p>\n","protected":false},"excerpt":{"rendered":"<p>Dnes- 24. augusta 2018, v popolud\u0148aj\u0161\u00edch hodin\u00e1ch, v Ivanke pri Dunaji v Bratislavskej arcidiec\u00e9ze, zomrel vo veku 93 rokov emeritn\u00fd biskup Mons. Dominik Ka\u013eata SJ. Pohrebn\u00e1 sv\u00e4t\u00e1 om\u0161a s obradmi, pri ktorej sa rozl\u00fa\u010dime&#46;&#46;&#46;<\/p>\n","protected":false},"author":3,"featured_media":8688,"comment_status":"open","ping_status":"closed","sticky":false,"template":"","format":"standard","meta":{"ngg_post_thumbnail":0},"categories":[24,1],"tags":[],"_links":{"self":[{"href":"https:\/\/www.skmisia.ch\/index.php?rest_route=\/wp\/v2\/posts\/8682"}],"collection":[{"href":"https:\/\/www.skmisia.ch\/index.php?rest_route=\/wp\/v2\/posts"}],"about":[{"href":"https:\/\/www.skmisia.ch\/index.php?rest_route=\/wp\/v2\/types\/post"}],"author":[{"embeddable":true,"href":"https:\/\/www.skmisia.ch\/index.php?rest_route=\/wp\/v2\/users\/3"}],"replies":[{"embeddable":true,"href":"https:\/\/www.skmisia.ch\/index.php?rest_route=%2Fwp%2Fv2%2Fcomments&post=8682"}],"version-history":[{"count":3,"href":"https:\/\/www.skmisia.ch\/index.php?rest_route=\/wp\/v2\/posts\/8682\/revisions"}],"predecessor-version":[{"id":8689,"href":"https:\/\/www.skmisia.ch\/index.php?rest_route=\/wp\/v2\/posts\/8682\/revisions\/8689"}],"wp:featuredmedia":[{"embeddable":true,"href":"https:\/\/www.skmisia.ch\/index.php?rest_route=\/wp\/v2\/media\/8688"}],"wp:attachment":[{"href":"https:\/\/www.skmisia.ch\/index.php?rest_route=%2Fwp%2Fv2%2Fmedia&parent=8682"}],"wp:term":[{"taxonomy":"category","embeddable":true,"href":"https:\/\/www.skmisia.ch\/index.php?rest_route=%2Fwp%2Fv2%2Fcategories&post=8682"},{"taxonomy":"post_tag","embeddable":true,"href":"https:\/\/www.skmisia.ch\/index.php?rest_route=%2Fwp%2Fv2%2Ftags&post=8682"}],"curies":[{"name":"wp","href":"https:\/\/api.w.org\/{rel}","templated":true}]}}