{"id":8662,"date":"2018-08-20T08:50:31","date_gmt":"2018-08-20T07:50:31","guid":{"rendered":"https:\/\/www.skmisia.ch\/?p=8662"},"modified":"2019-04-08T21:08:46","modified_gmt":"2019-04-08T20:08:46","slug":"spomienkovy-koncert-21-august-1968","status":"publish","type":"post","link":"https:\/\/www.skmisia.ch\/?p=8662","title":{"rendered":"Spomienkov\u00fd koncert &#8211; 21. august 1968"},"content":{"rendered":"<p style=\"text-align: center;\"><strong>UTOROK, 21. AUGUST 2018, 19.15 &#8211;\u00a0PREDIGERKIRCHE BASEL<\/strong><\/p>\n<p><span style=\"color: #333333;\">Mil\u00ed krajania a\u00a0priatelia,<\/span><\/p>\n<p><span style=\"color: #333333;\">50 rokov po tomto osudovom dni pre na\u0161e n\u00e1rody by sme si chceli pripomen\u00fa\u0165 mal\u00fdm koncert\u00edkom a\u00a0spolo\u010densk\u00fdm stretnut\u00edm.<\/span><br \/>\n<span style=\"color: #333333;\"> Ve\u013emi srde\u010dne V\u00e1s poz\u00fdvam do Predigerkirche Basel.<\/span><br \/>\n<span style=\"color: #333333;\"> Maestro <em>Heinz Holliger<\/em> \u2013 najzn\u00e1mej\u0161\u00ed \u0161vaj\u010diarsk\u00fd hudobn\u00fd skladate\u013e a\u00a0hoboista komponuje \u0161peci\u00e1lne pre t\u00fato pr\u00edle\u017eitos\u0165 dve skladby, ktor\u00e9 V\u00e1m r\u00e1d interpretujem \u00a0ako premi\u00e9ru na historickom Silbermannovom organe.\u00a0Majster s\u00e1m prednesie v\u00a0akusticky jedine\u010dnom \u00a0\u201eKraftpunkt\u201c tejto sv\u00e4tyne s\u00f3lo koncert. <\/span><br \/>\n<span style=\"color: #333333;\"> Samozrejme, \u017ee si pri tejto pr\u00edle\u017eitosti spomenieme na v\u00fdznamn\u00e9 osobnosti z\u00a0na\u0161ej emigr\u00e1cie, ktor\u00e9 na bazilejskej univerzite p\u00f4sobili. <\/span><br \/>\n<span style=\"color: #333333;\"> V zast\u00fapen\u00ed pre mnoh\u00fdch spomeniem iba troch:<\/span><br \/>\n<span style=\"color: #333333;\"> &#8211; Prof. Dr.theol. Jan Mili\u010d Lochman \u2013 rector magnificus,<\/span><br \/>\n<span style=\"color: #333333;\"> &#8211; Prof. Dr. Ota \u0160ik zo svojim modelom \u201esoziale Markt-\u00d6konomie\u201c<\/span><br \/>\n<span style=\"color: #333333;\"> &#8211; Prof. Ing.Dr.Drs.h.c. Daniel Bellu\u0161 \u2013 \u201eBellu\u0161ove \u2013 ket\u00e9nov\u00e9 prie\u0161myky v\u00a0ch\u00e9mii\u201c.<\/span><br \/>\n<span style=\"color: #333333;\"> Po koncert\u00edku pobudneme pri pr\u00edpitku v\u0161etci spolu, \u010cesi, Slov\u00e1ci, \u0160vaj\u010diari, Franc\u00fazi a\u00a0i., aby sme tak utu\u017eili na\u0161e doteraj\u0161ie priate\u013estvo a\u00a0bratsk\u00fa spolupatri\u010dnos\u0165.<\/span><br \/>\n<span style=\"color: #333333;\"> Te\u0161\u00edm sa na Va\u0161u cten\u00fa \u00fa\u010das\u0165 a\u00a0srde\u010dne V\u00e1s pozdravujem,<\/span><br \/>\n<span style=\"color: #333333;\"> V\u00e1\u0161<\/span><br \/>\n<span style=\"color: #333333;\"> Jozef Sopko.<\/span><\/p>\n<p style=\"text-align: center;\"><span style=\"color: #333333;\">P.S.: Detailn\u00fd program bude pripraven\u00fd v\u00a0chr\u00e1me.<\/span><\/p>\n<p style=\"text-align: left;\">Pozv\u00e1nka a kompletn\u00fdm programom:<\/p>\n<p style=\"text-align: left;\"><a href=\"https:\/\/www.skmisia.ch\/wp-content\/uploads\/2018\/08\/Predigerkirche21.8.1018.pdf\">Predigerkirche21.8.1018<\/a><\/p>\n<p style=\"text-align: left;\"><a href=\"https:\/\/www.skmisia.ch\/wp-content\/uploads\/2018\/08\/spomienka.jpg\"><img decoding=\"async\" loading=\"lazy\" class=\"aligncenter wp-image-8664\" src=\"https:\/\/www.skmisia.ch\/wp-content\/uploads\/2018\/08\/spomienka.jpg\" alt=\"\" width=\"900\" height=\"454\" srcset=\"https:\/\/www.skmisia.ch\/wp-content\/uploads\/2018\/08\/spomienka.jpg 1500w, https:\/\/www.skmisia.ch\/wp-content\/uploads\/2018\/08\/spomienka-300x151.jpg 300w, https:\/\/www.skmisia.ch\/wp-content\/uploads\/2018\/08\/spomienka-768x387.jpg 768w, https:\/\/www.skmisia.ch\/wp-content\/uploads\/2018\/08\/spomienka-1024x516.jpg 1024w\" sizes=\"(max-width: 900px) 100vw, 900px\" \/><\/a><\/p>\n","protected":false},"excerpt":{"rendered":"<p>UTOROK, 21. AUGUST 2018, 19.15 &#8211;\u00a0PREDIGERKIRCHE BASEL Mil\u00ed krajania a\u00a0priatelia, 50 rokov po tomto osudovom dni pre na\u0161e n\u00e1rody by sme si chceli pripomen\u00fa\u0165 mal\u00fdm koncert\u00edkom a\u00a0spolo\u010densk\u00fdm stretnut\u00edm. Ve\u013emi srde\u010dne V\u00e1s poz\u00fdvam do Predigerkirche&#46;&#46;&#46;<\/p>\n","protected":false},"author":3,"featured_media":8666,"comment_status":"open","ping_status":"closed","sticky":false,"template":"","format":"standard","meta":{"ngg_post_thumbnail":0},"categories":[24,1],"tags":[],"_links":{"self":[{"href":"https:\/\/www.skmisia.ch\/index.php?rest_route=\/wp\/v2\/posts\/8662"}],"collection":[{"href":"https:\/\/www.skmisia.ch\/index.php?rest_route=\/wp\/v2\/posts"}],"about":[{"href":"https:\/\/www.skmisia.ch\/index.php?rest_route=\/wp\/v2\/types\/post"}],"author":[{"embeddable":true,"href":"https:\/\/www.skmisia.ch\/index.php?rest_route=\/wp\/v2\/users\/3"}],"replies":[{"embeddable":true,"href":"https:\/\/www.skmisia.ch\/index.php?rest_route=%2Fwp%2Fv2%2Fcomments&post=8662"}],"version-history":[{"count":2,"href":"https:\/\/www.skmisia.ch\/index.php?rest_route=\/wp\/v2\/posts\/8662\/revisions"}],"predecessor-version":[{"id":8667,"href":"https:\/\/www.skmisia.ch\/index.php?rest_route=\/wp\/v2\/posts\/8662\/revisions\/8667"}],"wp:featuredmedia":[{"embeddable":true,"href":"https:\/\/www.skmisia.ch\/index.php?rest_route=\/wp\/v2\/media\/8666"}],"wp:attachment":[{"href":"https:\/\/www.skmisia.ch\/index.php?rest_route=%2Fwp%2Fv2%2Fmedia&parent=8662"}],"wp:term":[{"taxonomy":"category","embeddable":true,"href":"https:\/\/www.skmisia.ch\/index.php?rest_route=%2Fwp%2Fv2%2Fcategories&post=8662"},{"taxonomy":"post_tag","embeddable":true,"href":"https:\/\/www.skmisia.ch\/index.php?rest_route=%2Fwp%2Fv2%2Ftags&post=8662"}],"curies":[{"name":"wp","href":"https:\/\/api.w.org\/{rel}","templated":true}]}}