{"id":864,"date":"2018-03-19T19:24:15","date_gmt":"2018-03-19T18:24:15","guid":{"rendered":"https:\/\/www.skmisia.ch\/?p=864"},"modified":"2019-04-08T21:08:46","modified_gmt":"2019-04-08T20:08:46","slug":"864","status":"publish","type":"post","link":"https:\/\/www.skmisia.ch\/?p=864","title":{"rendered":"KR\u00cd\u017dOV\u00c1 CESTA NA \u00dcETLIBERGU U\u017d V NEDE\u013dU 25. Marca o 14:30"},"content":{"rendered":"<h5><a href=\"https:\/\/www.skmisia.ch\/wp-content\/uploads\/2014\/03\/krizova-cesta.jpg\"><img decoding=\"async\" loading=\"lazy\" class=\"size-full wp-image-865 alignleft\" src=\"https:\/\/www.skmisia.ch\/wp-content\/uploads\/2014\/03\/krizova-cesta.jpg\" alt=\"krizova cesta\" width=\"264\" height=\"191\" \/><\/a><\/h5>\n<div><span style=\"color: #333333;\">Podobne ako minul\u00e9 roky, aj tento rok by sme chceli zorganizova\u0165 na Kvetn\u00fa nede\u013eu tradi\u010dn\u00fa kr\u00ed\u017eov\u00fa cestu v pr\u00edrode chodn\u00edkom na \u00dcetliberg.<\/span><\/div>\n<div><span style=\"color: #333333;\">\u00a0<\/span><\/div>\n<div><span style=\"color: #333333;\">Stretneme sa v nede\u013eu 25. marca o 14:30 na parkovisku na\u00a0<a style=\"color: #333333;\" href=\"https:\/\/maps.google.com\/?q=Uetlibergstrasse+345,+Z%C3%BCrich&amp;entry=gmail&amp;source=g\">Uetlibergstrasse 345, Z\u00fcrich<\/a>. Spojmi mestskej dopravy je najv\u00fdhodnej\u0161ie cestova\u0165 na kone\u010dn\u00e9 zast\u00e1vky elektri\u010dky \u010d. 13 (s n\u00e1zvom Albisg\u00fcetli) alebo trolejbusu \u010d. 32 (s n\u00e1zvom Strassenverkehrsamt). Odtia\u013e treba kr\u00e1\u010da\u0165 k\u00fasok nahor smerom ku lesu, k lavi\u010dk\u00e1m pri konci asfaltov\u00e9ho chodn\u00edka.\u00a0 Budeme putova\u0165 po turistickom chodn\u00edku Lampenweg, vystupuj\u00fac na vrchol kopca Uetliberg. Nezabudnite preto na pevn\u00fa obuv.<\/span><\/div>\n<div><span style=\"color: #333333;\">\u00a0<\/span><\/div>\n<div><span style=\"color: #333333;\">V\u0161etk\u00fdch srde\u010dne poz\u00fdvame k \u00fa\u010dasti na kr\u00ed\u017eovej ceste a po jej skon\u010den\u00ed na spolo\u010dn\u00e9 posedenie v re\u0161taur\u00e1cii Uto Staffel tesne pod vrcholom Uetlibergu.<\/span><\/div>\n<p><a href=\"https:\/\/www.skmisia.ch\/wp-content\/uploads\/2016\/04\/DSC01107.jpg\"><img decoding=\"async\" loading=\"lazy\" class=\"aligncenter size-medium wp-image-5190\" src=\"https:\/\/www.skmisia.ch\/wp-content\/uploads\/2016\/04\/DSC01107-300x225.jpg\" alt=\"Uetliberg2016\" width=\"300\" height=\"225\" srcset=\"https:\/\/www.skmisia.ch\/wp-content\/uploads\/2016\/04\/DSC01107-300x225.jpg 300w, https:\/\/www.skmisia.ch\/wp-content\/uploads\/2016\/04\/DSC01107-1024x768.jpg 1024w, https:\/\/www.skmisia.ch\/wp-content\/uploads\/2016\/04\/DSC01107.jpg 1469w\" sizes=\"(max-width: 300px) 100vw, 300px\" \/><\/a><\/p>\n<p><a href=\"https:\/\/www.skmisia.ch\/wp-content\/uploads\/2016\/04\/20160306_171118.jpg\"><br \/>\n<\/a><a href=\"https:\/\/www.skmisia.ch\/wp-content\/uploads\/2016\/04\/20160306_171310.jpg\"><img decoding=\"async\" loading=\"lazy\" class=\"aligncenter size-medium wp-image-5169\" src=\"https:\/\/www.skmisia.ch\/wp-content\/uploads\/2016\/04\/20160306_171310-300x169.jpg\" alt=\"Uetliberg2016\" width=\"300\" height=\"169\" srcset=\"https:\/\/www.skmisia.ch\/wp-content\/uploads\/2016\/04\/20160306_171310-300x169.jpg 300w, https:\/\/www.skmisia.ch\/wp-content\/uploads\/2016\/04\/20160306_171310-1024x576.jpg 1024w\" sizes=\"(max-width: 300px) 100vw, 300px\" \/><\/a><\/p>\n<p><a href=\"https:\/\/www.skmisia.ch\/wp-content\/uploads\/2016\/04\/20160306_171402.jpg\"><img decoding=\"async\" loading=\"lazy\" class=\"aligncenter size-medium wp-image-5170\" src=\"https:\/\/www.skmisia.ch\/wp-content\/uploads\/2016\/04\/20160306_171402-300x169.jpg\" alt=\"Uetliberg2016\" width=\"300\" height=\"169\" srcset=\"https:\/\/www.skmisia.ch\/wp-content\/uploads\/2016\/04\/20160306_171402-300x169.jpg 300w, https:\/\/www.skmisia.ch\/wp-content\/uploads\/2016\/04\/20160306_171402-1024x576.jpg 1024w\" sizes=\"(max-width: 300px) 100vw, 300px\" \/><\/a><\/p>\n","protected":false},"excerpt":{"rendered":"<p>Podobne ako minul\u00e9 roky, aj tento rok by sme chceli zorganizova\u0165 na Kvetn\u00fa nede\u013eu tradi\u010dn\u00fa kr\u00ed\u017eov\u00fa cestu v pr\u00edrode chodn\u00edkom na \u00dcetliberg. \u00a0 Stretneme sa v nede\u013eu 25. marca o 14:30 na parkovisku na\u00a0Uetlibergstrasse&#46;&#46;&#46;<\/p>\n","protected":false},"author":3,"featured_media":5192,"comment_status":"open","ping_status":"open","sticky":false,"template":"","format":"standard","meta":{"ngg_post_thumbnail":0},"categories":[24,1],"tags":[],"_links":{"self":[{"href":"https:\/\/www.skmisia.ch\/index.php?rest_route=\/wp\/v2\/posts\/864"}],"collection":[{"href":"https:\/\/www.skmisia.ch\/index.php?rest_route=\/wp\/v2\/posts"}],"about":[{"href":"https:\/\/www.skmisia.ch\/index.php?rest_route=\/wp\/v2\/types\/post"}],"author":[{"embeddable":true,"href":"https:\/\/www.skmisia.ch\/index.php?rest_route=\/wp\/v2\/users\/3"}],"replies":[{"embeddable":true,"href":"https:\/\/www.skmisia.ch\/index.php?rest_route=%2Fwp%2Fv2%2Fcomments&post=864"}],"version-history":[{"count":12,"href":"https:\/\/www.skmisia.ch\/index.php?rest_route=\/wp\/v2\/posts\/864\/revisions"}],"predecessor-version":[{"id":8246,"href":"https:\/\/www.skmisia.ch\/index.php?rest_route=\/wp\/v2\/posts\/864\/revisions\/8246"}],"wp:featuredmedia":[{"embeddable":true,"href":"https:\/\/www.skmisia.ch\/index.php?rest_route=\/wp\/v2\/media\/5192"}],"wp:attachment":[{"href":"https:\/\/www.skmisia.ch\/index.php?rest_route=%2Fwp%2Fv2%2Fmedia&parent=864"}],"wp:term":[{"taxonomy":"category","embeddable":true,"href":"https:\/\/www.skmisia.ch\/index.php?rest_route=%2Fwp%2Fv2%2Fcategories&post=864"},{"taxonomy":"post_tag","embeddable":true,"href":"https:\/\/www.skmisia.ch\/index.php?rest_route=%2Fwp%2Fv2%2Ftags&post=864"}],"curies":[{"name":"wp","href":"https:\/\/api.w.org\/{rel}","templated":true}]}}