{"id":8631,"date":"2018-08-09T16:00:19","date_gmt":"2018-08-09T15:00:19","guid":{"rendered":"https:\/\/www.skmisia.ch\/?p=8631"},"modified":"2019-04-08T21:08:46","modified_gmt":"2019-04-08T20:08:46","slug":"v-predvecer-pute-do-einsiedel-vdacni-za-identitu-a-korene-tanecny-dom","status":"publish","type":"post","link":"https:\/\/www.skmisia.ch\/?p=8631","title":{"rendered":"V predve\u010der p\u00fate do Einsiedel &#8230; v\u010fa\u010dn\u00ed za identitu a korene = Tane\u010dn\u00fd dom"},"content":{"rendered":"<p><span style=\"color: #333333;\">Mil\u00ed priatelia,<\/span><\/p>\n<p><span style=\"color: #333333;\">dni 1. a 2. Septembra 2018 sa bud\u00fa nies\u0165\u00a0 v duchu v\u010fa\u010dnosti i pripomenutia n\u00e1\u0161ho folkl\u00f3rneho a du\u0161evn\u00e9ho bohatstva i kult\u00farnych zvyklost\u00ed. V\u00edkend zav\u0155\u0161ime odkazom na na\u0161e kres\u0165ansk\u00e9 korene a dedi\u010dstvo \u00fa\u010das\u0165ou na p\u00fati v Einsiedeln (2. September 12:30), kde srde\u010dne poz\u00fdvame najm\u00e4 v\u0161etk\u00fdch krojovancov, aby sa zapojili do sl\u00e1vnostn\u00e9ho sprievodu reprezentuj\u00faceho v\u0161etky regi\u00f3ny. U\u017e vopred v\u00e1m prajeme pr\u00edjemn\u00fd kult\u00farny a duchovn\u00fd z\u00e1\u017eitok.<\/span><\/p>\n<p><a href=\"https:\/\/www.skmisia.ch\/wp-content\/uploads\/2018\/08\/Tane\u010dn\u00fd-dom-SK4-1.jpg\" target=\"_blank\" rel=\"noopener noreferrer\"><img decoding=\"async\" loading=\"lazy\" class=\"aligncenter wp-image-8632 size-full\" src=\"https:\/\/www.skmisia.ch\/wp-content\/uploads\/2018\/08\/Tane\u010dn\u00fd-dom-SK4-1.jpg\" alt=\"\" width=\"1588\" height=\"2246\" srcset=\"https:\/\/www.skmisia.ch\/wp-content\/uploads\/2018\/08\/Tane\u010dn\u00fd-dom-SK4-1.jpg 1588w, https:\/\/www.skmisia.ch\/wp-content\/uploads\/2018\/08\/Tane\u010dn\u00fd-dom-SK4-1-212x300.jpg 212w, https:\/\/www.skmisia.ch\/wp-content\/uploads\/2018\/08\/Tane\u010dn\u00fd-dom-SK4-1-768x1086.jpg 768w, https:\/\/www.skmisia.ch\/wp-content\/uploads\/2018\/08\/Tane\u010dn\u00fd-dom-SK4-1-724x1024.jpg 724w\" sizes=\"(max-width: 1588px) 100vw, 1588px\" \/><\/a><\/p>\n<p>&nbsp;<\/p>\n","protected":false},"excerpt":{"rendered":"<p>Mil\u00ed priatelia, dni 1. a 2. Septembra 2018 sa bud\u00fa nies\u0165\u00a0 v duchu v\u010fa\u010dnosti i pripomenutia n\u00e1\u0161ho folkl\u00f3rneho a du\u0161evn\u00e9ho bohatstva i kult\u00farnych zvyklost\u00ed. V\u00edkend zav\u0155\u0161ime odkazom na na\u0161e kres\u0165ansk\u00e9 korene a dedi\u010dstvo \u00fa\u010das\u0165ou&#46;&#46;&#46;<\/p>\n","protected":false},"author":3,"featured_media":8632,"comment_status":"open","ping_status":"closed","sticky":false,"template":"","format":"standard","meta":{"ngg_post_thumbnail":0},"categories":[24,1],"tags":[],"_links":{"self":[{"href":"https:\/\/www.skmisia.ch\/index.php?rest_route=\/wp\/v2\/posts\/8631"}],"collection":[{"href":"https:\/\/www.skmisia.ch\/index.php?rest_route=\/wp\/v2\/posts"}],"about":[{"href":"https:\/\/www.skmisia.ch\/index.php?rest_route=\/wp\/v2\/types\/post"}],"author":[{"embeddable":true,"href":"https:\/\/www.skmisia.ch\/index.php?rest_route=\/wp\/v2\/users\/3"}],"replies":[{"embeddable":true,"href":"https:\/\/www.skmisia.ch\/index.php?rest_route=%2Fwp%2Fv2%2Fcomments&post=8631"}],"version-history":[{"count":4,"href":"https:\/\/www.skmisia.ch\/index.php?rest_route=\/wp\/v2\/posts\/8631\/revisions"}],"predecessor-version":[{"id":8636,"href":"https:\/\/www.skmisia.ch\/index.php?rest_route=\/wp\/v2\/posts\/8631\/revisions\/8636"}],"wp:featuredmedia":[{"embeddable":true,"href":"https:\/\/www.skmisia.ch\/index.php?rest_route=\/wp\/v2\/media\/8632"}],"wp:attachment":[{"href":"https:\/\/www.skmisia.ch\/index.php?rest_route=%2Fwp%2Fv2%2Fmedia&parent=8631"}],"wp:term":[{"taxonomy":"category","embeddable":true,"href":"https:\/\/www.skmisia.ch\/index.php?rest_route=%2Fwp%2Fv2%2Fcategories&post=8631"},{"taxonomy":"post_tag","embeddable":true,"href":"https:\/\/www.skmisia.ch\/index.php?rest_route=%2Fwp%2Fv2%2Ftags&post=8631"}],"curies":[{"name":"wp","href":"https:\/\/api.w.org\/{rel}","templated":true}]}}