{"id":8544,"date":"2018-06-24T08:16:29","date_gmt":"2018-06-24T07:16:29","guid":{"rendered":"https:\/\/www.skmisia.ch\/?p=8544"},"modified":"2019-04-08T21:08:46","modified_gmt":"2019-04-08T20:08:46","slug":"sv-omsa-na-slavnost-sv-petra-a-sv-pavla-vigilia-stvrtok-vecer","status":"publish","type":"post","link":"https:\/\/www.skmisia.ch\/?p=8544","title":{"rendered":"\u0160tvrtok ve\u010der &#8211; sv. om\u0161a na sl\u00e1vnos\u0165 sv. Petra a sv. Pavla &#8211; VIG\u00cdLIA"},"content":{"rendered":"<p><span style=\"color: #333333;\"><strong>Vo \u0161tvrtok 28. j\u00fana o\u00a019:00<\/strong>\u00a0bude vig\u00edlna sv. om\u0161a zo sl\u00e1vnosti sv.\u00a0<strong>Petra a Pavla<\/strong>\u00a0spolu s\u00a0\u010deskou misiou v\u00a0kostole sv. J\u00e1na Bosca. V\u00a0kant\u00f3noch, kde je de\u0148 pracovn\u00e9ho pokoja je to prik\u00e1zan\u00fd sviatok, v\u00a0Z\u00fcrichu a\u00a0kde sa pracuje je to odpor\u00fa\u010dan\u00fd sviatok.<\/span><\/p>\n<p><a href=\"https:\/\/www.skmisia.ch\/wp-content\/uploads\/2018\/06\/Peter-a-Pavol.jpg\"><img decoding=\"async\" loading=\"lazy\" class=\"aligncenter size-full wp-image-8545\" src=\"https:\/\/www.skmisia.ch\/wp-content\/uploads\/2018\/06\/Peter-a-Pavol.jpg\" alt=\"\" width=\"660\" height=\"535\" srcset=\"https:\/\/www.skmisia.ch\/wp-content\/uploads\/2018\/06\/Peter-a-Pavol.jpg 660w, https:\/\/www.skmisia.ch\/wp-content\/uploads\/2018\/06\/Peter-a-Pavol-300x243.jpg 300w\" sizes=\"(max-width: 660px) 100vw, 660px\" \/><\/a><\/p>\n","protected":false},"excerpt":{"rendered":"<p>Vo \u0161tvrtok 28. j\u00fana o\u00a019:00\u00a0bude vig\u00edlna sv. om\u0161a zo sl\u00e1vnosti sv.\u00a0Petra a Pavla\u00a0spolu s\u00a0\u010deskou misiou v\u00a0kostole sv. J\u00e1na Bosca. V\u00a0kant\u00f3noch, kde je de\u0148 pracovn\u00e9ho pokoja je to prik\u00e1zan\u00fd sviatok, v\u00a0Z\u00fcrichu a\u00a0kde sa pracuje je&#46;&#46;&#46;<\/p>\n","protected":false},"author":3,"featured_media":8545,"comment_status":"open","ping_status":"closed","sticky":false,"template":"","format":"standard","meta":{"ngg_post_thumbnail":0},"categories":[24,1],"tags":[],"_links":{"self":[{"href":"https:\/\/www.skmisia.ch\/index.php?rest_route=\/wp\/v2\/posts\/8544"}],"collection":[{"href":"https:\/\/www.skmisia.ch\/index.php?rest_route=\/wp\/v2\/posts"}],"about":[{"href":"https:\/\/www.skmisia.ch\/index.php?rest_route=\/wp\/v2\/types\/post"}],"author":[{"embeddable":true,"href":"https:\/\/www.skmisia.ch\/index.php?rest_route=\/wp\/v2\/users\/3"}],"replies":[{"embeddable":true,"href":"https:\/\/www.skmisia.ch\/index.php?rest_route=%2Fwp%2Fv2%2Fcomments&post=8544"}],"version-history":[{"count":2,"href":"https:\/\/www.skmisia.ch\/index.php?rest_route=\/wp\/v2\/posts\/8544\/revisions"}],"predecessor-version":[{"id":8547,"href":"https:\/\/www.skmisia.ch\/index.php?rest_route=\/wp\/v2\/posts\/8544\/revisions\/8547"}],"wp:featuredmedia":[{"embeddable":true,"href":"https:\/\/www.skmisia.ch\/index.php?rest_route=\/wp\/v2\/media\/8545"}],"wp:attachment":[{"href":"https:\/\/www.skmisia.ch\/index.php?rest_route=%2Fwp%2Fv2%2Fmedia&parent=8544"}],"wp:term":[{"taxonomy":"category","embeddable":true,"href":"https:\/\/www.skmisia.ch\/index.php?rest_route=%2Fwp%2Fv2%2Fcategories&post=8544"},{"taxonomy":"post_tag","embeddable":true,"href":"https:\/\/www.skmisia.ch\/index.php?rest_route=%2Fwp%2Fv2%2Ftags&post=8544"}],"curies":[{"name":"wp","href":"https:\/\/api.w.org\/{rel}","templated":true}]}}