{"id":8529,"date":"2018-06-15T15:24:12","date_gmt":"2018-06-15T14:24:12","guid":{"rendered":"https:\/\/www.skmisia.ch\/?p=8529"},"modified":"2019-04-08T21:08:46","modified_gmt":"2019-04-08T20:08:46","slug":"slovensky-chramovy-koncert-v-bazilej-17-juna-2018","status":"publish","type":"post","link":"https:\/\/www.skmisia.ch\/?p=8529","title":{"rendered":"Slovensk\u00fd chr\u00e1mov\u00fd koncert v Bazilej 17. j\u00fana 2018"},"content":{"rendered":"<p><span style=\"color: #333333;\">Dovo\u013ete mi v\u00e1m posla\u0165 oznam o udalosti, ktor\u00e1 sa uskuto\u010dn\u00ed 17. j\u00fana o 16:00 hod v kostole St. Marien-Kirche v Bazilej. Podrobnosti, pros\u00edm n\u00e1jdete v prilo\u017eenom plag\u00e1te a pr\u00edloh\u00e1ch. Touto cestou v\u00e1s a Slov\u00e1kov \u017eij\u00facich v okol\u00ed srde\u010dne poz\u00fdvam na tento koncert organizovan\u00fd hudobnou \u0161kolou Ladislava Stan\u010deka z Prievidze. V \u00favode sa predstav\u00ed chlap\u010densk\u00fd spev\u00e1cky zbor Knabenkantorei a po \u0148om deti, ml\u00e1de\u017e a u\u010ditelia z na\u0161ej \u0161koly. Budeme v\u00e1m ve\u013emi v\u010fa\u010dn\u00ed ak t\u00fato spr\u00e1vu budete \u0161\u00edri\u0165 aj \u010falej medzi na\u0161imi rod\u00e1kmi a ich pr\u00edbuzn\u00fdmi. \u010eakujem.<\/span><\/p>\n<p><a href=\"https:\/\/www.skmisia.ch\/wp-content\/uploads\/2018\/06\/Plagat.jpg\"><img decoding=\"async\" loading=\"lazy\" class=\"aligncenter size-full wp-image-8532\" src=\"https:\/\/www.skmisia.ch\/wp-content\/uploads\/2018\/06\/Plagat.jpg\" alt=\"\" width=\"3307\" height=\"4677\" srcset=\"https:\/\/www.skmisia.ch\/wp-content\/uploads\/2018\/06\/Plagat.jpg 3307w, https:\/\/www.skmisia.ch\/wp-content\/uploads\/2018\/06\/Plagat-212x300.jpg 212w, https:\/\/www.skmisia.ch\/wp-content\/uploads\/2018\/06\/Plagat-768x1086.jpg 768w, https:\/\/www.skmisia.ch\/wp-content\/uploads\/2018\/06\/Plagat-724x1024.jpg 724w\" sizes=\"(max-width: 3307px) 100vw, 3307px\" \/><\/a><\/p>\n<p><a href=\"https:\/\/www.skmisia.ch\/wp-content\/uploads\/2018\/06\/Info-1.jpg\"><img decoding=\"async\" loading=\"lazy\" class=\"aligncenter size-full wp-image-8530\" src=\"https:\/\/www.skmisia.ch\/wp-content\/uploads\/2018\/06\/Info-1.jpg\" alt=\"\" width=\"3307\" height=\"4677\" srcset=\"https:\/\/www.skmisia.ch\/wp-content\/uploads\/2018\/06\/Info-1.jpg 3307w, https:\/\/www.skmisia.ch\/wp-content\/uploads\/2018\/06\/Info-1-212x300.jpg 212w, https:\/\/www.skmisia.ch\/wp-content\/uploads\/2018\/06\/Info-1-768x1086.jpg 768w, https:\/\/www.skmisia.ch\/wp-content\/uploads\/2018\/06\/Info-1-724x1024.jpg 724w\" sizes=\"(max-width: 3307px) 100vw, 3307px\" \/><\/a> <a href=\"https:\/\/www.skmisia.ch\/wp-content\/uploads\/2018\/06\/Info-2.jpg\"><img decoding=\"async\" loading=\"lazy\" class=\"aligncenter size-medium wp-image-8531\" src=\"https:\/\/www.skmisia.ch\/wp-content\/uploads\/2018\/06\/Info-2.jpg\" alt=\"\" width=\"212\" height=\"300\" srcset=\"https:\/\/www.skmisia.ch\/wp-content\/uploads\/2018\/06\/Info-2.jpg 3307w, https:\/\/www.skmisia.ch\/wp-content\/uploads\/2018\/06\/Info-2-212x300.jpg 212w, https:\/\/www.skmisia.ch\/wp-content\/uploads\/2018\/06\/Info-2-768x1086.jpg 768w, https:\/\/www.skmisia.ch\/wp-content\/uploads\/2018\/06\/Info-2-724x1024.jpg 724w\" sizes=\"(max-width: 212px) 100vw, 212px\" \/><\/a><\/p>\n","protected":false},"excerpt":{"rendered":"<p>Dovo\u013ete mi v\u00e1m posla\u0165 oznam o udalosti, ktor\u00e1 sa uskuto\u010dn\u00ed 17. j\u00fana o 16:00 hod v kostole St. Marien-Kirche v Bazilej. Podrobnosti, pros\u00edm n\u00e1jdete v prilo\u017eenom plag\u00e1te a pr\u00edloh\u00e1ch. Touto cestou v\u00e1s a Slov\u00e1kov&#46;&#46;&#46;<\/p>\n","protected":false},"author":3,"featured_media":8532,"comment_status":"open","ping_status":"closed","sticky":false,"template":"","format":"standard","meta":{"ngg_post_thumbnail":0},"categories":[24,1],"tags":[],"_links":{"self":[{"href":"https:\/\/www.skmisia.ch\/index.php?rest_route=\/wp\/v2\/posts\/8529"}],"collection":[{"href":"https:\/\/www.skmisia.ch\/index.php?rest_route=\/wp\/v2\/posts"}],"about":[{"href":"https:\/\/www.skmisia.ch\/index.php?rest_route=\/wp\/v2\/types\/post"}],"author":[{"embeddable":true,"href":"https:\/\/www.skmisia.ch\/index.php?rest_route=\/wp\/v2\/users\/3"}],"replies":[{"embeddable":true,"href":"https:\/\/www.skmisia.ch\/index.php?rest_route=%2Fwp%2Fv2%2Fcomments&post=8529"}],"version-history":[{"count":1,"href":"https:\/\/www.skmisia.ch\/index.php?rest_route=\/wp\/v2\/posts\/8529\/revisions"}],"predecessor-version":[{"id":8533,"href":"https:\/\/www.skmisia.ch\/index.php?rest_route=\/wp\/v2\/posts\/8529\/revisions\/8533"}],"wp:featuredmedia":[{"embeddable":true,"href":"https:\/\/www.skmisia.ch\/index.php?rest_route=\/wp\/v2\/media\/8532"}],"wp:attachment":[{"href":"https:\/\/www.skmisia.ch\/index.php?rest_route=%2Fwp%2Fv2%2Fmedia&parent=8529"}],"wp:term":[{"taxonomy":"category","embeddable":true,"href":"https:\/\/www.skmisia.ch\/index.php?rest_route=%2Fwp%2Fv2%2Fcategories&post=8529"},{"taxonomy":"post_tag","embeddable":true,"href":"https:\/\/www.skmisia.ch\/index.php?rest_route=%2Fwp%2Fv2%2Ftags&post=8529"}],"curies":[{"name":"wp","href":"https:\/\/api.w.org\/{rel}","templated":true}]}}