{"id":8523,"date":"2018-06-15T14:59:35","date_gmt":"2018-06-15T13:59:35","guid":{"rendered":"https:\/\/www.skmisia.ch\/?p=8523"},"modified":"2019-04-08T21:08:46","modified_gmt":"2019-04-08T20:08:46","slug":"8523","status":"publish","type":"post","link":"https:\/\/www.skmisia.ch\/?p=8523","title":{"rendered":"Ako sme str\u00e1vili Tur\u00edce na rodinnom v\u00edkende"},"content":{"rendered":"<p><span style=\"color: #333333;\">Aj tento rok sme Tur\u00edce str\u00e1vili na rodinnom v\u00edkende, ktor\u00fd ka\u017edoro\u010dne organizuje Slovensk\u00e1 katol\u00edcka misia. Tentokr\u00e1t sme sa stretli v\u00a0n\u00e1dhernom prostred\u00ed Beatenbergu, s\u00a0nezabudnute\u013en\u00fdmi v\u00fdh\u013eadmi na rozpr\u00e1vkovo modr\u00e9 Thunersee a\u00a0zasne\u017een\u00e9 vrcholky \u00c1lp. Na stretnut\u00ed sme sa z\u00fa\u010dastnili spolu s \u010fal\u0161\u00edmi 19 rodinami z\u00a0r\u00f4znych k\u00fatov \u0160vaj\u010diarska, aby sme spolo\u010dne osl\u00e1vili Zoslanie Ducha Sv\u00e4t\u00e9ho, odd\u00fdchli si a\u00a0na\u010derpali silu z\u00a0duchovn\u00e9ho spolo\u010dnenstva.<\/span><\/p>\n<p><span style=\"color: #333333;\">Program pre man\u017eelov bol na t\u00e9mu Pramene radosti. Po\u010das predn\u00e1\u0161ok sme mali mo\u017enos\u0165 poprem\u00fd\u0161\u013ea\u0165 nad t\u00fdm, ako a\u00a0kedy pre\u017e\u00edvame rados\u0165. Po\u010das diskusi\u00ed v\u00a0skupink\u00e1ch bol priestor na zdie\u013eanie toho, \u010do n\u00e1m v\u00a0radosti br\u00e1ni ako aj praktick\u00fdch tipov, ako za\u017e\u00edva\u0165 rados\u0165 po\u010das v\u0161edn\u00fdch dn\u00ed. Ve\u013emi dobre n\u00e1m padla splo\u010dn\u00e1 prech\u00e1dzka vo dvojiciach so zastaveniami, kde sme mali odpoveda\u0165 na nevedomostn\u00e9 ot\u00e1zky typu: &#8230; <em>pokra\u010dovanie n\u00e1jdete v Misijnom inform\u00e1tore<\/em> <em>\ud83d\ude42<\/em><\/span><\/p>\n<p><a href=\"https:\/\/www.skmisia.ch\/wp-content\/uploads\/2018\/06\/Beatenberg-foto-1.jpg\"><img decoding=\"async\" loading=\"lazy\" class=\"aligncenter wp-image-8524 size-full\" src=\"https:\/\/www.skmisia.ch\/wp-content\/uploads\/2018\/06\/Beatenberg-foto-1.jpg\" alt=\"\" width=\"3216\" height=\"2136\" srcset=\"https:\/\/www.skmisia.ch\/wp-content\/uploads\/2018\/06\/Beatenberg-foto-1.jpg 3216w, https:\/\/www.skmisia.ch\/wp-content\/uploads\/2018\/06\/Beatenberg-foto-1-300x199.jpg 300w, https:\/\/www.skmisia.ch\/wp-content\/uploads\/2018\/06\/Beatenberg-foto-1-768x510.jpg 768w, https:\/\/www.skmisia.ch\/wp-content\/uploads\/2018\/06\/Beatenberg-foto-1-1024x680.jpg 1024w\" sizes=\"(max-width: 3216px) 100vw, 3216px\" \/><\/a><a href=\"https:\/\/www.skmisia.ch\/wp-content\/uploads\/2018\/06\/Beatenberg-foto-2.jpg\"><img decoding=\"async\" loading=\"lazy\" class=\"aligncenter size-full wp-image-8525\" src=\"https:\/\/www.skmisia.ch\/wp-content\/uploads\/2018\/06\/Beatenberg-foto-2.jpg\" alt=\"\" width=\"4903\" height=\"3832\" srcset=\"https:\/\/www.skmisia.ch\/wp-content\/uploads\/2018\/06\/Beatenberg-foto-2.jpg 4903w, https:\/\/www.skmisia.ch\/wp-content\/uploads\/2018\/06\/Beatenberg-foto-2-300x234.jpg 300w, https:\/\/www.skmisia.ch\/wp-content\/uploads\/2018\/06\/Beatenberg-foto-2-768x600.jpg 768w, https:\/\/www.skmisia.ch\/wp-content\/uploads\/2018\/06\/Beatenberg-foto-2-1024x800.jpg 1024w\" sizes=\"(max-width: 4903px) 100vw, 4903px\" \/><\/a><\/p>\n<p>&nbsp;<\/p>\n","protected":false},"excerpt":{"rendered":"<p>Aj tento rok sme Tur\u00edce str\u00e1vili na rodinnom v\u00edkende, ktor\u00fd ka\u017edoro\u010dne organizuje Slovensk\u00e1 katol\u00edcka misia. Tentokr\u00e1t sme sa stretli v\u00a0n\u00e1dhernom prostred\u00ed Beatenbergu, s\u00a0nezabudnute\u013en\u00fdmi v\u00fdh\u013eadmi na rozpr\u00e1vkovo modr\u00e9 Thunersee a\u00a0zasne\u017een\u00e9 vrcholky \u00c1lp. Na stretnut\u00ed sme&#46;&#46;&#46;<\/p>\n","protected":false},"author":3,"featured_media":8524,"comment_status":"open","ping_status":"closed","sticky":false,"template":"","format":"standard","meta":{"ngg_post_thumbnail":0},"categories":[24,1],"tags":[],"_links":{"self":[{"href":"https:\/\/www.skmisia.ch\/index.php?rest_route=\/wp\/v2\/posts\/8523"}],"collection":[{"href":"https:\/\/www.skmisia.ch\/index.php?rest_route=\/wp\/v2\/posts"}],"about":[{"href":"https:\/\/www.skmisia.ch\/index.php?rest_route=\/wp\/v2\/types\/post"}],"author":[{"embeddable":true,"href":"https:\/\/www.skmisia.ch\/index.php?rest_route=\/wp\/v2\/users\/3"}],"replies":[{"embeddable":true,"href":"https:\/\/www.skmisia.ch\/index.php?rest_route=%2Fwp%2Fv2%2Fcomments&post=8523"}],"version-history":[{"count":3,"href":"https:\/\/www.skmisia.ch\/index.php?rest_route=\/wp\/v2\/posts\/8523\/revisions"}],"predecessor-version":[{"id":8528,"href":"https:\/\/www.skmisia.ch\/index.php?rest_route=\/wp\/v2\/posts\/8523\/revisions\/8528"}],"wp:featuredmedia":[{"embeddable":true,"href":"https:\/\/www.skmisia.ch\/index.php?rest_route=\/wp\/v2\/media\/8524"}],"wp:attachment":[{"href":"https:\/\/www.skmisia.ch\/index.php?rest_route=%2Fwp%2Fv2%2Fmedia&parent=8523"}],"wp:term":[{"taxonomy":"category","embeddable":true,"href":"https:\/\/www.skmisia.ch\/index.php?rest_route=%2Fwp%2Fv2%2Fcategories&post=8523"},{"taxonomy":"post_tag","embeddable":true,"href":"https:\/\/www.skmisia.ch\/index.php?rest_route=%2Fwp%2Fv2%2Ftags&post=8523"}],"curies":[{"name":"wp","href":"https:\/\/api.w.org\/{rel}","templated":true}]}}