{"id":8364,"date":"2018-05-15T17:26:54","date_gmt":"2018-05-15T16:26:54","guid":{"rendered":"https:\/\/www.skmisia.ch\/?p=8364"},"modified":"2019-04-08T21:08:46","modified_gmt":"2019-04-08T20:08:46","slug":"novena-k-panne-marii-pomocnici","status":"publish","type":"post","link":"https:\/\/www.skmisia.ch\/?p=8364","title":{"rendered":"Nov\u00e9na k Panne M\u00e1rii Pomocnici"},"content":{"rendered":"<p><span style=\"color: #333333;\">V tomto roku 150. v\u00fdro\u010dia posviacky Baziliky M\u00e1rie Pomocnice v Tur\u00edne, pon\u00faka hlavn\u00fd predstaven\u00fd salezi\u00e1nov don \u00c1ngel Fern\u00e1ndez Artime spolo\u010dn\u00fa nov\u00e9nu pred jej sviatkom, aby sa takto v \u00facte k Pomocnici zjednotila cel\u00e1 salezi\u00e1nska rodina.<\/span><\/p>\n<p><span style=\"color: #333333;\">Nov\u00e9na m\u00e1 formu videa. Ka\u017ed\u00e1 \u010das\u0165 obsahuje vyrozpr\u00e1van\u00fd sen, koment\u00e1r hlavn\u00e9ho predstaven\u00e9ho, svedectvo \u010dlena salezi\u00e1nskej rodiny a modlitbu.<\/span><\/p>\n<p><span style=\"color: #333333;\">Link ku deviatniku:\u00a0<\/span><a href=\"http:\/\/saleziani.sk\/spravy\/16-slovensko4\/2466-novena-k-pomocnici\" target=\"_blank\" rel=\"noopener noreferrer\">http:\/\/saleziani.sk\/spravy\/16-slovensko4\/2466-novena-k-pomocnici<\/a><\/p>\n<p>*<\/p>\n<div class=\"video-container\"><iframe loading=\"lazy\" title=\"Nov\u00e9na k M\u00e1ri\u00ed Pomocnici kres\u0165anov - 2. de\u0148\" width=\"500\" height=\"281\" src=\"https:\/\/www.youtube.com\/embed\/QeIK1Yb5U8s?feature=oembed&#038;wmode=opaque\" frameborder=\"0\" allow=\"accelerometer; autoplay; clipboard-write; encrypted-media; gyroscope; picture-in-picture; web-share\" allowfullscreen><\/iframe><\/div>\n<p>*<\/p>\n<div class=\"video-container\"><iframe loading=\"lazy\" title=\"Nov\u00e9na k M\u00e1rii Pomocnici kres\u0165anov - 3.de\u0148\" width=\"500\" height=\"281\" src=\"https:\/\/www.youtube.com\/embed\/oNOLD4ebzpE?feature=oembed&#038;wmode=opaque\" frameborder=\"0\" allow=\"accelerometer; autoplay; clipboard-write; encrypted-media; gyroscope; picture-in-picture; web-share\" allowfullscreen><\/iframe><\/div>\n","protected":false},"excerpt":{"rendered":"<p>V tomto roku 150. v\u00fdro\u010dia posviacky Baziliky M\u00e1rie Pomocnice v Tur\u00edne, pon\u00faka hlavn\u00fd predstaven\u00fd salezi\u00e1nov don \u00c1ngel Fern\u00e1ndez Artime spolo\u010dn\u00fa nov\u00e9nu pred jej sviatkom, aby sa takto v \u00facte k Pomocnici zjednotila cel\u00e1 salezi\u00e1nska&#46;&#46;&#46;<\/p>\n","protected":false},"author":3,"featured_media":8371,"comment_status":"open","ping_status":"closed","sticky":false,"template":"","format":"video","meta":{"ngg_post_thumbnail":0},"categories":[24,1],"tags":[],"_links":{"self":[{"href":"https:\/\/www.skmisia.ch\/index.php?rest_route=\/wp\/v2\/posts\/8364"}],"collection":[{"href":"https:\/\/www.skmisia.ch\/index.php?rest_route=\/wp\/v2\/posts"}],"about":[{"href":"https:\/\/www.skmisia.ch\/index.php?rest_route=\/wp\/v2\/types\/post"}],"author":[{"embeddable":true,"href":"https:\/\/www.skmisia.ch\/index.php?rest_route=\/wp\/v2\/users\/3"}],"replies":[{"embeddable":true,"href":"https:\/\/www.skmisia.ch\/index.php?rest_route=%2Fwp%2Fv2%2Fcomments&post=8364"}],"version-history":[{"count":6,"href":"https:\/\/www.skmisia.ch\/index.php?rest_route=\/wp\/v2\/posts\/8364\/revisions"}],"predecessor-version":[{"id":8372,"href":"https:\/\/www.skmisia.ch\/index.php?rest_route=\/wp\/v2\/posts\/8364\/revisions\/8372"}],"wp:featuredmedia":[{"embeddable":true,"href":"https:\/\/www.skmisia.ch\/index.php?rest_route=\/wp\/v2\/media\/8371"}],"wp:attachment":[{"href":"https:\/\/www.skmisia.ch\/index.php?rest_route=%2Fwp%2Fv2%2Fmedia&parent=8364"}],"wp:term":[{"taxonomy":"category","embeddable":true,"href":"https:\/\/www.skmisia.ch\/index.php?rest_route=%2Fwp%2Fv2%2Fcategories&post=8364"},{"taxonomy":"post_tag","embeddable":true,"href":"https:\/\/www.skmisia.ch\/index.php?rest_route=%2Fwp%2Fv2%2Ftags&post=8364"}],"curies":[{"name":"wp","href":"https:\/\/api.w.org\/{rel}","templated":true}]}}