{"id":8349,"date":"2018-05-12T13:44:50","date_gmt":"2018-05-12T12:44:50","guid":{"rendered":"https:\/\/www.skmisia.ch\/?p=8349"},"modified":"2019-04-08T21:08:46","modified_gmt":"2019-04-08T20:08:46","slug":"papez-frantisek-navstivi-zenevu","status":"publish","type":"post","link":"https:\/\/www.skmisia.ch\/?p=8349","title":{"rendered":"P\u00e1pe\u017e Franti\u0161ek nav\u0161t\u00edvi \u017denevu"},"content":{"rendered":"<p><span style=\"color: #333333;\">Drah\u00ed veriaci,<\/span><\/p>\n<p><span style=\"color: #333333;\">D\u0148a 21. j\u00fana 2018 p\u00e1pe\u017e Franti\u0161ek nav\u0161t\u00edvi \u017denevu (Geneve). Vo \u0161tvrtok o 17:30 je ohl\u00e1sen\u00e1 sv\u00e4t\u00e1 om\u0161a\u00a0 na ktor\u00fa s\u00fa srde\u010dne pozvan\u00ed v\u0161etci veriaci. Kto m\u00e1 z\u00e1ujem z\u00fa\u010dastni\u0165 sa na tejto sv. om\u0161i spolu so Slovenskou Katol\u00edckou misiou, m\u00f4\u017ee sa prida\u0165, ale za podmienky, \u017ee sa zaregistruje najnesk\u00f4r do bud\u00facej nedele 20. m\u00e1ja do 15:00.\u00a0Jedn\u00e1 sa len o z\u00e1ujemcov, ktor\u00ed pocestuj\u00fa spolo\u010dne vlakom na trati Z\u00fcrich &#8211; \u017deneva (Geneve). Cesta vlakom do \u017denevy je nasledovn\u00e1:<\/span><\/p>\n<div class=\"mod_timetable_leg_times\">\n<div class=\"mod_timetable_leg_departure\"><span style=\"color: #333333;\">\u00a0<\/span><\/div>\n<div class=\"mod_timetable_leg_departure\">\n<div class=\"mod_timetable_leg_times\"><span style=\"color: #333333;\">\u00a0<\/span><\/div>\n<div class=\"mod_timetable_leg_arrival\">\n<div class=\"gmail-m_-8355411221658779740gmail-mod_timetable_leg_departure\"><span style=\"color: #333333;\">Vlak IC1 \u2013 InterCity 718:<\/span><\/div>\n<div class=\"gmail-m_-8355411221658779740gmail-mod_timetable_leg_departure\"><span style=\"color: #333333;\"><strong>12:32\u00a0 \u00a0Z\u00fcrich<\/strong>\u00a0(odchod HB, Gleis 32)<\/span><\/div>\n<div class=\"gmail-m_-8355411221658779740gmail-mod_timetable_leg_departure\"><span style=\"color: #333333;\"><strong>13:34\u00a0<\/strong>\u00a0\u00a0<strong>Bern<\/strong>\u00a0(odchod)<\/span><\/div>\n<div class=\"gmail-m_-8355411221658779740gmail-mod_timetable_leg_departure\"><span style=\"color: #333333;\"><strong>13:56<\/strong>\u00a0 \u00a0<strong>Freiburg<\/strong>\u00a0(odchod)<\/span><\/div>\n<div class=\"gmail-m_-8355411221658779740gmail-mod_timetable_leg_departure\"><span style=\"color: #333333;\"><strong>14:42\u00a0 \u00a0Lausanne<\/strong>\u00a0(odchod)<\/span><\/div>\n<div class=\"gmail-m_-8355411221658779740gmail-mod_timetable_leg_departure\">\n<div class=\"gmail-m_-8355411221658779740gmail-mod_timetable_leg_times\">\n<div class=\"gmail-m_-8355411221658779740gmail-mod_timetable_leg_arrival\"><span style=\"color: #333333;\"><strong>15:28\u00a0 \u00a0Genf &#8211;\u00a0\u00a0Gen\u00e8ve-A\u00e9roport &#8211; v\u00fdstupn\u00e1 stanica\u00a0<\/strong>(pr\u00edchod <strong>Geneve &#8211; Letisko<\/strong>, \u017deneva, Gleis 2)<\/span><\/div>\n<\/div>\n<\/div>\n<\/div>\n<div class=\"mod_timetable_leg_times\">\n<div class=\"mod_timetable_leg_departure\"><span style=\"color: #333333;\">\u00a0<\/span><\/div>\n<\/div>\n<\/div>\n<div class=\"mod_timetable_leg_departure\"><span style=\"color: #333333;\">\u00a0<\/span><\/div>\n<\/div>\n<p><span style=\"color: #333333;\"> Ka\u017ed\u00fd cestuj\u00faci si mus\u00ed samostatne zak\u00fapi\u0165 l\u00edstky (alebo zabezpe\u010di\u0165 Tageskarte). N\u00e1vrat bude flexibiln\u00fd pod\u013ea toho, kedy skon\u010d\u00ed sv. om\u0161a<\/span><\/p>\n<p><span style=\"color: #333333;\">Svoj z\u00e1ujem potvr\u010fte zaslan\u00edm va\u0161ich \u00fadajov do ni\u017e\u0161ie uvedenej tabu\u013eky elektronicky na adresu jozefbago@gmail.com<\/span><\/p>\n<table>\n<tbody>\n<tr>\n<td width=\"301\"><span style=\"color: #333333;\">Meno a\u00a0priezvisko:<\/span><\/td>\n<td width=\"301\"><span style=\"color: #333333;\">\u00a0<\/span><\/td>\n<\/tr>\n<tr>\n<td width=\"301\"><span style=\"color: #333333;\">Miesto nast\u00fapenia (Z\u00fcrich-Bern-Freiburg-Lausanne):<\/span><\/td>\n<td width=\"301\"><span style=\"color: #333333;\">\u00a0<\/span><\/td>\n<\/tr>\n<tr>\n<td width=\"301\"><span style=\"color: #333333;\">Telef\u00f3nne \u010d\u00edslo:<\/span><\/td>\n<td width=\"301\"><span style=\"color: #333333;\">\u00a0<\/span><\/td>\n<\/tr>\n<\/tbody>\n<\/table>\n<table>\n<tbody>\n<tr>\n<td width=\"301\"><span style=\"color: #333333;\">Vek:<\/span><\/td>\n<td width=\"301\"><span style=\"color: #333333;\">\u00a0<\/span><\/td>\n<\/tr>\n<\/tbody>\n<\/table>\n<p><a href=\"https:\/\/www.skmisia.ch\/wp-content\/uploads\/2018\/05\/papez-frantisek.jpg\"><img decoding=\"async\" loading=\"lazy\" class=\"aligncenter size-full wp-image-8350\" src=\"https:\/\/www.skmisia.ch\/wp-content\/uploads\/2018\/05\/papez-frantisek.jpg\" alt=\"\" width=\"640\" height=\"406\" srcset=\"https:\/\/www.skmisia.ch\/wp-content\/uploads\/2018\/05\/papez-frantisek.jpg 640w, https:\/\/www.skmisia.ch\/wp-content\/uploads\/2018\/05\/papez-frantisek-300x190.jpg 300w\" sizes=\"(max-width: 640px) 100vw, 640px\" \/><\/a><\/p>\n","protected":false},"excerpt":{"rendered":"<p>Drah\u00ed veriaci, D\u0148a 21. j\u00fana 2018 p\u00e1pe\u017e Franti\u0161ek nav\u0161t\u00edvi \u017denevu (Geneve). Vo \u0161tvrtok o 17:30 je ohl\u00e1sen\u00e1 sv\u00e4t\u00e1 om\u0161a\u00a0 na ktor\u00fa s\u00fa srde\u010dne pozvan\u00ed v\u0161etci veriaci. Kto m\u00e1 z\u00e1ujem z\u00fa\u010dastni\u0165 sa na tejto sv.&#46;&#46;&#46;<\/p>\n","protected":false},"author":3,"featured_media":8350,"comment_status":"open","ping_status":"closed","sticky":false,"template":"","format":"standard","meta":{"ngg_post_thumbnail":0},"categories":[24,1],"tags":[],"_links":{"self":[{"href":"https:\/\/www.skmisia.ch\/index.php?rest_route=\/wp\/v2\/posts\/8349"}],"collection":[{"href":"https:\/\/www.skmisia.ch\/index.php?rest_route=\/wp\/v2\/posts"}],"about":[{"href":"https:\/\/www.skmisia.ch\/index.php?rest_route=\/wp\/v2\/types\/post"}],"author":[{"embeddable":true,"href":"https:\/\/www.skmisia.ch\/index.php?rest_route=\/wp\/v2\/users\/3"}],"replies":[{"embeddable":true,"href":"https:\/\/www.skmisia.ch\/index.php?rest_route=%2Fwp%2Fv2%2Fcomments&post=8349"}],"version-history":[{"count":12,"href":"https:\/\/www.skmisia.ch\/index.php?rest_route=\/wp\/v2\/posts\/8349\/revisions"}],"predecessor-version":[{"id":8362,"href":"https:\/\/www.skmisia.ch\/index.php?rest_route=\/wp\/v2\/posts\/8349\/revisions\/8362"}],"wp:featuredmedia":[{"embeddable":true,"href":"https:\/\/www.skmisia.ch\/index.php?rest_route=\/wp\/v2\/media\/8350"}],"wp:attachment":[{"href":"https:\/\/www.skmisia.ch\/index.php?rest_route=%2Fwp%2Fv2%2Fmedia&parent=8349"}],"wp:term":[{"taxonomy":"category","embeddable":true,"href":"https:\/\/www.skmisia.ch\/index.php?rest_route=%2Fwp%2Fv2%2Fcategories&post=8349"},{"taxonomy":"post_tag","embeddable":true,"href":"https:\/\/www.skmisia.ch\/index.php?rest_route=%2Fwp%2Fv2%2Ftags&post=8349"}],"curies":[{"name":"wp","href":"https:\/\/api.w.org\/{rel}","templated":true}]}}