{"id":8335,"date":"2018-09-20T20:00:23","date_gmt":"2018-09-20T19:00:23","guid":{"rendered":"https:\/\/www.skmisia.ch\/?p=8335"},"modified":"2019-04-08T21:08:45","modified_gmt":"2019-04-08T20:08:45","slug":"oznamy-na-piatu-velkonocnu-nedelu-29-4-2018","status":"publish","type":"post","link":"https:\/\/www.skmisia.ch\/?p=8335","title":{"rendered":"Oznamy na 26. nede\u013eu (30.9. 2018)"},"content":{"rendered":"<p style=\"text-align: center;\"><span style=\"color: #333333;\"><strong>SLOVENSK<\/strong><strong>\u00c1 KATOL\u00cdCKA MISIA, BRAUERSTRA<\/strong><strong>SSE<\/strong><strong>\u00a0<\/strong><strong>99,<\/strong><\/span><\/p>\n<p style=\"text-align: center;\"><span style=\"color: #333333;\"><strong> 8004 Z\u00dcRICH;\u00a0<\/strong><strong>T\/F: 0041 44 241 50 22<\/strong><\/span><\/p>\n<p>&nbsp;<\/p>\n<p><span style=\"color: #333333;\">Oznamy na 26. nede\u013eu v obdob\u00ed cez rok.<\/span><\/p>\n<p>&nbsp;<\/p>\n<p><span style=\"color: #333333;\">Liturgick\u00fd kalend\u00e1r:<\/span><\/p>\n<p><span style=\"color: #333333;\">V pondelok je spomienka sv. Ter\u00e9zie z\u00a0Lisieux, panny a\u00a0u\u010dite\u013eky Cirkvi.<\/span><\/p>\n<p><span style=\"color: #333333;\">V utorok je spomienka sv. anjelov str\u00e1\u017ecov.<\/span><\/p>\n<p><span style=\"color: #333333;\">Vo \u0161tvrtok je spomienka sv. Franti\u0161ka Asissisk\u00e9ho.<\/span><\/p>\n<p><span style=\"color: #333333;\">V\u00a0piatok je \u013eubovo\u013en\u00e1 spomienka sv. Faust\u00edny Kowalskej, panny a\u00a0tie\u017e prv\u00fd piatok v\u00a0mesiaci okt\u00f3ber.<\/span><\/p>\n<p><span style=\"color: #333333;\">V sobotu je \u013eubovoln\u00fd spomienka Panny M\u00e1rie v sobotu.<\/span><\/p>\n<p><span style=\"color: #333333;\">Bud\u00facu nede\u013eu je 27. nede\u013ea v obdob\u00ed cez rok.<\/span><\/p>\n<p>&nbsp;<\/p>\n<p><span style=\"color: #333333;\">V stredu bude sv. om\u0161a o 20:00 v kostole sv. J\u00e1na Bosca na Talianskej misii. Stretnutie spevokolu je \u00bd hodimu pred sv. om\u0161ou. Sl\u00e1vici z misie s\u00fa pozvan\u00ed.<\/span><\/p>\n<p>&nbsp;<\/p>\n<p><span style=\"color: #333333;\">V piatok je prv\u00fd piatok v mesiaci. Spoveda\u0165 sa bude pred sv. Om\u0161ou od 18:45. Sv. om\u0161a bude o 19:30 tu v\u00a0Krypte-Liebfrauen a po nej bude nasledova\u0165 prvopiatkov\u00e1 pobo\u017enos\u0165, po\u010das ktorej bude mo\u017enos\u0165 sv. spoved\u00ed.<\/span><\/p>\n<p>&nbsp;<\/p>\n<p>&nbsp;<\/p>\n<p><span style=\"color: #333333;\">Dnes po sv. om\u0161i je:<\/span><\/p>\n<p><span style=\"color: #333333;\">&#8211; posedenie pri k\u00e1ve vo ve\u013ekej s\u00e1le farsk\u00e9ho centra.<\/span><\/p>\n<p><span style=\"color: #333333;\">&#8211; Katechizmus prvoprij\u00edmaj\u00facich det\u00ed v\u00a0Raum B<\/span><\/p>\n<p>&nbsp;<\/p>\n<p><span style=\"color: #333333;\">Vo \u0161tvrtok bude \u0161portov\u00fd kr\u00fa\u017eok \u2013 je potrebn\u00e9 sa nahl\u00e1si\u0165 do stredy, v\u00a0pr\u00edpade mal\u00e9ho z\u00e1ujmu bude znova mie\u0161an\u00fd volejbalov\u00fd kr\u00fa\u017eok.<\/span><\/p>\n<p><span style=\"color: #333333;\">V\u00a0sobotu je prv\u00e1 sobota v\u00a0mesiaci. Poz\u00fdvame v\u0161etk\u00fdch ctite\u013eov Panny M\u00e1rie na Mari\u00e1nske ve\u010deradlo na Taliansku misii. Za\u010dne o 10:00 kostole dona Bosca.<\/span><\/p>\n<p><span style=\"color: #333333;\">Organiza\u010dno-pl\u00e1novacie stretnutie dobrovo\u013en\u00edkov na\u0161ej misie pl\u00e1nujeme na 28.10. po sv. om\u0161i.<\/span><\/p>\n<p style=\"text-align: center;\">*<\/p>\n<p style=\"text-align: center;\"><span style=\"color: #808080;\"><strong>SLOVENSK<\/strong><strong>\u00c1 KATOL\u00cdCKA MISIA, BRAUERSTRA<\/strong><strong>SSE<\/strong><strong>\u00a0<\/strong><strong>99,<\/strong><\/span><\/p>\n<p style=\"text-align: center;\"><span style=\"color: #808080;\"><strong>8004 Z\u00dcRICH; T\/F: 0041 44 241 50 22<\/strong><\/span><\/p>\n<p>&nbsp;<\/p>\n<p><span style=\"color: #808080;\">Oznamy na 25. nede\u013eu v obdob\u00ed cez rok.<\/span><\/p>\n<p>&nbsp;<\/p>\n<p><span style=\"color: #808080;\">Liturgick\u00fd kalend\u00e1r:<\/span><\/p>\n<p><span style=\"color: #808080;\">V \u00fatorok je (sl\u00e1vnos\u0165 patr\u00f3na \u0160vaj\u010diarska) sv. Mikul\u00e1\u0161a z Fl\u00fce.<\/span><\/p>\n<p><span style=\"color: #808080;\">V stredu je \u013eubovo\u013en\u00e1 spomienka sv. Kozmu a\u00a0Dami\u00e1na, mu\u010den\u00edkov.<\/span><\/p>\n<p><span style=\"color: #808080;\">Vo \u0161tvrtok je spomienka sv. Vincenta de Paul, k\u0148aza.<\/span><\/p>\n<p><span style=\"color: #808080;\">V\u00a0piatok je \u013eubovo\u013en\u00e1 spomienka sv. V\u00e1clava, mu\u010den\u00edka.<\/span><\/p>\n<p><span style=\"color: #808080;\">V\u00a0sobotu je sviatok sv. archanjelov Michala, Gabriela a\u00a0Rafaela.<\/span><\/p>\n<p><span style=\"color: #808080;\">Bud\u00facu nede\u013eu je 26. nede\u013ea v obdob\u00ed cez rok.<\/span><\/p>\n<p>&nbsp;<\/p>\n<p>&nbsp;<\/p>\n<p><span style=\"color: #808080;\">V stredu bude sv. om\u0161a o 20:00 v kostole sv. J\u00e1na Bosca na Talianskej misii. N\u00e1cvik spevu je \u00bd hodimu pred sv. om\u0161ou.<\/span><\/p>\n<p>&nbsp;<\/p>\n<p><span style=\"color: #808080;\">Dnes po sv. om\u0161i je:<\/span><\/p>\n<p><span style=\"color: #808080;\">&#8211; posedenie a ob\u010derstvenie pri k\u00e1ve<\/span><\/p>\n<p><span style=\"color: #808080;\">&#8211; infostretnutie oh\u013eadom p\u00fate do Izraela v Raum C (11:00) na pr\u00edzem\u00ed Farsk\u00e9ho centra<\/span><\/p>\n<p>&nbsp;<\/p>\n<p><span style=\"color: #808080;\">Vo \u0161tvrtok bude \u0161portov\u00fd kr\u00fa\u017eok. Na futbal sa treba zahl\u00e1si\u0165 do stredy obeda, inak bude zmenen\u00fd na volejbal a\u00a0otvoren\u00ed pre ne\u017enej\u0161ie pohlavie.<\/span><\/p>\n<p>&nbsp;<\/p>\n<p><span style=\"color: #808080;\">V\u00a0piatok je mo\u017enos\u0165 ml\u00e1de\u017en\u00edckeho stretnutia o\u00a020:00 na Talianskej misii, ale v\u00a0r\u00e9\u017eii mlad\u00fdch. Info web a\u00a0stredaj\u0161ia om\u0161a.<\/span><\/p>\n<p>&nbsp;<\/p>\n<p><span style=\"color: #808080;\">Pravdepodobne by sme mali uskuto\u010dni\u0165 organiza\u010dno-pl\u00e1novacie stretnutie dobrovo\u013en\u00edkov na\u0161ej misie, aby sme utriasli napl\u00e1novali niektor\u00e9 tradi\u010dn\u00e9 aktivity: Mikul\u00e1\u0161, Vianoce, apero, kr\u00ed\u017eov\u00e9 cesty a term\u00edny bud\u00faci rok 2019. Bud\u00fa sa uskuto\u010d\u0148ova\u0165 len v pr\u00edpade anga\u017eovania laikov. Preto pros\u00edm, aby sa ochotn\u00ed z\u00e1ujemcovia dostavili. Navrhovan\u00fd term\u00edn je na 28.10. po sv. om\u0161i.<\/span><\/p>\n<p><span style=\"color: #808080;\">Dajte pros\u00edm av\u00edzo, \u010di vyhovuje term\u00edn.<\/span><\/p>\n<p><span style=\"color: #808080;\">V\u010faka V\u00e1m, ktor\u00ed sa zap\u00e1jate do 40- d\u0148ovej re\u0165aze p\u00f4stu a modlitby za k\u0148azov a k\u0148azsk\u00e9 povolania. St\u00e1le je mo\u017enos\u0165 sa zapoji\u0165 a zobra\u0165 si vo\u013en\u00e9 term\u00edny.<\/span><\/p>\n<p><span style=\"color: #808080;\">V\u010faka aj za va\u0161e pr\u00edspevky do minulot\u00fd\u017ed\u0148ovej zbierky. Inl\u00e4dische mission (tuzemsk\u00fa evanjeliz\u00e1ciu, pomoc chudobnej\u0161\u00edm farnostiam&#8230;) sme podporili sumou 365 CHF.<\/span><\/p>\n<p>&nbsp;<\/p>\n<p>&nbsp;<\/p>\n<p>&nbsp;<\/p>\n<p>&nbsp;<\/p>\n","protected":false},"excerpt":{"rendered":"<p>SLOVENSK\u00c1 KATOL\u00cdCKA MISIA, BRAUERSTRASSE\u00a099, 8004 Z\u00dcRICH;\u00a0T\/F: 0041 44 241 50 22 &nbsp; Oznamy na 26. nede\u013eu v obdob\u00ed cez rok. &nbsp; Liturgick\u00fd kalend\u00e1r: V pondelok je spomienka sv. Ter\u00e9zie z\u00a0Lisieux, panny a\u00a0u\u010dite\u013eky Cirkvi. V&#46;&#46;&#46;<\/p>\n","protected":false},"author":3,"featured_media":8803,"comment_status":"open","ping_status":"closed","sticky":false,"template":"","format":"standard","meta":{"ngg_post_thumbnail":0},"categories":[24,1],"tags":[],"_links":{"self":[{"href":"https:\/\/www.skmisia.ch\/index.php?rest_route=\/wp\/v2\/posts\/8335"}],"collection":[{"href":"https:\/\/www.skmisia.ch\/index.php?rest_route=\/wp\/v2\/posts"}],"about":[{"href":"https:\/\/www.skmisia.ch\/index.php?rest_route=\/wp\/v2\/types\/post"}],"author":[{"embeddable":true,"href":"https:\/\/www.skmisia.ch\/index.php?rest_route=\/wp\/v2\/users\/3"}],"replies":[{"embeddable":true,"href":"https:\/\/www.skmisia.ch\/index.php?rest_route=%2Fwp%2Fv2%2Fcomments&post=8335"}],"version-history":[{"count":29,"href":"https:\/\/www.skmisia.ch\/index.php?rest_route=\/wp\/v2\/posts\/8335\/revisions"}],"predecessor-version":[{"id":8804,"href":"https:\/\/www.skmisia.ch\/index.php?rest_route=\/wp\/v2\/posts\/8335\/revisions\/8804"}],"wp:featuredmedia":[{"embeddable":true,"href":"https:\/\/www.skmisia.ch\/index.php?rest_route=\/wp\/v2\/media\/8803"}],"wp:attachment":[{"href":"https:\/\/www.skmisia.ch\/index.php?rest_route=%2Fwp%2Fv2%2Fmedia&parent=8335"}],"wp:term":[{"taxonomy":"category","embeddable":true,"href":"https:\/\/www.skmisia.ch\/index.php?rest_route=%2Fwp%2Fv2%2Fcategories&post=8335"},{"taxonomy":"post_tag","embeddable":true,"href":"https:\/\/www.skmisia.ch\/index.php?rest_route=%2Fwp%2Fv2%2Ftags&post=8335"}],"curies":[{"name":"wp","href":"https:\/\/api.w.org\/{rel}","templated":true}]}}