{"id":8322,"date":"2018-04-11T14:24:30","date_gmt":"2018-04-11T13:24:30","guid":{"rendered":"https:\/\/www.skmisia.ch\/?p=8322"},"modified":"2019-04-08T21:08:46","modified_gmt":"2019-04-08T20:08:46","slug":"8322","status":"publish","type":"post","link":"https:\/\/www.skmisia.ch\/?p=8322","title":{"rendered":"Verejn\u00e1 modlitba Ru\u017eenca za mor\u00e1lnu obnovu"},"content":{"rendered":"<p>&nbsp;<\/p>\n<div>\n<div>\n<div>\n<div>\n<div>\n<p><a href=\"https:\/\/www.skmisia.ch\/wp-content\/uploads\/2018\/04\/ruzenec-papez.jpg\"><img decoding=\"async\" loading=\"lazy\" class=\"size-full wp-image-8323 alignleft\" src=\"https:\/\/www.skmisia.ch\/wp-content\/uploads\/2018\/04\/ruzenec-papez.jpg\" alt=\"\" width=\"353\" height=\"500\" srcset=\"https:\/\/www.skmisia.ch\/wp-content\/uploads\/2018\/04\/ruzenec-papez.jpg 353w, https:\/\/www.skmisia.ch\/wp-content\/uploads\/2018\/04\/ruzenec-papez-212x300.jpg 212w\" sizes=\"(max-width: 353px) 100vw, 353px\" \/><\/a><span style=\"color: #333333;\">Dobr\u00fd de\u0148!<\/span><\/p>\n<\/div>\n<p><span style=\"color: #333333;\">Ver\u00edm, \u017ee radostne a naplno s Bo\u017e\u00edm po\u017eehnan\u00edm pre\u017e\u00edvate posviatkov\u00e9 obdobie Vzkriesenia N\u00e1\u0161ho P\u00e1na.<\/span><\/p>\n<\/div>\n<p><span style=\"color: #333333;\">Prihov\u00e1ram sa V\u00e1m od Ukrajinskej Katol\u00edckej misie, ktor\u00e1 m\u00e1 svoje Bohoslu\u017eby taktie\u017e v chr\u00e1me Liebfrauen. Dovo\u013ete mi priamo prejs\u0165 k veci, na prosbu organiz\u00e1cie Helvetia Christiana, organizujem ako fyzcik\u00e1 osoba s povolen\u00edm mesta Z\u00fcrich akciu s n\u00e1zvom\u00a0<b>Verejn\u00e1 modlitba Ru\u017eenca za mor\u00e1lnu obnovu<\/b>.<\/span><\/p>\n<\/div>\n<p><span style=\"color: #333333;\">Podujatie sa uskuto\u010dn\u00ed na n\u00e1mest\u00ed pred kostolom Grossm\u00fcnster v sobotu, d\u0148a 21. Apr\u00edla 2018, o 17:00 hodine. V pr\u00edpade z\u00e1ujmu sa spolo\u010dne pomodli\u0165 ru\u017eenec, va\u0161a \u00fa\u010das\u0165, ako veriacich Slovenskej katol\u00edckej misie vo \u0160vaj\u010diarsku n\u00e1s nesmierne pote\u0161\u00ed.<a style=\"color: #333333;\" href=\"https:\/\/www.skmisia.ch\/wp-content\/uploads\/2015\/10\/ruzenec.jpg\"><img decoding=\"async\" loading=\"lazy\" class=\"size-full wp-image-4293 alignright\" src=\"https:\/\/www.skmisia.ch\/wp-content\/uploads\/2015\/10\/ruzenec.jpg\" alt=\"\" width=\"283\" height=\"189\" \/><\/a><\/span><\/p>\n<\/div>\n<p><span style=\"color: #333333;\">Takisto by som bol ve\u013emi r\u00e1d, keby\u017ee zajtra, v nede\u013eu na Sv. om\u0161i pozvete svoj\u00edch veriacich ku spolo\u010dnej modlitbe s nami.<\/span><\/p>\n<\/div>\n<p><span style=\"color: #333333;\">\u010eakujem V\u00e1m za pr\u00edpadn\u00fa odpove\u010f a \u00fa\u010das\u0165!<\/span><\/p>\n<div><span style=\"color: #333333;\">S pozdravom\u00a0D\u00e1vid Toka\u010d<\/span><\/div>\n<p>&nbsp;<\/p>\n<p>&nbsp;<\/p>\n<p>&nbsp;<\/p>\n","protected":false},"excerpt":{"rendered":"<p>&nbsp; Dobr\u00fd de\u0148! Ver\u00edm, \u017ee radostne a naplno s Bo\u017e\u00edm po\u017eehnan\u00edm pre\u017e\u00edvate posviatkov\u00e9 obdobie Vzkriesenia N\u00e1\u0161ho P\u00e1na. Prihov\u00e1ram sa V\u00e1m od Ukrajinskej Katol\u00edckej misie, ktor\u00e1 m\u00e1 svoje Bohoslu\u017eby taktie\u017e v chr\u00e1me Liebfrauen. Dovo\u013ete mi&#46;&#46;&#46;<\/p>\n","protected":false},"author":3,"featured_media":8323,"comment_status":"open","ping_status":"closed","sticky":false,"template":"","format":"standard","meta":{"ngg_post_thumbnail":0},"categories":[24,1],"tags":[],"_links":{"self":[{"href":"https:\/\/www.skmisia.ch\/index.php?rest_route=\/wp\/v2\/posts\/8322"}],"collection":[{"href":"https:\/\/www.skmisia.ch\/index.php?rest_route=\/wp\/v2\/posts"}],"about":[{"href":"https:\/\/www.skmisia.ch\/index.php?rest_route=\/wp\/v2\/types\/post"}],"author":[{"embeddable":true,"href":"https:\/\/www.skmisia.ch\/index.php?rest_route=\/wp\/v2\/users\/3"}],"replies":[{"embeddable":true,"href":"https:\/\/www.skmisia.ch\/index.php?rest_route=%2Fwp%2Fv2%2Fcomments&post=8322"}],"version-history":[{"count":3,"href":"https:\/\/www.skmisia.ch\/index.php?rest_route=\/wp\/v2\/posts\/8322\/revisions"}],"predecessor-version":[{"id":8326,"href":"https:\/\/www.skmisia.ch\/index.php?rest_route=\/wp\/v2\/posts\/8322\/revisions\/8326"}],"wp:featuredmedia":[{"embeddable":true,"href":"https:\/\/www.skmisia.ch\/index.php?rest_route=\/wp\/v2\/media\/8323"}],"wp:attachment":[{"href":"https:\/\/www.skmisia.ch\/index.php?rest_route=%2Fwp%2Fv2%2Fmedia&parent=8322"}],"wp:term":[{"taxonomy":"category","embeddable":true,"href":"https:\/\/www.skmisia.ch\/index.php?rest_route=%2Fwp%2Fv2%2Fcategories&post=8322"},{"taxonomy":"post_tag","embeddable":true,"href":"https:\/\/www.skmisia.ch\/index.php?rest_route=%2Fwp%2Fv2%2Ftags&post=8322"}],"curies":[{"name":"wp","href":"https:\/\/api.w.org\/{rel}","templated":true}]}}