{"id":8290,"date":"2018-03-26T10:19:34","date_gmt":"2018-03-26T09:19:34","guid":{"rendered":"https:\/\/www.skmisia.ch\/?p=8290"},"modified":"2019-04-08T21:08:46","modified_gmt":"2019-04-08T20:08:46","slug":"sv-omsa-na-zeleny-stvrtok-o-30-min-neskor-zaciatok-o-1930","status":"publish","type":"post","link":"https:\/\/www.skmisia.ch\/?p=8290","title":{"rendered":"Sv. om\u0161a na Zelen\u00fd \u0161tvrtok o 30 min. nesk\u00f4r &#8211; teda za\u010diatok a\u017e o 19:30"},"content":{"rendered":"<p><span style=\"color: #333333;\">Sv. om\u0161a na Zelen\u00fd \u0161tvrtok 29. marca 2018 za\u010dne<strong> o 19:30<\/strong> (teda s posunom 1\/2 hod na rozdiel ako bolo uveden\u00e9 v Misijnom inform\u00e1tore).<\/span><\/p>\n<p><span style=\"color: #333333;\">Program Zelen\u00e9ho \u0160tvrtka:<\/span><\/p>\n<p><span style=\"color: #333333;\">19:00\u00a0 \u00a0Kr\u00ed\u017eov\u00e1 cesta<\/span><\/p>\n<p><span style=\"color: #333333;\">19:30\u00a0 \u00a0Sv. om\u0161a na pamiatku P\u00e1novej ve\u010dere<\/span><\/p>\n<p><em>Museli sme posun\u00fa\u0165 za\u010diatok sv. om\u0161e, nako\u013eko v \u010dasopise Forum bol uveden\u00fd neskor\u0161\u00ed \u010das 19:30. \u010eakujeme za porozumenie.<\/em><\/p>\n","protected":false},"excerpt":{"rendered":"<p>Sv. om\u0161a na Zelen\u00fd \u0161tvrtok 29. marca 2018 za\u010dne o 19:30 (teda s posunom 1\/2 hod na rozdiel ako bolo uveden\u00e9 v Misijnom inform\u00e1tore). Program Zelen\u00e9ho \u0160tvrtka: 19:00\u00a0 \u00a0Kr\u00ed\u017eov\u00e1 cesta 19:30\u00a0 \u00a0Sv. om\u0161a na&#46;&#46;&#46;<\/p>\n","protected":false},"author":3,"featured_media":8291,"comment_status":"open","ping_status":"closed","sticky":false,"template":"","format":"standard","meta":{"ngg_post_thumbnail":0},"categories":[24,1],"tags":[],"_links":{"self":[{"href":"https:\/\/www.skmisia.ch\/index.php?rest_route=\/wp\/v2\/posts\/8290"}],"collection":[{"href":"https:\/\/www.skmisia.ch\/index.php?rest_route=\/wp\/v2\/posts"}],"about":[{"href":"https:\/\/www.skmisia.ch\/index.php?rest_route=\/wp\/v2\/types\/post"}],"author":[{"embeddable":true,"href":"https:\/\/www.skmisia.ch\/index.php?rest_route=\/wp\/v2\/users\/3"}],"replies":[{"embeddable":true,"href":"https:\/\/www.skmisia.ch\/index.php?rest_route=%2Fwp%2Fv2%2Fcomments&post=8290"}],"version-history":[{"count":3,"href":"https:\/\/www.skmisia.ch\/index.php?rest_route=\/wp\/v2\/posts\/8290\/revisions"}],"predecessor-version":[{"id":8294,"href":"https:\/\/www.skmisia.ch\/index.php?rest_route=\/wp\/v2\/posts\/8290\/revisions\/8294"}],"wp:featuredmedia":[{"embeddable":true,"href":"https:\/\/www.skmisia.ch\/index.php?rest_route=\/wp\/v2\/media\/8291"}],"wp:attachment":[{"href":"https:\/\/www.skmisia.ch\/index.php?rest_route=%2Fwp%2Fv2%2Fmedia&parent=8290"}],"wp:term":[{"taxonomy":"category","embeddable":true,"href":"https:\/\/www.skmisia.ch\/index.php?rest_route=%2Fwp%2Fv2%2Fcategories&post=8290"},{"taxonomy":"post_tag","embeddable":true,"href":"https:\/\/www.skmisia.ch\/index.php?rest_route=%2Fwp%2Fv2%2Ftags&post=8290"}],"curies":[{"name":"wp","href":"https:\/\/api.w.org\/{rel}","templated":true}]}}