{"id":8283,"date":"2018-03-26T10:05:30","date_gmt":"2018-03-26T09:05:30","guid":{"rendered":"https:\/\/www.skmisia.ch\/?p=8283"},"modified":"2019-04-08T21:08:46","modified_gmt":"2019-04-08T20:08:46","slug":"velkonocne-obrady-2018-v-zurichu","status":"publish","type":"post","link":"https:\/\/www.skmisia.ch\/?p=8283","title":{"rendered":"Ve\u013ekono\u010dn\u00e9 obrady 2018 v Z\u00fcrichu"},"content":{"rendered":"<table style=\"height: 691px;\" width=\"624\">\n<tbody>\n<tr>\n<td width=\"604\">\n<h6><span style=\"color: #993300;\"><strong>Zelen\u00fd \u0160tvrtok<\/strong><\/span><\/h6>\n<h6><span style=\"color: #333333;\">29.03. 2018 o<span style=\"color: #ff6600;\"> <strong>19:30<\/strong><\/span> \u2013<span style=\"color: #ff6600;\"><strong> SV. OM\u0160A P\u00c1NOVEJ VE\u010cERE<\/strong><\/span>,<strong> Krypta<\/strong> Liebfrauen v Z\u00fcrichu<\/span><\/h6>\n<h6><span style=\"color: #333333;\">*<\/span><\/h6>\n<h6><span style=\"color: #993300;\"><strong>Ve\u013ek\u00fd Piatok<\/strong><\/span><\/h6>\n<h6><span style=\"color: #333333;\">30.03. 2018 o <span style=\"color: #ff6600;\"><strong>15:00<\/strong><\/span> \u2013 <span style=\"color: #ff6600;\"><strong>VE\u013dK\u00dd PIATOK SL\u00c1VENIE UMU\u010cENIA a SMRTI P\u00c1NA<\/strong><\/span>, <strong>Krypta<\/strong> Liebfrauen v Z\u00fcrichu<\/span><\/h6>\n<h6><span style=\"color: #333333;\">*<\/span><\/h6>\n<h6><span style=\"color: #993300;\"><strong>Biela Sobota<\/strong><\/span><\/h6>\n<h6><span style=\"color: #333333;\">31.03. 2018 o <strong><span style=\"color: #ff6600;\">21:00<\/span> \u2013<span style=\"color: #ff6600;\"> VE\u013dKONO\u010cN\u00c1 VIG\u00cdLIA<\/span><\/strong><span style=\"color: #ff6600;\"> SV. OM\u0160A s OBRADMI VZKRIESENIA<\/span>, <strong>Krypta<\/strong> Liebfrauen v Z\u00fcrichu (v z\u00e1vere sv\u00e4tenie jed\u00e1l)<\/span><\/h6>\n<h6><span style=\"color: #333333;\">*<\/span><\/h6>\n<h6><span style=\"color: #993300;\"><strong>VE\u013dKONO\u010cN\u00c1 NEDE\u013dA<\/strong><\/span><\/h6>\n<h6><span style=\"color: #333333;\">01.04. 2018 o <strong><span style=\"color: #ff9900;\">09:30 \u2013 VE\u013dKONO\u010cN\u00c1 NEDE\u013dA SV. OM\u0160A<\/span>, Krypta<\/strong> Liebfrauen ZH\u00a0 \u00a0 \u00a0 \u00a0 \u00a0 \u00a0 \u00a0 \u00a0 \u00a0 \u00a0 \u00a0 \u00a0(v z\u00e1vere sv\u00e4tenie jed\u00e1l)<\/span><\/h6>\n<h6><span style=\"color: #333333;\">01.04. 2018 o<strong> 16:30\u00a0<\/strong>\u2013<strong> SV. OM\u0160A v\u00a0\u017deneve<\/strong>, kostol St. Julien na Rue Virginio Malnati 3, Meyerin<\/span><\/h6>\n<\/td>\n<\/tr>\n<\/tbody>\n<\/table>\n<p><a href=\"https:\/\/www.skmisia.ch\/wp-content\/uploads\/2018\/03\/venerdi-santo.jpg\"><img decoding=\"async\" loading=\"lazy\" class=\"size-full wp-image-8295 alignnone\" src=\"https:\/\/www.skmisia.ch\/wp-content\/uploads\/2018\/03\/venerdi-santo.jpg\" alt=\"\" width=\"800\" height=\"533\" srcset=\"https:\/\/www.skmisia.ch\/wp-content\/uploads\/2018\/03\/venerdi-santo.jpg 800w, https:\/\/www.skmisia.ch\/wp-content\/uploads\/2018\/03\/venerdi-santo-300x200.jpg 300w, https:\/\/www.skmisia.ch\/wp-content\/uploads\/2018\/03\/venerdi-santo-768x512.jpg 768w\" sizes=\"(max-width: 800px) 100vw, 800px\" \/><\/a><\/p>\n<p>*<\/p>\n<p>10.05. 2018 o 09:30 \u2013 NANEBOVST\u00daPENIA P\u00c1NA SV. OM\u0160A , Krypta Liebfrauen ZH (Prik\u00e1zan\u00fd sviatok)<\/p>\n<p>*<\/p>\n<p>20.5. 2018 o 09:30 \u2013 Nede\u013ea ZOSLANIA DUCHA SV\u00c4T\u00c9HO, SV. OM\u0160A, Krypta Liebfrauen ZH<\/p>\n<p>*<\/p>\n<p>30.5. 2018 o 20:00 \u2013 NAJSV\u00c4TEJ\u0160IEHO KRISTOVHO TELA A KRVI, Vig\u00edlna sv. om\u0161a, Kostol dona Bosca, Feldstrasse 109, ZH<\/p>\n<p>31.5. 2018 o\u00a020:00 &#8211; NAJSV\u00c4TEJ\u0160IEHO KRISTOVHO TELA A\u00a0KRVI, SV. OM\u0160A s\u00a0\u010deskou misiou na Feldstrasse 109, ZH<\/p>\n<p>*<\/p>\n<p>29.06. 2018 o\u00a019:30 \u2013 SV. PETRA A\u00a0PAVLA APO\u0160TOLOV, SV. OM\u0160A, Kostol Liebfrauen ZH<\/p>\n","protected":false},"excerpt":{"rendered":"<p>Zelen\u00fd \u0160tvrtok 29.03. 2018 o 19:30 \u2013 SV. OM\u0160A P\u00c1NOVEJ VE\u010cERE, Krypta Liebfrauen v Z\u00fcrichu * Ve\u013ek\u00fd Piatok 30.03. 2018 o 15:00 \u2013 VE\u013dK\u00dd PIATOK SL\u00c1VENIE UMU\u010cENIA a SMRTI P\u00c1NA, Krypta Liebfrauen v Z\u00fcrichu&#46;&#46;&#46;<\/p>\n","protected":false},"author":3,"featured_media":8295,"comment_status":"open","ping_status":"closed","sticky":false,"template":"","format":"standard","meta":{"ngg_post_thumbnail":0},"categories":[24,1],"tags":[],"_links":{"self":[{"href":"https:\/\/www.skmisia.ch\/index.php?rest_route=\/wp\/v2\/posts\/8283"}],"collection":[{"href":"https:\/\/www.skmisia.ch\/index.php?rest_route=\/wp\/v2\/posts"}],"about":[{"href":"https:\/\/www.skmisia.ch\/index.php?rest_route=\/wp\/v2\/types\/post"}],"author":[{"embeddable":true,"href":"https:\/\/www.skmisia.ch\/index.php?rest_route=\/wp\/v2\/users\/3"}],"replies":[{"embeddable":true,"href":"https:\/\/www.skmisia.ch\/index.php?rest_route=%2Fwp%2Fv2%2Fcomments&post=8283"}],"version-history":[{"count":6,"href":"https:\/\/www.skmisia.ch\/index.php?rest_route=\/wp\/v2\/posts\/8283\/revisions"}],"predecessor-version":[{"id":8296,"href":"https:\/\/www.skmisia.ch\/index.php?rest_route=\/wp\/v2\/posts\/8283\/revisions\/8296"}],"wp:featuredmedia":[{"embeddable":true,"href":"https:\/\/www.skmisia.ch\/index.php?rest_route=\/wp\/v2\/media\/8295"}],"wp:attachment":[{"href":"https:\/\/www.skmisia.ch\/index.php?rest_route=%2Fwp%2Fv2%2Fmedia&parent=8283"}],"wp:term":[{"taxonomy":"category","embeddable":true,"href":"https:\/\/www.skmisia.ch\/index.php?rest_route=%2Fwp%2Fv2%2Fcategories&post=8283"},{"taxonomy":"post_tag","embeddable":true,"href":"https:\/\/www.skmisia.ch\/index.php?rest_route=%2Fwp%2Fv2%2Ftags&post=8283"}],"curies":[{"name":"wp","href":"https:\/\/api.w.org\/{rel}","templated":true}]}}