{"id":8279,"date":"2018-03-19T19:50:44","date_gmt":"2018-03-19T18:50:44","guid":{"rendered":"https:\/\/www.skmisia.ch\/?p=8279"},"modified":"2019-04-08T21:08:46","modified_gmt":"2019-04-08T20:08:46","slug":"postna-duchovna-obnova-uz-za-nami","status":"publish","type":"post","link":"https:\/\/www.skmisia.ch\/?p=8279","title":{"rendered":"P\u00f4stna duchovn\u00e1 obnova u\u017e za nami&#8230;"},"content":{"rendered":"<p><span style=\"color: #333333;\">Veriaci Slovenskej katol\u00edckej misie v\u00a0Zurichu sa v\u00a0d\u0148och 16. \u2013 18. marca stret\u00e1vali na p\u00f4stnej duchovnej obnove, ktorej kazate\u013eom bol provinci\u00e1lny vik\u00e1r Ing. Peter Bu\u010d\u00e1ny, SDB. Hlavn\u00e1 t\u00e9ma t\u00fdchto dni bola: <em>Najv\u00e4\u010d\u0161\u00edm hriechom \u010dloveka je, ne\u017ei\u0165 svoj \u017eivot<\/em>.<\/span><\/p>\n<p><span style=\"color: #333333;\"><strong><a href=\"https:\/\/www.skmisia.ch\/wp-content\/uploads\/2018\/03\/Postna-obnova.jpg\"><img decoding=\"async\" loading=\"lazy\" class=\"alignleft wp-image-8280\" src=\"https:\/\/www.skmisia.ch\/wp-content\/uploads\/2018\/03\/Postna-obnova.jpg\" alt=\"\" width=\"358\" height=\"480\" srcset=\"https:\/\/www.skmisia.ch\/wp-content\/uploads\/2018\/03\/Postna-obnova.jpg 716w, https:\/\/www.skmisia.ch\/wp-content\/uploads\/2018\/03\/Postna-obnova-224x300.jpg 224w\" sizes=\"(max-width: 358px) 100vw, 358px\" \/><\/a>\u010co chce\u0161? (Lk18,35-43)<\/strong><\/span><\/p>\n<p><span style=\"color: #333333;\">V \u00favode si vypo\u010duli \u00faryvok zo Sv\u00e4t\u00e9ho p\u00edsma <em>O\u00a0slepcovi pri Jerichu<\/em>, ktor\u00fd 38 rokov sed\u00e1val pri ceste a\u00a0\u017eobral. Je\u017ei\u0161 k\u00a0nemu prist\u00fapil a\u00a0op\u00fdtal sa \u201eChce\u0161 ozdravie\u0165?\u201c. Slepec rozm\u00fd\u0161\u013eal a\u00a0kl\u00e1dol si ot\u00e1zky. Vysmieva sa mi? Ve\u010f je to samozrejme, \u017ee chcem vidie\u0165. Je\u017ei\u0161 chcel vedie\u0165, \u010do prec\u00edti mu\u017e le\u017eiaci na zemi. Cel\u00fd \u017eivot len le\u017eal, cel\u00fd \u017eivot bol chor\u00fd a\u00a0chcel len jedno. Jedinou t\u00fa\u017ebou nebolo bohatstvo. To, po \u010dom t\u00fa\u017eil, bolo pre\u0148ho nedosiahnute\u013en\u00e9. Kedy stratil n\u00e1dej? Po mesiaci? Po roku? Z\u00a0mesiaca na mesiac ostal sklaman\u00fd. Aj my raz vo svojom \u017eivote m\u00f4\u017eeme dosiahnu\u0165 bod, kedy v\u0161etko strat\u00edme. Kedy strat\u00edme n\u00e1dej. V\u00a0jeho srdci sa vytvoril pancier. Zanechal t\u00fa\u017ebu. Ale Je\u017ei\u0161 ho zaviedol k\u00a0t\u00fa\u017ebe. Ak sa m\u00e1me stretn\u00fa\u0165 s\u00a0Bohom, mus\u00edme t\u00fa\u017ei\u0165. Kres\u0165anstvo nie je program, aby sme sa stali mor\u00e1lnymi. Kres\u0165an mus\u00ed t\u00fa\u017ei\u0165.<\/span><\/p>\n<p><span style=\"color: #333333;\">Je\u017ei\u0161 prech\u00e1dzal okolo slepcov a\u00a0doslova kri\u010dali na neho a\u00a0on si ich v\u0161imol z\u00a0davu. \u010co chcete, aby som pre v\u00e1s urobil?<\/span><\/p>\n<p><span style=\"color: #333333;\">Odsudzujeme mnoh\u00fdch&#8230; Samarit\u00e1nka v\u00a0p\u00e1\u013eave d\u0148a i\u0161la na\u010derpa\u0165 vody, i\u0161la v\u00a0\u010dase najv\u00e4\u010d\u0161ej hor\u00fa\u010davy, aby nikoho nestretla. Aby ju nikto neodsudzoval. A\u00a0tak to malo by\u0165, aby sa stretla a\u00a0rozpr\u00e1vala s\u00a0Je\u017ei\u0161om. Je\u017ei\u0161 jej nek\u00e1\u017ee o\u00a0\u010distote, len povedal, \u017ee vie o\u00a0jej \u017eivote. Rozpr\u00e1vajme sa o\u00a0sm\u00e4de svojho srdca. \u201e<em>Vodu, ktor\u00fa ja d\u00e1m je z\u00a0prame\u0148a siahaj\u00faceho do ve\u010dn\u00e9ho \u017eivota<\/em>.\u201c<\/span><\/p>\n<p><span style=\"color: #333333;\">\u017didia presadzovali n\u00e1bo\u017eenstvo, povinnosti a\u00a0o\u00a0t\u00fa\u017ebe sa nehovorilo. A\u00a0Je\u017ei\u0161a sa b\u00e1li, lebo priv\u00e1dzal k\u00a0t\u00fa\u017ebe. <em>Proste a\u00a0dostanete &#8230; H\u013eadajte a\u00a0n\u00e1jdete &#8230; Klopte a\u00a0otvoria V\u00e1m &#8230;<\/em> Ak ni\u010d nechceme a\u00a0ak po ni\u010dom net\u00fa\u017eime, ako by sme h\u00e1dzali hrach na stenu<em>. Moj\u00edm cie\u013eom je prinies\u0165 v\u00e1m \u017eivot v\u00a0plnosti a\u00a0hojnosti. Ke\u010f sa zabije n\u00e1dej, zabije sa t\u00fa\u017eba du\u0161e.<\/em><\/span><\/p>\n<p><span style=\"color: #333333;\">Aj v\u00a0\u017ealmoch c\u00edti\u0165 t\u00fa\u017ebu : <em>Po Bohu \u017e\u00edzni moja du\u0161a, po Bohu \u017eivom &#8230; Bo\u017ee ty si m\u00f4j Boh, u\u017e od \u00fasvitu sa viniem k\u00a0tebe&#8230; Ako jele\u0148 dychti za vodou z\u00a0prame\u0148a, tak moja du\u0161a Bo\u017ee t\u00fa\u017ei za tebou&#8230;<\/em> D\u00e1vid, ktor\u00fd p\u00edsal \u017ealmy, p\u00edsal posolstvo pre t\u00fdch, ktor\u00fd boli hladn\u00fd, sm\u00e4dn\u00fd&#8230; Je\u017ei\u0161 pon\u00faka chlieb a vodu pre ka\u017ed\u00e9ho. \u017divot v\u00a0plnosti. V\u00a0Evanjeliu sa pon\u00faka plnos\u0165. Viera prech\u00e1dza od povinnosti k\u00a0radosti. Ka\u017ed\u00fd z\u00a0n\u00e1s m\u00e1me hladn\u00e9 srdce. Vzda\u0165 sa t\u00fa\u017eby znamen\u00e1: Bo\u017ee ja \u0165a nepotrebujem, ja \u0165a nechcem. Je to \u00fapadok medzi t\u00fa\u017ebou a\u00a0oddanos\u0165ou. Nechce by\u0165 predmetom povinnosti. Boh chce, aby sme po \u0148om t\u00fa\u017eili a\u00a0to je aj jeho najv\u00e4\u010d\u0161ia t\u00fa\u017eba.<\/span><\/p>\n<p>&nbsp;<\/p>\n<p><span style=\"color: #333333;\"><strong>\u017dena, nik \u0165a neods\u00fadil? (Jn8,3-11)<\/strong><\/span><\/p>\n<p><span style=\"color: #333333;\">V\u00a0Evanjeliu je mno\u017estvo ot\u00e1zok. Boh n\u00e1m kladie ot\u00e1zky, aby sme sa op\u00fdtali sami seba, \u010di \u017eijeme dobre svoj \u017eivot.<\/span><\/p>\n<p><span style=\"color: #333333;\">V\u00a0prostriedku stoj\u00ed \u017eena \u2013 hrie\u0161nica. \u017dena, kto s\u00fa t\u00ed, ktor\u00ed prstom ukazuj\u00fa? T\u00ed, ktor\u00ed si myslia, \u017ee vzd\u00e1vaj\u00fa Bohu chv\u00e1lu t\u00fdm, ke\u010f ukazuj\u00fa prstom. Pravda je nie\u010do, \u010do sa h\u013ead\u00e1. Ke\u010f hovor\u00edm \u00faprimne o\u00a0sebe, Boh n\u00e1m d\u00e1va plnos\u0165 pravdy. \u017dena mala zomrie\u0165. V\u0161etci sa riadili z\u00e1konom, v\u00a0ktorom sa odr\u00e1\u017eala tvrdos\u0165 ich s\u0155dc.\u00a0 Bo\u017eie slovo vy\u017eaduje inteligenciu a\u00a0srdce, u\u010d\u00ed n\u00e1s pou\u017e\u00edva\u0165 svedomie a\u00a0rozum. \u017dena je u\u017e vecou a\u00a0polo\u017eia ju do stredu. \u017dena utl\u00e1\u010dan\u00e1 mu\u017emi, \u017eena bez mena. \u017dena, ktor\u00e1 predstavuje mnoh\u00e9 in\u00e9 \u017eeny. Postavi\u0165 Boha proti \u010dloveku ? Ale Boh a\u00a0\u010dlovek nestoja proti sebe, ale jedno prenik\u00e1 cez druh\u00e9. Je\u017ei\u0161 nedovol\u00ed ukame\u0148ova\u0165 a\u00a0tak sa vari stavia proti Z\u00e1konu Moj\u017ei\u0161a? Ke\u010f n\u00e1s pohlt\u00ed n\u00e1kaza, nazlost\u00ed die\u0165a, man\u017eel, zamestnanec vari po \u0148om hod\u00edme kame\u0148om? Pokrytectvo \u013eud\u00ed a\u00a0tvrdos\u0165 srdca rozhor\u010dili Je\u017ei\u0161a.<\/span><\/p>\n<p><span style=\"color: #333333;\">\u00a0Tvrdos\u0165 srdca sa v\u00a0\u010dloveku nevytvor\u00ed zo d\u0148a na de\u0148, ale ak \u010dlovek \u017eije v\u00a0nel\u00e1ske a\u00a0miluje len seba, vtedy srdce chor\u013eavie, ako srdce farizejov, ktor\u00ed ukazuj\u00fa prstom na \u017eenu. Nikto nem\u00f4\u017ee hodi\u0165 kame\u0148 do \u017eeny, lebo by ho hodil aj priamo proti sebe. V\u0161etci odch\u00e1dzaj\u00fa &#8230; S\u00fad sa stal bumerangom od najstar\u0161\u00edch, od sudcov. Je\u017ei\u0161 sa postav\u00ed pred cudzolo\u017enicu ako Kr\u00e1\u013e, aby mohol k\u00a0nej prehovori\u0165. Ona a\u00a0jej vn\u00fatorn\u00e9 tr\u00e1penie nikoho nezauj\u00edmalo. Kde s\u00fa t\u00ed, ktor\u00ed vidia tvoje hriechy? Pokrytci, \u017ealobcovia\u00a0 a\u00a0sudcovia. Nikoho nesmieme zav\u00e1dza\u0165 do s\u00fadnej siene, ukazova\u0165 prstom na hriechy, ktor\u00e9 niekto sp\u00e1chal. \u017dena nepros\u00ed Je\u017ei\u0161a o\u00a0odpustenie a\u00a0Je\u017ei\u0161 sa nep\u00fdta na jej tr\u00e1penie. Odpustenie je z\u00e1van vetra do bud\u00facnosti. Pre odpustenie je d\u00f4le\u017eit\u00e1 \u00faprimnos\u0165 srdca. Je\u017ei\u0161 n\u00e1m odp\u00fa\u0161\u0165a bez podmienok. \u013dutujeme, lebo Boh n\u00e1m odpust\u00ed.<\/span><\/p>\n<p><span style=\"color: #333333;\">\u00a0\u00a0\u00a0\u00a0 Duchovn\u00e1 obnova bola pre na\u0161ich veriacich ve\u013ek\u00fdm darom. Pre\u017eili \u010das, v\u00a0ktorom sa nemali obnovi\u0165, ale pre\u017ei\u0165 ho v\u00a0Bo\u017eej pr\u00edtomnosti a\u00a0milosti. Po\u010das Kr\u00ed\u017eovej cesty, ador\u00e1ci\u00ed, sv. om\u0161iach i\u00a0pri samostatnej pr\u00edprave srdca po\u010das sv. spovede na sviatky Ve\u013ekej noci na\u010derpali ve\u013ea darov Ducha sv\u00e4t\u00e9ho, na\u010derpali ve\u013ea duchovnej sily, t\u00fa\u017eby, n\u00e1deje ale aj\u00a0darov odpustenia.\u00a0<\/span><\/p>\n","protected":false},"excerpt":{"rendered":"<p>Veriaci Slovenskej katol\u00edckej misie v\u00a0Zurichu sa v\u00a0d\u0148och 16. \u2013 18. marca stret\u00e1vali na p\u00f4stnej duchovnej obnove, ktorej kazate\u013eom bol provinci\u00e1lny vik\u00e1r Ing. Peter Bu\u010d\u00e1ny, SDB. Hlavn\u00e1 t\u00e9ma t\u00fdchto dni bola: Najv\u00e4\u010d\u0161\u00edm hriechom \u010dloveka je,&#46;&#46;&#46;<\/p>\n","protected":false},"author":3,"featured_media":8280,"comment_status":"open","ping_status":"closed","sticky":false,"template":"","format":"standard","meta":{"ngg_post_thumbnail":0},"categories":[24,1],"tags":[],"_links":{"self":[{"href":"https:\/\/www.skmisia.ch\/index.php?rest_route=\/wp\/v2\/posts\/8279"}],"collection":[{"href":"https:\/\/www.skmisia.ch\/index.php?rest_route=\/wp\/v2\/posts"}],"about":[{"href":"https:\/\/www.skmisia.ch\/index.php?rest_route=\/wp\/v2\/types\/post"}],"author":[{"embeddable":true,"href":"https:\/\/www.skmisia.ch\/index.php?rest_route=\/wp\/v2\/users\/3"}],"replies":[{"embeddable":true,"href":"https:\/\/www.skmisia.ch\/index.php?rest_route=%2Fwp%2Fv2%2Fcomments&post=8279"}],"version-history":[{"count":2,"href":"https:\/\/www.skmisia.ch\/index.php?rest_route=\/wp\/v2\/posts\/8279\/revisions"}],"predecessor-version":[{"id":8282,"href":"https:\/\/www.skmisia.ch\/index.php?rest_route=\/wp\/v2\/posts\/8279\/revisions\/8282"}],"wp:featuredmedia":[{"embeddable":true,"href":"https:\/\/www.skmisia.ch\/index.php?rest_route=\/wp\/v2\/media\/8280"}],"wp:attachment":[{"href":"https:\/\/www.skmisia.ch\/index.php?rest_route=%2Fwp%2Fv2%2Fmedia&parent=8279"}],"wp:term":[{"taxonomy":"category","embeddable":true,"href":"https:\/\/www.skmisia.ch\/index.php?rest_route=%2Fwp%2Fv2%2Fcategories&post=8279"},{"taxonomy":"post_tag","embeddable":true,"href":"https:\/\/www.skmisia.ch\/index.php?rest_route=%2Fwp%2Fv2%2Ftags&post=8279"}],"curies":[{"name":"wp","href":"https:\/\/api.w.org\/{rel}","templated":true}]}}