{"id":8232,"date":"2018-04-12T17:26:31","date_gmt":"2018-04-12T16:26:31","guid":{"rendered":"https:\/\/www.skmisia.ch\/?p=8232"},"modified":"2019-04-08T21:08:46","modified_gmt":"2019-04-08T20:08:46","slug":"oznamy-na-2-postnu-nedelu-25-2-2018","status":"publish","type":"post","link":"https:\/\/www.skmisia.ch\/?p=8232","title":{"rendered":"Oznamy na tretiu Ve\u013ekono\u010dn\u00fa nede\u013eu (15.4. 2018)"},"content":{"rendered":"<p style=\"text-align: center;\"><span style=\"color: #333333;\"><strong>SLOVENSK<\/strong><strong>\u00c1 KATOL\u00cdCKA MISIA, BRAUERSTRA<\/strong><strong>SSE<\/strong><strong>\u00a0<\/strong><strong>99,<\/strong><\/span><\/p>\n<p style=\"text-align: center;\"><span style=\"color: #333333;\"><strong>8004 Z\u00dcRICH, T\/F: 0041 44 241 50 22<\/strong><\/span><\/p>\n<p>&nbsp;<\/p>\n<p><span style=\"color: #333333;\">\u00a0Oznamy na tretiu ve\u013ekono\u010dn\u00fa nede\u013eu.<\/span><\/p>\n<p>&nbsp;<\/p>\n<p><span style=\"color: #333333;\">Liturgick\u00fd kalend\u00e1r:<\/span><\/p>\n<p><span style=\"color: #333333;\">V sobotu je \u013eubovo\u013en\u00e1 spomienka sv. Anzelma, biskupa a\u00a0u\u010dite\u013ea Cirkvi.<\/span><\/p>\n<p><span style=\"color: #333333;\">Bud\u00faca nede\u013ea je \u0161tvrt\u00e1 ve\u013ekono\u010dn\u00e1 nede\u013ea (nede\u013ea dobr\u00e9ho pastiera).<\/span><\/p>\n<p><span style=\"color: #333333;\">Dnes za\u010d\u00edna v Cirkvi t\u00fd\u017ede\u0148 modlitieb za duchovn\u00e9 povolania.<\/span><\/p>\n<p>&nbsp;<\/p>\n<p>&nbsp;<\/p>\n<p><span style=\"color: #333333;\">Program sv. om\u0161\u00ed po\u010das t\u00fd\u017ed\u0148a:<\/span><\/p>\n<p>&nbsp;<\/p>\n<p><span style=\"color: #333333;\">Streda sv. om\u0161a o 20:00 na Talianskej. Stretnutie spevokolu je \u00bd hodinku pred sv. om\u0161ou.<\/span><\/p>\n<p>&nbsp;<\/p>\n<ol>\n<li><span style=\"color: #333333;\">Dnes po sv\u00e4tej om\u0161i je posedenie pri k\u00e1ve v pastora\u010dn\u00fdch priestoroch oproti kostolu. V\u0161etci sme srde\u010dne pozvan\u00ed a v\u010fa\u010dn\u00ed za obetav\u00fa slu\u017ebu.<\/span><\/li>\n<\/ol>\n<p>&nbsp;<\/p>\n<ol start=\"2\">\n<li><span style=\"color: #333333;\">Vo \u0161tvrtkoch je \u0161portov\u00fd kr\u00fa\u017eok.<\/span><\/li>\n<\/ol>\n<p>&nbsp;<\/p>\n<ol start=\"3\">\n<li><span style=\"color: #333333;\">V piatok bude prv\u00e1 &#8222;Predman\u017eelsk\u00e1 n\u00e1uka A&#8220;12 na Talianskej misii o 19:00.<\/span><\/li>\n<\/ol>\n<p>&nbsp;<\/p>\n<ol start=\"4\">\n<li><span style=\"color: #333333;\">Poz\u00fdvame v\u0161etk\u00fdch veriacich na tradi\u010dn\u00fa mari\u00e1nsku m\u00e1jov\u00fa p\u00fa\u0165 do Mariastein, ktor\u00e1 bude o\u00a0mesiac. Od 11:30 \u2013 bude mo\u017enos\u0165 vykona\u0165 si sviatos\u0165 zmierenia a o12:30 za\u010dne sv. om\u0161a.<\/span><\/li>\n<\/ol>\n<p>&nbsp;<\/p>\n<ol start=\"5\">\n<li><span style=\"color: #333333;\">Prebieha registr\u00e1cia prihl\u00e1\u0161ok na pr\u00edpravu k 1. Sv. prij\u00edmaniu, birmovke a krstu dospel\u00fdch u\u017e na nov\u00fd \u0161kolsk\u00fd rok. Vyplnen\u00e9 a potvrden\u00e9 prihl\u00e1\u0161ky je potrebn\u00e9 odovzda\u0165 do uz\u00e1vierky: 1.6. 2018. Bli\u017e\u0161ie info a prihl\u00e1\u0161ky si m\u00f4\u017eete vyzdvihn\u00fa\u0165 po sv. om\u0161iach.<\/span><\/li>\n<\/ol>\n<p style=\"text-align: center;\">*<\/p>\n<p style=\"text-align: center;\"><span style=\"color: #808080;\"><strong>SLOVENSK<\/strong><strong>\u00c1 KATOL\u00cdCKA MISIA, BRAUERSTRA<\/strong><strong>SSe<\/strong><strong>\u00a0<\/strong><strong>99,<\/strong><\/span><\/p>\n<p style=\"text-align: center;\"><span style=\"color: #808080;\"><strong>8004 Z\u00dcRICH; T\/F: 0041 44 241 50 22<\/strong><\/span><\/p>\n<p>&nbsp;<\/p>\n<p><span style=\"color: #808080;\">\u00a0Oznamy na Druh\u00fa ve\u013ekono\u010dn\u00fa \u2013 Nede\u013eu Bo\u017eieho milosrdenstva.<\/span><\/p>\n<p>&nbsp;<\/p>\n<p><span style=\"color: #808080;\">Liturgick\u00fd kalend\u00e1r:<\/span><\/p>\n<p>&nbsp;<\/p>\n<p><span style=\"color: #808080;\">V pondelok je sl\u00e1vnos\u0165 Zvestovania P\u00e1na. (prelo\u017een\u00fd z 25.3. kv\u00f4li ve\u013ek\u00e9mu t\u00fd\u017ed\u0148u)<\/span><\/p>\n<p><span style=\"color: #808080;\">V piatok je \u013eubovo\u013en\u00e1 spomienka sv. Martina I., p\u00e1pe\u017ea a mu\u010den\u00edka.<\/span><\/p>\n<p><span style=\"color: #808080;\">Bud\u00faca nede\u013ea je Tretia ve\u013ekono\u010dn\u00e1, kedy za\u010d\u00edna t\u00fd\u017ede\u0148 modlitieb za duchovn\u00e9 povolania.<\/span><\/p>\n<p>&nbsp;<\/p>\n<p><span style=\"color: #808080;\">Program sv. om\u0161\u00ed po\u010das t\u00fd\u017ed\u0148a:<\/span><\/p>\n<p>&nbsp;<\/p>\n<p><span style=\"color: #808080;\">Streda sv. om\u0161a o 20:00 na Talianskej misii. Stretnutie spevokolu je \u00bd hodinku pred sv. om\u0161ou.<\/span><\/p>\n<p>&nbsp;<\/p>\n<ol>\n<li><span style=\"color: #808080;\">Dnes po sv. om\u0161i je:<\/span><\/li>\n<\/ol>\n<p><span style=\"color: #808080;\">&#8211; Katechizmus pre deti v Raum B (Spove\u010f I.)<\/span><\/p>\n<p><span style=\"color: #808080;\">&#8211; Katech\u00e9za dospel\u00fdch s\u00a0Andrejom v\u00a0Raum C (Sviatosti)<\/span><\/p>\n<p><span style=\"color: #808080;\">&#8211; Posedenie pri k\u00e1ve<\/span><\/p>\n<p>&nbsp;<\/p>\n<ol start=\"2\">\n<li><span style=\"color: #808080;\">V\u00a0utorok je biblick\u00e9 stretko. Za\u010d\u00edname o\u00a019:00 v\u00a0kostole dona Bosca na Talianskej misii pobo\u017enos\u0165ou Via Lucis. Potom budeme pokra\u010dova\u0165 t\u00e9mou na Misii.<\/span><\/li>\n<\/ol>\n<p>&nbsp;<\/p>\n<ol start=\"3\">\n<li><span style=\"color: #808080;\">Vo \u0161tvrtok je \u0161portov\u00fd kr\u00fa\u017eok o\u00a019:30.<\/span><\/li>\n<\/ol>\n<p>&nbsp;<\/p>\n<ol start=\"4\">\n<li><span style=\"color: #808080;\">V\u010faka za va\u0161e milodary a\u00a0spolidaritu s\u00a0chudobn\u00fdmi po\u010das p\u00f4stu,<\/span><\/li>\n<\/ol>\n<p><span style=\"color: #808080;\">Do p\u00f4stnej krabi\u010dky sa vybralo 1207,70 CHF +5,50 \u20ac = 1\u00a0220,- CHF (odoslan\u00e9)<\/span><\/p>\n<p><span style=\"color: #808080;\">(Do p\u00f4stnej krabi\u010dky V GE sa vybralo 230,- CHF)<\/span><\/p>\n<p><span style=\"color: #808080;\">Karwochenopfer na HeiligesLand vyniesla 562,60 CHF + 19 \u20ac = 585,- (odoslan\u00e9)<\/span><\/p>\n<p>&nbsp;<\/p>\n<ol start=\"5\">\n<li><span style=\"color: #808080;\">Prebieha registr\u00e1cia prihl\u00e1\u0161ok na pr\u00edpravu k 1. Sv. prij\u00edmaniu, birmovke a krstu dospel\u00fdch u\u017e na nov\u00fd \u0161kolsk\u00fd rok. Vyplnen\u00e9 a potvrden\u00e9 prihl\u00e1\u0161ky je potrebn\u00e9 odovzda\u0165 do uz\u00e1vierky: 1.6. 2018. Bli\u017e\u0161ie info a prihl\u00e1\u0161ky si m\u00f4\u017eete vyzdvihn\u00fa\u0165 po sv. om\u0161iach.<\/span><\/li>\n<\/ol>\n<p>&nbsp;<\/p>\n<ol start=\"6\">\n<li><span style=\"color: #808080;\">Vopred ohlaujem a poz\u00fdvam v\u0161etk\u00fdch veriacich na tradi\u010dn\u00fa mari\u00e1nsku m\u00e1jov\u00fa p\u00fa\u0165 do Mariastein, ktor\u00e1 bude asi o\u00a01 mesiac- 13. m\u00e1ja 2017. Od 11:30 \u2013 mo\u017enos\u0165 vykona\u0165 si sviatos\u0165 zmierenia a o12:30 za\u010dne sv. om\u0161a.<\/span><\/li>\n<\/ol>\n<p>&nbsp;<\/p>\n<ol start=\"7\">\n<li><span style=\"color: #808080;\">Pozv\u00e1nka od Folkl\u00f3ru: Vstupenky na krojovan\u00fd ples si m\u00f4\u017eete zadov\u00e1\u017ei\u0165 na k\u00e1ve, bude 14. apr\u00edla 2018 v\u00a0Stadthalle Dietikon s\u00a0hos\u0165ami a\u00a0Cimbalovkou.<\/span><\/li>\n<\/ol>\n<p>&nbsp;<\/p>\n<p style=\"text-align: left;\"><span style=\"color: #808080;\">Po sv. om\u0161i sa pomodl\u00edme \u201e<em>Korunku k\u00a0Bo\u017eiemu milosrdenstvu<\/em>\u201c. Za obvykl\u00fdch podmienok dnes pri verejnej \u00facte k\u00a0Bo\u017eiemu milosrdenstvu m\u00f4\u017eeme z\u00edska\u0165 \u00fapln\u00e9 odpustky. Po nej vysl\u00fa\u017eim sviatos\u0165 pomazania chor\u00fdch pre star\u00fdch a\u00a0chor\u00fdch. <\/span><\/p>\n<p style=\"text-align: center;\"><span style=\"color: #808080;\">*<\/span><\/p>\n<p style=\"text-align: center;\"><span style=\"color: #808080;\"><strong>SLOVENSK<\/strong><strong>\u00c1 KATOL\u00cdCKA MISIA, BRAUERSTRA<\/strong><strong>SSE<\/strong><strong>\u00a0<\/strong><strong>99,<\/strong><\/span><\/p>\n<p style=\"text-align: center;\"><span style=\"color: #808080;\"><strong>8004 Z\u00dcRICH; T: 44 241 50 22<\/strong><\/span><\/p>\n<p><span style=\"color: #808080;\">\u00a0Oznamy na Ve\u013ekono\u010dn\u00fa nede\u013eu Nede\u013eu.<\/span><\/p>\n<p>&nbsp;<\/p>\n<p><span style=\"color: #808080;\">Liturgick\u00fd kalend\u00e1r:<\/span><\/p>\n<p>&nbsp;<\/p>\n<p><span style=\"color: #808080;\">Ve\u013ekono\u010dnou Nede\u013eou za\u010d\u00edna Ve\u013ekono\u010dn\u00e1 okt\u00e1va, ktor\u00e1 sa cel\u00e1 sl\u00e1vi ako jeden de\u0148 Kristovho zm\u0155tvychvstania. Po\u010das celej okt\u00e1vy zaznieva pri sv. om\u0161i gl\u00f3ria a sl\u00e1vnostn\u00e9 aleluja.<\/span><\/p>\n<p><span style=\"color: #808080;\">Bud\u00faca nede\u013ea je Druh\u00e1 ve\u013ekono\u010dn\u00e1 &#8211; Nede\u013ea Bo\u017eieho milosrdenstva. Po sv. om\u0161i udel\u00edm sviatos\u0165 pomazania chor\u00fdch. (Ohrozenie \u017eivota starobou alebo chorobou i za\u010d\u00ednaj\u00facou- sviatosti pok\u00e1nia).<\/span><\/p>\n<p>&nbsp;<\/p>\n<p><span style=\"color: #808080;\">Namiesto <em>Anjel P\u00e1na<\/em> sa po cel\u00e9 Ve\u013ekono\u010dn\u00e9 obdobie modl\u00edme <em>Raduj sa, nebies Kr\u00e1\u013eovn\u00e1. <\/em>Ve\u013ekono\u010dn\u00e9 obdobie trv\u00e1 a\u017e do Zoslania Ducha Sv\u00e4t\u00e9ho.<\/span><\/p>\n<p>&nbsp;<\/p>\n<p><span style=\"color: #808080;\">Program sv. om\u0161\u00ed po\u010das t\u00fd\u017ed\u0148a:<\/span><\/p>\n<p>&nbsp;<\/p>\n<p><span style=\"color: #808080;\">V <strong>stredu<\/strong> je sv. om\u0161a o\u00a020:00 na Talianskej misii. N\u00e1cvik spevu je 1\/2 hodinou pred sv. om\u0161ou.<\/span><\/p>\n<p>&nbsp;<\/p>\n<p><span style=\"color: #808080;\"><strong>V piatok <\/strong>prv\u00fd piatok a program je ako obvykle:<\/span><\/p>\n<p><span style=\"color: #808080;\">18:45 Tich\u00e1 a osobn\u00e1 ador\u00e1cia (po\u010das ador\u00e1cie spovedanie)<\/span><\/p>\n<p><span style=\"color: #808080;\">19:30 SV\u00c4T\u00c1 OM\u0160A a v jej z\u00e1vere prvopiatkov\u00e1 pobo\u017enos\u0165 (lit\u00e1nie + modlitba)<\/span><\/p>\n<p>&nbsp;<\/p>\n<p><span style=\"color: #808080;\">V <strong>sobotu<\/strong> (prv\u00e1 v mesiaci o 10:00) sa ru\u017eencov\u00e1 skupina\u00a0 stret\u00e1 na modlitbu ru\u017eenca pri Mari\u00e1nskom ve\u010deradle. Za\u010d\u00edna sa presne o 10:00 na Talianskej misii.<\/span><\/p>\n<ol>\n<li><span style=\"color: #808080;\">Vo \u0161tvrtok je \u0161portov\u00fd kr\u00fa\u017eok.<\/span><\/li>\n<\/ol>\n<p>&nbsp;<\/p>\n<ol start=\"2\">\n<li><span style=\"color: #808080;\">\u010eakujeme v\u0161etk\u00fdm, ktor\u00ed sa podie\u013eali na pr\u00edprave a sl\u00e1ven\u00ed Ve\u013ekono\u010dn\u00fdch sviatkov:<\/span><\/li>\n<\/ol>\n<p><span style=\"color: #808080;\">Mini\u0161trantom, spev\u00e1kom, organistovi, lektorom. P\u00e1n Boh zapla\u0165 za milodar na Sv. Zem po\u010das Karwoche.<\/span><\/p>\n<p>&nbsp;<\/p>\n<ol start=\"3\">\n<li><span style=\"color: #808080;\">Najbli\u017e\u0161ie biblick\u00e9 stretko bude a\u017e v utorok 10. apr\u00edla na misii.<\/span><\/li>\n<\/ol>\n<p>&nbsp;<\/p>\n<p>&nbsp;<\/p>\n","protected":false},"excerpt":{"rendered":"<p>SLOVENSK\u00c1 KATOL\u00cdCKA MISIA, BRAUERSTRASSE\u00a099, 8004 Z\u00dcRICH, T\/F: 0041 44 241 50 22 &nbsp; \u00a0Oznamy na tretiu ve\u013ekono\u010dn\u00fa nede\u013eu. &nbsp; Liturgick\u00fd kalend\u00e1r: V sobotu je \u013eubovo\u013en\u00e1 spomienka sv. Anzelma, biskupa a\u00a0u\u010dite\u013ea Cirkvi. Bud\u00faca nede\u013ea je&#46;&#46;&#46;<\/p>\n","protected":false},"author":3,"featured_media":8327,"comment_status":"open","ping_status":"closed","sticky":false,"template":"","format":"standard","meta":{"ngg_post_thumbnail":0},"categories":[24,1],"tags":[],"_links":{"self":[{"href":"https:\/\/www.skmisia.ch\/index.php?rest_route=\/wp\/v2\/posts\/8232"}],"collection":[{"href":"https:\/\/www.skmisia.ch\/index.php?rest_route=\/wp\/v2\/posts"}],"about":[{"href":"https:\/\/www.skmisia.ch\/index.php?rest_route=\/wp\/v2\/types\/post"}],"author":[{"embeddable":true,"href":"https:\/\/www.skmisia.ch\/index.php?rest_route=\/wp\/v2\/users\/3"}],"replies":[{"embeddable":true,"href":"https:\/\/www.skmisia.ch\/index.php?rest_route=%2Fwp%2Fv2%2Fcomments&post=8232"}],"version-history":[{"count":13,"href":"https:\/\/www.skmisia.ch\/index.php?rest_route=\/wp\/v2\/posts\/8232\/revisions"}],"predecessor-version":[{"id":8328,"href":"https:\/\/www.skmisia.ch\/index.php?rest_route=\/wp\/v2\/posts\/8232\/revisions\/8328"}],"wp:featuredmedia":[{"embeddable":true,"href":"https:\/\/www.skmisia.ch\/index.php?rest_route=\/wp\/v2\/media\/8327"}],"wp:attachment":[{"href":"https:\/\/www.skmisia.ch\/index.php?rest_route=%2Fwp%2Fv2%2Fmedia&parent=8232"}],"wp:term":[{"taxonomy":"category","embeddable":true,"href":"https:\/\/www.skmisia.ch\/index.php?rest_route=%2Fwp%2Fv2%2Fcategories&post=8232"},{"taxonomy":"post_tag","embeddable":true,"href":"https:\/\/www.skmisia.ch\/index.php?rest_route=%2Fwp%2Fv2%2Ftags&post=8232"}],"curies":[{"name":"wp","href":"https:\/\/api.w.org\/{rel}","templated":true}]}}