{"id":810,"date":"2014-03-15T14:20:59","date_gmt":"2014-03-15T13:20:59","guid":{"rendered":"https:\/\/www.skmisia.ch\/?p=810"},"modified":"2019-04-08T21:09:19","modified_gmt":"2019-04-08T20:09:19","slug":"oznamy-na-2-postnu-nedelu","status":"publish","type":"post","link":"https:\/\/www.skmisia.ch\/?p=810","title":{"rendered":"Oznamy na 2. P\u00f4stnu nede\u013eu"},"content":{"rendered":"<p style=\"text-align: center;\"><strong>SLOVENSK\u00c1 KATOL\u00cdCKA MISIA, BRAUERSTRASSE 99; 8004 Z\u00dcRICH;<\/strong><\/p>\n<p style=\"text-align: center;\"><strong>T\/F: 0041 44 241 50 22<\/strong><\/p>\n<div align=\"center\">\n<hr align=\"center\" size=\"2\" width=\"100%\" \/>\n<\/div>\n<p><strong>\u00a0Oznamy na 2. P\u00f4stnu Nede\u013eu.<\/strong><\/p>\n<p><strong>Liturgick\u00fd kalend\u00e1r:<\/strong><\/p>\n<p><strong>V\u00a0utorok je spomienka sv. Cyrila Jeruzalemsk\u00e9ho, biskupa a\u00a0u\u010dite\u013ea Cirkvi.<\/strong><\/p>\n<p><strong>V\u00a0stredu je sl\u00e1vnos\u0165 sv. Jozefa, \u017een\u00edcha Panny M\u00e1rie<\/strong><\/p>\n<p><strong>Bud\u00faca nede\u013ea je 3. P\u00f4stna nede\u013ea.<\/strong><\/p>\n<p><strong>\u00a0<\/strong><\/p>\n<p><strong>Program sv. om\u0161\u00ed po\u010das t\u00fd\u017ed\u0148a:<\/strong><\/p>\n<p><strong>Streda sv. om\u0161a o 20:00 na Talianskej misii zo sl\u00e1vnosti sv. Jozefa. Stretnutie spevokolu je \u00bd hodinku pred sv. om\u0161ou. Po sv. om\u0161i sa modl\u00edme lit\u00e1nie ku sv. Jozefovi.<\/strong><\/p>\n<p><strong>1. Po sv. om\u0161i je Katechizmus pre deti ako obvykle. Te\u0161\u00edm sa, ako mi deti uk\u00e1\u017eu, ak\u00fd obr\u00e1zok si nama\u013eovali. M\u00e1m pre nich pripraven\u00fa \u010fal\u0161iu \u010das\u0165 p\u00f4stnej aktivity s pr\u00edbehom o mn\u00edchovi, ktor\u00fd nepotreboval svoje telo. (Ru\u017eenec) \u00daloha na tento p\u00f4stny t\u00fd\u017ede\u0148 je dobre si plni\u0165 slu\u017ebu v dom\u00e1cnosti, ktor\u00fa v\u00e1m zverili\/ia rodi\u010dia.<\/strong><\/p>\n<p><strong>2.\u00a0V pondelok 17.4.\u00a0 o 19:00 bude na SMK, Brauerstrasse 99, Sn\u00fabeneck\u00e1 n\u00e1uka B \u2013 o sviatosti man\u017eelstva.<\/strong><\/p>\n<p><strong>\u00a03.\u00a0Vo \u0161tvrtkok je \u0161portov\u00fd kr\u00fa\u017eok.<\/strong><\/p>\n<p><strong>\u00a04.\u00a0Pred piatkov\u00fdm stretkom o 20:00 bude p\u00f4stna ml\u00e1de\u017en\u00edcka\u00a0kr\u00ed\u017eov\u00e1\u00a0cesta. Bude to na\u00a0Talianskej\u00a0misii v kostole sv.\u00a0J\u00e1na Bosca. Po pobo\u017enosti o 20:30 v\u00e1s srde\u010dne poz\u00fdvame medzi seba na stretko s n\u00e1zvom: Modlitba\u00a0Ot\u010den\u00e1\u0161a.<\/strong><\/p>\n<p><strong>5. Dovo\u013eujem si v\u00e1m pripomen\u00fa\u0165 iniciat\u00edvu rod\u00edn a SKM. Na na\u0161om webovom \u00a0port\u00e1li skmisia.ch s\u00a0n\u00e1zvom\u00a0&#8222;Zaostren\u00e9\u00a0na rodiny&#8230;&#8220; sa m\u00f4\u017eete vyjadri\u0165 ku podujatiu, ktor\u00e9 je adresovan\u00e9 zvl\u00e1\u0161\u0165 rodin\u00e1m.<\/strong><\/p>\n<p><strong>6. Po sv\u00e4tej om\u0161i v\u00e1s poz\u00fdvame na posedenie pri k\u00e1ve do ve\u013ekej s\u00e1ly do pastora\u010dn\u00fdch priestorov oproti kostolu.<\/strong><\/p>\n<p><strong>7. Pripom\u00ednam mo\u017enos\u0165 sv. spovede \u00bd hodinu pred ka\u017edou nede\u013enou sv. om\u0161ou a na po\u017eiadanie aj po sv. om\u0161i. Dnes po sv. om\u0161i o 11:00 bude misijn\u00e1 rada.<\/strong><\/p>\n<p><strong>8. Pros\u00edme z\u00e1ujemcov, ktor\u00ed s\u00fa ochotn\u00ed zapoji\u0165 sa do spevu Pa\u0161i\u00ed na kvetn\u00fa nede\u013eu a spevov po\u010das ve\u013ekono\u010dn\u00e9ho tr\u00eddua, nech sa po sv. om\u0161i zdru\u017eia v zadnej \u010dasti krypty pri organe.<\/strong><\/p>\n<p><strong>9. Po sv. om\u0161i je mo\u017enos\u0165 si v Sakristii dok\u00fapi\u0165 dotla\u010d\u00a0kni\u017eo\u010dky\u00a0Bo\u017eie Slovo na ka\u017ed\u00fd de\u0148. Cena je 5,- Frankov.<\/strong><\/p>\n<p><strong>10. Mil\u00ed veriaci, na poslednej misijnej rade odznela po\u017eiadavka nov\u00fdch volieb do misijnej rady. Aby sme zobrali do \u00favahy v\u00e1\u0161 n\u00e1zor o tejto veci po sv. om\u0161i na 4. P\u00f4stnu nede\u013eu (30.3.) bude v priestoroch s\u00e1ly \u201cmal\u00e9 referendum\u201d. Budete m\u00f4c\u0165 vyjadri\u0165 n\u00e1zor, \u010di chcete, aby boli \u010dlenovia misijnej rady volen\u00ed. Ak nebude o to z\u00e1ujem predpoklad\u00e1 sa, \u017ee \u010dlenov misijnej rady menuje priamo mision\u00e1r.<\/strong><\/p>\n<p><strong>11. \u010eakujeme zo srdca don Mari\u00e1novi Val\u00e1bkovi za vedenie duchovnej obnovy. Vyprosujeme mu mnoho Bo\u017e\u00edch milost\u00ed a po\u017eehnania v jeho d\u00f4le\u017eitom poslan\u00ed upev\u0148ova\u0165 kres\u0165ansk\u00e9 rodiny.<\/strong><\/p>\n<p><strong>Dnes -NEDE\u013dA 16.3. popoludn\u00ed, Kostol sv. J\u00e1na Bosca -Talianska misia o 15:30 ste pozvan\u00ed vypo\u010du\u0165 si dodatok ku D.O., predn\u00e1\u0161ku: Poslan\u00ed znova evanjelizova\u0165 Eur\u00f3pu.<\/strong><\/p>\n","protected":false},"excerpt":{"rendered":"<p>SLOVENSK\u00c1 KATOL\u00cdCKA MISIA, BRAUERSTRASSE 99; 8004 Z\u00dcRICH; T\/F: 0041 44 241 50 22 \u00a0Oznamy na 2. P\u00f4stnu Nede\u013eu. Liturgick\u00fd kalend\u00e1r: V\u00a0utorok je spomienka sv. Cyrila Jeruzalemsk\u00e9ho, biskupa a\u00a0u\u010dite\u013ea Cirkvi. V\u00a0stredu je sl\u00e1vnos\u0165 sv. Jozefa,&#46;&#46;&#46;<\/p>\n","protected":false},"author":3,"featured_media":811,"comment_status":"open","ping_status":"open","sticky":false,"template":"","format":"standard","meta":{"ngg_post_thumbnail":0},"categories":[24,1],"tags":[],"_links":{"self":[{"href":"https:\/\/www.skmisia.ch\/index.php?rest_route=\/wp\/v2\/posts\/810"}],"collection":[{"href":"https:\/\/www.skmisia.ch\/index.php?rest_route=\/wp\/v2\/posts"}],"about":[{"href":"https:\/\/www.skmisia.ch\/index.php?rest_route=\/wp\/v2\/types\/post"}],"author":[{"embeddable":true,"href":"https:\/\/www.skmisia.ch\/index.php?rest_route=\/wp\/v2\/users\/3"}],"replies":[{"embeddable":true,"href":"https:\/\/www.skmisia.ch\/index.php?rest_route=%2Fwp%2Fv2%2Fcomments&post=810"}],"version-history":[{"count":5,"href":"https:\/\/www.skmisia.ch\/index.php?rest_route=\/wp\/v2\/posts\/810\/revisions"}],"predecessor-version":[{"id":816,"href":"https:\/\/www.skmisia.ch\/index.php?rest_route=\/wp\/v2\/posts\/810\/revisions\/816"}],"wp:featuredmedia":[{"embeddable":true,"href":"https:\/\/www.skmisia.ch\/index.php?rest_route=\/wp\/v2\/media\/811"}],"wp:attachment":[{"href":"https:\/\/www.skmisia.ch\/index.php?rest_route=%2Fwp%2Fv2%2Fmedia&parent=810"}],"wp:term":[{"taxonomy":"category","embeddable":true,"href":"https:\/\/www.skmisia.ch\/index.php?rest_route=%2Fwp%2Fv2%2Fcategories&post=810"},{"taxonomy":"post_tag","embeddable":true,"href":"https:\/\/www.skmisia.ch\/index.php?rest_route=%2Fwp%2Fv2%2Ftags&post=810"}],"curies":[{"name":"wp","href":"https:\/\/api.w.org\/{rel}","templated":true}]}}