{"id":7972,"date":"2017-12-01T16:23:39","date_gmt":"2017-12-01T15:23:39","guid":{"rendered":"https:\/\/www.skmisia.ch\/?p=7972"},"modified":"2019-04-08T21:08:47","modified_gmt":"2019-04-08T20:08:47","slug":"ziva-viera-vo-svajciarsku","status":"publish","type":"post","link":"https:\/\/www.skmisia.ch\/?p=7972","title":{"rendered":"\u017div\u00e1 viera vo \u0160vaj\u010diarsku"},"content":{"rendered":"<p><span style=\"color: #333333;\">V Z\u00fcrichu v Liebfrauenkirche sa konal od 7.7-9.7.2017 n\u00e1rodn\u00fd \u201eDeutschschweizer Weltjugendtag\u201c \u00a0ktor\u00e9ho sa z\u00fa\u010dastnilo\u00a0vy\u0161e 1000 mlad\u00fdch \u013eud\u00ed zo v\u0161etk\u00fdch k\u00fatov nemecky hovoriacej \u010dasti \u0160vaj\u010diarska. Ako hlavn\u00fd kazate\u013e pri\u0161iel charizmatick\u00fd franti\u0161k\u00e1n z Bronxu, father Augustino Torres. Svoj\u00edm bezprostredn\u00fdm, osvie\u017euj\u00facim \u0161t\u00fdlom ve\u013emi oslovuje ml\u00e1de\u017e, nie len tu vo \u0161vaj\u010diarsku ale aj v Amerike, kde bol aj v r\u00f4znych telev\u00edznych rel\u00e1ci\u00e1ch.<\/span><\/p>\n<p><span style=\"color: #333333;\">Ve\u013emi silne zarezonovalo svedectvo mlad\u00e9ho \u010dloveka, ktor\u00e9 v\u00e1m odpor\u00fa\u010dame si vypo\u010du\u0165 na tomto linku:\u00a0 <span style=\"color: #993300;\"><a style=\"color: #993300;\" href=\"http:\/\/www.fisherman.fm\/tonundbild\/offbeats\/offbeats-mit-br-andreas-meier\/\" target=\"_blank\" rel=\"noopener noreferrer\">http:\/\/www.fisherman.fm\/tonundbild\/offbeats\/offbeats-mit-br-andreas-meier\/<\/a><\/span><\/span><\/p>\n<p><a href=\"https:\/\/www.skmisia.ch\/wp-content\/uploads\/2017\/12\/Welt-Jugendtag.jpg\"><img decoding=\"async\" loading=\"lazy\" class=\"aligncenter wp-image-7974\" src=\"https:\/\/www.skmisia.ch\/wp-content\/uploads\/2017\/12\/Welt-Jugendtag.jpg\" alt=\"\" width=\"1200\" height=\"800\" srcset=\"https:\/\/www.skmisia.ch\/wp-content\/uploads\/2017\/12\/Welt-Jugendtag.jpg 1600w, https:\/\/www.skmisia.ch\/wp-content\/uploads\/2017\/12\/Welt-Jugendtag-300x200.jpg 300w, https:\/\/www.skmisia.ch\/wp-content\/uploads\/2017\/12\/Welt-Jugendtag-768x512.jpg 768w, https:\/\/www.skmisia.ch\/wp-content\/uploads\/2017\/12\/Welt-Jugendtag-1024x682.jpg 1024w\" sizes=\"(max-width: 1200px) 100vw, 1200px\" \/><\/a><\/p>\n<div><\/div>\n","protected":false},"excerpt":{"rendered":"<p>V Z\u00fcrichu v Liebfrauenkirche sa konal od 7.7-9.7.2017 n\u00e1rodn\u00fd \u201eDeutschschweizer Weltjugendtag\u201c \u00a0ktor\u00e9ho sa z\u00fa\u010dastnilo\u00a0vy\u0161e 1000 mlad\u00fdch \u013eud\u00ed zo v\u0161etk\u00fdch k\u00fatov nemecky hovoriacej \u010dasti \u0160vaj\u010diarska. Ako hlavn\u00fd kazate\u013e pri\u0161iel charizmatick\u00fd franti\u0161k\u00e1n z Bronxu, father Augustino&#46;&#46;&#46;<\/p>\n","protected":false},"author":3,"featured_media":7974,"comment_status":"open","ping_status":"closed","sticky":false,"template":"","format":"standard","meta":{"ngg_post_thumbnail":0},"categories":[24,1],"tags":[],"_links":{"self":[{"href":"https:\/\/www.skmisia.ch\/index.php?rest_route=\/wp\/v2\/posts\/7972"}],"collection":[{"href":"https:\/\/www.skmisia.ch\/index.php?rest_route=\/wp\/v2\/posts"}],"about":[{"href":"https:\/\/www.skmisia.ch\/index.php?rest_route=\/wp\/v2\/types\/post"}],"author":[{"embeddable":true,"href":"https:\/\/www.skmisia.ch\/index.php?rest_route=\/wp\/v2\/users\/3"}],"replies":[{"embeddable":true,"href":"https:\/\/www.skmisia.ch\/index.php?rest_route=%2Fwp%2Fv2%2Fcomments&post=7972"}],"version-history":[{"count":7,"href":"https:\/\/www.skmisia.ch\/index.php?rest_route=\/wp\/v2\/posts\/7972\/revisions"}],"predecessor-version":[{"id":7980,"href":"https:\/\/www.skmisia.ch\/index.php?rest_route=\/wp\/v2\/posts\/7972\/revisions\/7980"}],"wp:featuredmedia":[{"embeddable":true,"href":"https:\/\/www.skmisia.ch\/index.php?rest_route=\/wp\/v2\/media\/7974"}],"wp:attachment":[{"href":"https:\/\/www.skmisia.ch\/index.php?rest_route=%2Fwp%2Fv2%2Fmedia&parent=7972"}],"wp:term":[{"taxonomy":"category","embeddable":true,"href":"https:\/\/www.skmisia.ch\/index.php?rest_route=%2Fwp%2Fv2%2Fcategories&post=7972"},{"taxonomy":"post_tag","embeddable":true,"href":"https:\/\/www.skmisia.ch\/index.php?rest_route=%2Fwp%2Fv2%2Ftags&post=7972"}],"curies":[{"name":"wp","href":"https:\/\/api.w.org\/{rel}","templated":true}]}}