{"id":7928,"date":"2017-11-18T16:29:10","date_gmt":"2017-11-18T15:29:10","guid":{"rendered":"https:\/\/www.skmisia.ch\/?p=7928"},"modified":"2019-04-08T21:08:47","modified_gmt":"2019-04-08T20:08:47","slug":"pomoc-slovenskej-katolickej-misie-v-ramci-svetoveho-dna-chudobnych","status":"publish","type":"post","link":"https:\/\/www.skmisia.ch\/?p=7928","title":{"rendered":"Pomoc Slovenskej katol\u00edckej misie v r\u00e1mci Svetov\u00e9ho d\u0148a chudobn\u00fdch"},"content":{"rendered":"<p><span style=\"color: #333333;\">V z\u00e1vere Sv\u00e4t\u00e9ho roka milosrdenstva p\u00e1pe\u017e Franti\u0161ek ustanovil Svetov\u00fd de\u0148 chudobn\u00fdch, ktor\u00fd v tomto roku pripad\u00e1 na<strong> 19. november<\/strong>.\u00a0Na na\u0161om webe n\u00e1jdete\u00a0aj samostatne posolstvo p\u00e1pe\u017ea k tomuto d\u0148u.<\/span><\/p>\n<p><span style=\"color: #333333;\">Slovensk\u00e1 katol\u00edcka misia odpoved\u00e1 na tento apel aktivitou &#8222;<strong>Mikul\u00e1\u0161ska zbierka<\/strong>&#8222;. \u00damyslom je, aby sa deti podeli s jednou svojou hra\u010dkou a obdarovali R\u00f3mske die\u0165a. Ostatn\u00ed veriaci a cel\u00e1 misia je pozvan\u00e1 <strong>po\u010das om\u0161\u00ed finan\u010dne podpori\u0165 projekt R\u00f3mskeho pastora\u010dn\u00e9ho centra v okrese Bardejov<\/strong>. Ni\u017e\u0161ie priklad\u00e1me sprievodn\u00fd list\u00a0MGR. IGOR \u010cIKO\u0160A,\u00a0riadite\u013ea GRM pre okres Bardejov.<\/span><\/p>\n<p>&nbsp;<\/p>\n<p><span style=\"color: #333333;\"><em><a href=\"https:\/\/www.skmisia.ch\/wp-content\/uploads\/2017\/11\/Igor.jpg\"><img decoding=\"async\" loading=\"lazy\" class=\"alignleft wp-image-7929\" src=\"https:\/\/www.skmisia.ch\/wp-content\/uploads\/2017\/11\/Igor.jpg\" alt=\"\" width=\"178\" height=\"237\" srcset=\"https:\/\/www.skmisia.ch\/wp-content\/uploads\/2017\/11\/Igor.jpg 900w, https:\/\/www.skmisia.ch\/wp-content\/uploads\/2017\/11\/Igor-225x300.jpg 225w, https:\/\/www.skmisia.ch\/wp-content\/uploads\/2017\/11\/Igor-768x1024.jpg 768w\" sizes=\"(max-width: 178px) 100vw, 178px\" \/><\/a>Pochv\u00e1len\u00fd bu\u010f Je\u017ei\u0161 Kristus! Sl\u00e1va Isusu Christu!<\/em><\/span><\/p>\n<p><span style=\"color: #333333;\"><em>T\u00fdmto V\u00e1s srde\u010dne pozdravujem, o. Igor \u010ciko\u0161. Dovo\u013ete mi pribl\u00ed\u017ei\u0165 \u010dinnos\u0165 Gr\u00e9ckokatol\u00edckej r\u00f3mskej misie v\u00a0okrese Bardejov.<\/em><\/span><\/p>\n<p><span style=\"color: #333333;\"><em><strong>\u00a0\u00a0\u00a0\u00a0\u00a0\u00a0\u00a0\u00a0\u00a0\u00a0\u00a0 Gr\u00e9ckokatol\u00edcka r\u00f3mska misia v\u00a0okrese Bardejov<\/strong>\u00a0(GRM BJ) je samostatn\u00fd pr\u00e1vny subjekt, ktor\u00fd odvodzuje svoju pr\u00e1vnu subjektivitu od Gr\u00e9ckokatol\u00edckej cirkvi na Slovensku, ktor\u00fd bol zriaden\u00fd 1. augusta 2017 pre\u0161ovsk\u00fdm arcibiskupom a\u00a0metropolitom Mons. J\u00e1nom Babjakom, SJ. Poslan\u00edm Gr\u00e9ckokatol\u00edckej r\u00f3mskej misie v\u00a0okrese Bardejov je prin\u00e1\u0161a\u0165 posolstvo evanjelia najm\u00e4 \u013eu\u010fom \u017eij\u00facich v r\u00f3mskych komunit\u00e1ch na \u00fazem\u00ed Pre\u0161ovskej gr\u00e9ckokatol\u00edckej archieparchie v\u00a0okrese Bardejov, a to prostredn\u00edctvom r\u00f4znorodej pastora\u010dnej, forma\u010dnej, duchovnej, kult\u00farnej a soci\u00e1lnej \u010dinnosti. GRM BJ prispieva k\u00a0prevencii rasizmu a\u00a0xenof\u00f3bie a\u00a0napom\u00e1ha zmiereniu komun\u00edt s odli\u0161n\u00fdmi soci\u00e1lnymi, kult\u00farnymi \u010di duchovn\u00fdmi kore\u0148mi.<\/em><\/span><\/p>\n<p><span style=\"color: #333333;\"><em>\u00a0\u00a0\u00a0\u00a0\u00a0\u00a0\u00a0\u00a0\u00a0\u00a0\u00a0 Ro\u010dn\u00e1 pastora\u010dn\u00e1 \u010dinnos\u0165 bola zacielen\u00e1 najm\u00e4 na evanjeliza\u010dn\u00e9 aktivity v\u00a0\u0161tyroch obciach: Malcov, Snakov, Len\u00e1rtov, Sver\u017eov. V\u00a0s\u00fa\u010dasnosti sa sl\u00e1vi sv. liturgia na dvoch miestach. R\u00f3movia sa stret\u00e1vaj\u00fa na pravideln\u00fdch forma\u010dn\u00fdch stretnutiach, rann\u00fdch modlitb\u00e1ch \u010di\u00a0na hudobne sprev\u00e1dzan\u00fdch modlitbov\u00fdch stretnutiach spolo\u010denstva. V\u00a0\u017eivotoch konkr\u00e9tnych R\u00f3mov povstala t\u00fa\u017eba po vz\u0165ahu s\u00a0Bohom, ochota osobnostne r\u00e1s\u0165, tie\u017e sl\u00fa\u017ei\u0165 Cirkvi. Tohto \u010dasu pri centre p\u00f4sob\u00ed chvalov\u00e1 skupina, ktor\u00e1 sl\u00fa\u017ei pri liturgi\u00e1ch, odpustov\u00fdch sl\u00e1vnostiach, z\u00fa\u010dastnili sa tie\u017e na projekte Bararas ( hudobno-dramatick\u00e9 p\u00e1smo r\u00f3mskych kres\u0165ansk\u00fdch kapiel)., \u010fal\u0161ie dve chvalov\u00e9 skupiny v\u00a0tomto obdob\u00ed vznikaj\u00fa. \u00a0<\/em><\/span><\/p>\n<p><span style=\"color: #333333;\"><em>Mlad\u00ed ako aj dospel\u00ed dobrovo\u013en\u00edci z\u00a0radov R\u00f3mov i\u00a0Slov\u00e1kov sa pravidelne venuj\u00fa pr\u00e1ci s\u00a0de\u0165mi. Cie\u013eom je privies\u0165 det\u00ed \u010di mlad\u00fdch ku poznaniu Boha a\u00a0nau\u010di\u0165 ich pre\u017e\u00edva\u0165 tento vz\u0165ah vo svojich konkr\u00e9tnych ka\u017edodenn\u00fdch okolnostiach. Tento z\u00e1mer dosahujeme pomocou aktiv\u00edt prebiehaj\u00facich po\u010das tvoriv\u00fdch dieln\u00ed, biblick\u00fdch hod\u00edn, divadelno-dramatickej \u010dinnosti, v\u00fdu\u010dby hry na hudobn\u00e9 n\u00e1stroje at\u010f. Ver\u00edme, \u017ee ak mlad\u00e1 gener\u00e1cia R\u00f3mov dostane pr\u00edle\u017eitos\u0165 rozpozna\u0165 svoje talenty a\u00a0dary, nau\u010d\u00ed sa spozn\u00e1va\u0165 Bo\u017e\u00ed pl\u00e1n pre svoj \u017eivot,\u00a0vierou a\u00a0vytrvalos\u0165ou zvl\u00e1dne prekon\u00e1va\u0165 prek\u00e1\u017eky, motivovan\u00ed pozit\u00edvnymi vzormi, m\u00f4\u017eu dosiahnu\u0165 zmenu.<\/em><\/span><\/p>\n<p><span style=\"color: #333333;\"><em>\u00a0V\u00a0bl\u00edzkom obdob\u00ed sa pl\u00e1nuje biblick\u00e1 \u0161kola AV, ktor\u00e1 vyu\u010duje o\u00a0kres\u0165ansk\u00fdch z\u00e1kladn\u00fdch pravd\u00e1ch. Pokra\u010dova\u0165 bude tret\u00ed ro\u010dn\u00edk biblickej \u0161koly LEHA, jej cie\u013eom je praktick\u00e9 vov\u00e1dzanie do z\u00e1kladn\u00fdch prvkov viery, ktorej prv\u00fd ro\u010dn\u00edk \u00faspe\u0161ne absolvovalo 12 \u013eud\u00ed-o\u010dak\u00e1vame n\u00e1rast.\u00a0<\/em><\/span><\/p>\n<p><span style=\"color: #333333;\"><em>\u00a0\u00a0\u00a0\u00a0\u00a0\u00a0\u00a0\u00a0\u00a0\u00a0\u00a0 V\u00a0novembri tohto roku prijalo sviatos\u0165 man\u017eelstva 13 doteraz civilne sob\u00e1\u0161en\u00fdch p\u00e1rov, ktor\u00ed sa s\u00a0nad\u0161en\u00edm z\u00fa\u010dastnili katech\u00e9z. \u00a0S\u00fabe\u017ene s\u00a0nimi prijalo sviatos\u0165 Eucharistie a\u00a0zmierenia nieko\u013eko vdov a\u00a0mlad\u00fdch \u017eien. O\u010dak\u00e1vame, \u017ee tento pr\u00edklad\u00a0 sviatostn\u00e9ho \u017eivota, napodobnia mnoh\u00ed \u010fal\u0161\u00ed.<\/em><\/span><\/p>\n<p><span style=\"color: #333333;\"><em>V\u00a0r\u00e1mci potrieb pastora\u010dnej \u010dinnosti pl\u00e1nujeme v\u00fdstavbu centra v\u00a0Snakove a\u00a0Malcove ( moment\u00e1lne fungujeme v\u00a0prenajat\u00fdch priestoroch ). V\u00a0s\u00fa\u010dasnost\u00ed prebieha k\u00fapa nehnute\u013enosti\u00a0 v obci Len\u00e1rtov, ktor\u00e1 bude sl\u00fa\u017ei\u0165 na pravideln\u00e9 i\u00a0ob\u010dasn\u00e9 forma\u010dn\u00e9 aktivity.<\/em><\/span><\/p>\n<p><span style=\"color: #333333;\"><em>\u010eakujeme za va\u0161u ochotu pom\u00f4c\u0165 n\u00e1m prinies\u0165 evanjelium do r\u00f3mskych os\u00e1d. Sme v\u010fa\u010dn\u00ed za ka\u017ed\u00fd dar, ktor\u00fd bude pou\u017eit\u00fd na dofinancovanie k\u00fapy nehnute\u013enosti v\u00a0obci Len\u00e1rtov.<\/em><\/span><\/p>\n<p><span style=\"color: #333333;\"><em>Poz\u00fdvame aj V\u00e1s ma\u0165 vieru pre R\u00f3msky n\u00e1rod.<\/em><\/span><\/p>\n<p><span style=\"color: #333333;\"><em>S\u00a0kres\u0165ansk\u00fdm pozdravom. Sl\u00e1va Isusu Christu! o. Igor \u010ciko\u0161<\/em><\/span><\/p>\n","protected":false},"excerpt":{"rendered":"<p>V z\u00e1vere Sv\u00e4t\u00e9ho roka milosrdenstva p\u00e1pe\u017e Franti\u0161ek ustanovil Svetov\u00fd de\u0148 chudobn\u00fdch, ktor\u00fd v tomto roku pripad\u00e1 na 19. november.\u00a0Na na\u0161om webe n\u00e1jdete\u00a0aj samostatne posolstvo p\u00e1pe\u017ea k tomuto d\u0148u. Slovensk\u00e1 katol\u00edcka misia odpoved\u00e1 na tento&#46;&#46;&#46;<\/p>\n","protected":false},"author":3,"featured_media":7933,"comment_status":"open","ping_status":"closed","sticky":false,"template":"","format":"standard","meta":{"ngg_post_thumbnail":0},"categories":[24,1],"tags":[],"_links":{"self":[{"href":"https:\/\/www.skmisia.ch\/index.php?rest_route=\/wp\/v2\/posts\/7928"}],"collection":[{"href":"https:\/\/www.skmisia.ch\/index.php?rest_route=\/wp\/v2\/posts"}],"about":[{"href":"https:\/\/www.skmisia.ch\/index.php?rest_route=\/wp\/v2\/types\/post"}],"author":[{"embeddable":true,"href":"https:\/\/www.skmisia.ch\/index.php?rest_route=\/wp\/v2\/users\/3"}],"replies":[{"embeddable":true,"href":"https:\/\/www.skmisia.ch\/index.php?rest_route=%2Fwp%2Fv2%2Fcomments&post=7928"}],"version-history":[{"count":4,"href":"https:\/\/www.skmisia.ch\/index.php?rest_route=\/wp\/v2\/posts\/7928\/revisions"}],"predecessor-version":[{"id":7934,"href":"https:\/\/www.skmisia.ch\/index.php?rest_route=\/wp\/v2\/posts\/7928\/revisions\/7934"}],"wp:featuredmedia":[{"embeddable":true,"href":"https:\/\/www.skmisia.ch\/index.php?rest_route=\/wp\/v2\/media\/7933"}],"wp:attachment":[{"href":"https:\/\/www.skmisia.ch\/index.php?rest_route=%2Fwp%2Fv2%2Fmedia&parent=7928"}],"wp:term":[{"taxonomy":"category","embeddable":true,"href":"https:\/\/www.skmisia.ch\/index.php?rest_route=%2Fwp%2Fv2%2Fcategories&post=7928"},{"taxonomy":"post_tag","embeddable":true,"href":"https:\/\/www.skmisia.ch\/index.php?rest_route=%2Fwp%2Fv2%2Ftags&post=7928"}],"curies":[{"name":"wp","href":"https:\/\/api.w.org\/{rel}","templated":true}]}}