{"id":7911,"date":"2017-11-08T11:28:33","date_gmt":"2017-11-08T10:28:33","guid":{"rendered":"https:\/\/www.skmisia.ch\/?p=7911"},"modified":"2019-04-08T21:08:47","modified_gmt":"2019-04-08T20:08:47","slug":"hodova-slavnost-patrocinium-allerheilgen-v-bazilej","status":"publish","type":"post","link":"https:\/\/www.skmisia.ch\/?p=7911","title":{"rendered":"Hodov\u00e1 sl\u00e1vnos\u0165 &#8211; patroc\u00ednium Allerheilgen v Bazilej"},"content":{"rendered":"<p><span style=\"color: #333333;\">Katol\u00edcka cirkev si d\u0148a 1.11.2017 pripomenula Sviatok v\u0161etk\u00fdch sv\u00e4t\u00fdch, teda t\u00fdch, ktor\u00ed dosiahli nebo. Pre n\u00e1s veriacich je tento sviatok nielen spomienkou, ale aj pripomenut\u00edm si vzorov ktor\u00e9 s\u00fa hodn\u00e9 na\u0161ej \u00facty a\u00a0napodobovania. Tento de\u0148 sme spolo\u010dne osl\u00e1vili aj v\u00a0Bazilej, v\u00a0kostole Allerheilgen. Pred za\u010diatkom sl\u00e1vnosti sa kostol postupne napl\u0148oval veriacimi r\u00f4znych\u00a0 n\u00e1rodnost\u00ed ako aj k\u0148azov, medzi ktor\u00fdmi bol aj okrem in\u00fdch n\u00e1\u0161 otec Pavol Nizner. Vstupn\u00fdm pochodom k\u0148azov a\u00a0mini\u0161trantov za sprievodu n\u00e1dhern\u00fdch chv\u00e1lospevov sme spolo\u010dne za\u010dali sl\u00e1vi\u0165 sv\u00e4t\u00fa om\u0161u. Evanjelium sl\u00e1vnosti v\u0161etk\u00fdch sv\u00e4t\u00fdch bolo \u010d\u00edtan\u00e9 v\u00a0nieko\u013ek\u00fdch jazykoch a\u00a0po\u010das celej om\u0161e n\u00e1s sprev\u00e1dzal zbor. Ke\u010f ste sa rozhliadli a\u00a0videli to\u013ek\u00fdch \u013eud\u00ed z\u00a0r\u00f4znych k\u00fatov sveta, zahrialo v\u00e1s pri srdci a\u00a0te\u0161ilo, \u017ee si takto spolo\u010dne m\u00f4\u017eeme ucti\u0165 tento de\u0148. Bolo pekn\u00e9 znovu vidie\u0165 \u013eud\u00ed, ktor\u00fdch sp\u00e1ja l\u00e1ska k\u00a0n\u00e1\u0161mu P\u00e1novi a\u00a0presne o\u00a0tom to aj je, ke\u010f tvor\u00edme ve\u013ek\u00e9 spolo\u010denstvo s\u00a0t\u00fdmi , ktor\u00ed s\u00fa u\u017e v\u00a0nebi.<\/span><\/p>\n<p><a href=\"https:\/\/www.skmisia.ch\/wp-content\/uploads\/2017\/11\/Vsetci-svati.jpg\"><img decoding=\"async\" loading=\"lazy\" class=\"aligncenter size-full wp-image-7913\" src=\"https:\/\/www.skmisia.ch\/wp-content\/uploads\/2017\/11\/Vsetci-svati.jpg\" alt=\"\" width=\"1024\" height=\"685\" srcset=\"https:\/\/www.skmisia.ch\/wp-content\/uploads\/2017\/11\/Vsetci-svati.jpg 1024w, https:\/\/www.skmisia.ch\/wp-content\/uploads\/2017\/11\/Vsetci-svati-300x201.jpg 300w, https:\/\/www.skmisia.ch\/wp-content\/uploads\/2017\/11\/Vsetci-svati-768x514.jpg 768w\" sizes=\"(max-width: 1024px) 100vw, 1024px\" \/><\/a><\/p>\n","protected":false},"excerpt":{"rendered":"<p>Katol\u00edcka cirkev si d\u0148a 1.11.2017 pripomenula Sviatok v\u0161etk\u00fdch sv\u00e4t\u00fdch, teda t\u00fdch, ktor\u00ed dosiahli nebo. Pre n\u00e1s veriacich je tento sviatok nielen spomienkou, ale aj pripomenut\u00edm si vzorov ktor\u00e9 s\u00fa hodn\u00e9 na\u0161ej \u00facty a\u00a0napodobovania. Tento&#46;&#46;&#46;<\/p>\n","protected":false},"author":3,"featured_media":7913,"comment_status":"open","ping_status":"closed","sticky":false,"template":"","format":"standard","meta":{"ngg_post_thumbnail":0},"categories":[24,1],"tags":[],"_links":{"self":[{"href":"https:\/\/www.skmisia.ch\/index.php?rest_route=\/wp\/v2\/posts\/7911"}],"collection":[{"href":"https:\/\/www.skmisia.ch\/index.php?rest_route=\/wp\/v2\/posts"}],"about":[{"href":"https:\/\/www.skmisia.ch\/index.php?rest_route=\/wp\/v2\/types\/post"}],"author":[{"embeddable":true,"href":"https:\/\/www.skmisia.ch\/index.php?rest_route=\/wp\/v2\/users\/3"}],"replies":[{"embeddable":true,"href":"https:\/\/www.skmisia.ch\/index.php?rest_route=%2Fwp%2Fv2%2Fcomments&post=7911"}],"version-history":[{"count":2,"href":"https:\/\/www.skmisia.ch\/index.php?rest_route=\/wp\/v2\/posts\/7911\/revisions"}],"predecessor-version":[{"id":7914,"href":"https:\/\/www.skmisia.ch\/index.php?rest_route=\/wp\/v2\/posts\/7911\/revisions\/7914"}],"wp:featuredmedia":[{"embeddable":true,"href":"https:\/\/www.skmisia.ch\/index.php?rest_route=\/wp\/v2\/media\/7913"}],"wp:attachment":[{"href":"https:\/\/www.skmisia.ch\/index.php?rest_route=%2Fwp%2Fv2%2Fmedia&parent=7911"}],"wp:term":[{"taxonomy":"category","embeddable":true,"href":"https:\/\/www.skmisia.ch\/index.php?rest_route=%2Fwp%2Fv2%2Fcategories&post=7911"},{"taxonomy":"post_tag","embeddable":true,"href":"https:\/\/www.skmisia.ch\/index.php?rest_route=%2Fwp%2Fv2%2Ftags&post=7911"}],"curies":[{"name":"wp","href":"https:\/\/api.w.org\/{rel}","templated":true}]}}