{"id":7907,"date":"2017-11-08T11:28:00","date_gmt":"2017-11-08T10:28:00","guid":{"rendered":"https:\/\/www.skmisia.ch\/?p=7907"},"modified":"2019-04-08T21:08:47","modified_gmt":"2019-04-08T20:08:47","slug":"na-misijnych-cestach-ii-kardinal-jozef-tomko","status":"publish","type":"post","link":"https:\/\/www.skmisia.ch\/?p=7907","title":{"rendered":"Na misijn\u00fdch cest\u00e1ch II \u2013 Kardin\u00e1l Jozef Tomko"},"content":{"rendered":"<p><span style=\"color: #333333;\"><a style=\"color: #333333;\" href=\"https:\/\/www.skmisia.ch\/wp-content\/uploads\/2017\/11\/misie.jpg\"><img decoding=\"async\" loading=\"lazy\" class=\"aligncenter size-full wp-image-7908\" src=\"https:\/\/www.skmisia.ch\/wp-content\/uploads\/2017\/11\/misie.jpg\" alt=\"\" width=\"3508\" height=\"2264\" srcset=\"https:\/\/www.skmisia.ch\/wp-content\/uploads\/2017\/11\/misie.jpg 3508w, https:\/\/www.skmisia.ch\/wp-content\/uploads\/2017\/11\/misie-300x194.jpg 300w, https:\/\/www.skmisia.ch\/wp-content\/uploads\/2017\/11\/misie-768x496.jpg 768w, https:\/\/www.skmisia.ch\/wp-content\/uploads\/2017\/11\/misie-1024x661.jpg 1024w\" sizes=\"(max-width: 3508px) 100vw, 3508px\" \/><\/a><\/span><\/p>\n<p><span style=\"color: #333333;\">V\u00a0mojej kni\u017enici je pomerne dos\u0165 kn\u00edh vydan\u00fdch Slovensk\u00fdm \u00fastavom sv. Cyrila a\u00a0Metoda v\u00a0R\u00edme. \u010c\u00edm s\u00fa knihy star\u0161ie, t\u00fdm s\u00fa vz\u00e1cnej\u0161ie. Mnoh\u00ed velik\u00e1ni slovenskej literat\u00fary z\u00a0R\u00edma u\u017e nie s\u00fa medzi nami, zostali na nich len spomienky, uznania ich obetavej pr\u00e1ce a\u00a0dokumenty p\u00edsan\u00e9ho slova. Ak n\u00e1m bolo v\u00a0minulosti mo\u017en\u00e9, radi sme vstupovali do priestorov Slovensk\u00e9ho \u00fastavu sv. Cyrila a\u00a0Metoda, na \u00a0k\u00fasok slovenskej p\u00f4dy v\u00a0zahrani\u010d\u00ed. Od roku 1998 do\u0161lo v\u00a0\u00fastave ku ve\u013ekej zmene. P\u00e1pe\u017e J\u00e1n Pavol II. ho pov\u00fd\u0161il na P\u00e1pe\u017esk\u00fd slovensk\u00fd\u00a0 \u00fastav, a\u00a0zriadil v\u00a0\u0148om slovensk\u00e9 kol\u00e9gium sv. Cyrila a\u00a0Metoda.<\/span><\/p>\n<p><span style=\"color: #333333;\">V\u00a0prv\u00fdch rokoch vo \u0160vaj\u010diarsku mi publik\u00e1cie otv\u00e1rali o\u010di a\u00a0myse\u013e na ceste poznania Krista a\u00a0viery. Matersk\u00e1 dovolenka bola pre m\u0148a dobr\u00fdm a\u00a0vhodn\u00fdm \u010dasom na osobn\u00e9 vzdel\u00e1vanie a\u00a0kone\u010dne bezstrachov\u00e9 \u010d\u00edtanie kres\u0165anskej literat\u00fary. Ku knih\u00e1m sa rada vraciam, s\u00fa st\u00e1le mojimi dobr\u00fdmi pomocn\u00edkmi pri h\u013eadan\u00ed odpoved\u00ed na mnoh\u00e9 ot\u00e1zky kres\u0165ansk\u00e9ho \u017eivota.<\/span><\/p>\n<p><span style=\"color: #333333;\">Pred p\u00e1r mesiacmi som vybrala z\u00a0kni\u017enice knihu kardin\u00e1la Jozefa Tomka s\u00a0n\u00e1zvom Na misijn\u00fdch cest\u00e1ch II.<\/span><\/p>\n<p><span style=\"color: #333333;\">Ub\u00fadaj\u00faci po\u010det k\u0148azov poci\u0165uje i farnos\u0165 vo Frauenfelde. V\u00a0priebehu jedn\u00e9ho roka sa tu vymenili k\u0148azi z Indon\u00e9zie, Indie, Konga, Ma\u010farska a Nig\u00e9rie. V\u0161etk\u00fdch sme prijali s rados\u0165ou, priniesli n\u00e1m nov\u00e9ho Ducha, v\u00e1\u017eili sme si ich nem\u010dinu. Ka\u017ed\u00fd jeden z\u00a0nich \u00a0sa ale po kr\u00e1tkom \u010dase\u00a0 musel s\u00a0nami l\u00fa\u010di\u0165. Vo svojich krajin\u00e1ch mali povinnosti hlavne v\u00a0k\u0148azsk\u00fdch semin\u00e1roch, v\u00a0ktor\u00fdch s\u00a0v\u00e1\u017enos\u0165ou pripravuj\u00fa svojich nasledovn\u00edkov.<\/span><\/p>\n<p><span style=\"color: #333333;\">Otec Ernest z Nig\u00e9rie pred odchodom do svojej vlasti n\u00e1m pripravil \u00a0zauj\u00edmav\u00fa predn\u00e1\u0161ku o \u017eivote v\u00a0jeho krajine a v\u00a0semin\u00e1ri Enugu. Priniesla som na predn\u00e1\u0161ku knihu slovensk\u00e9ho kardin\u00e1la, ktor\u00fd semin\u00e1r nav\u0161t\u00edvil a\u00a0v\u00a0nej ho nazval kvitn\u00facim semin\u00e1rom. Otec Ernest sa pri poh\u013eade na tituln\u00fa str\u00e1nku do\u0161iroka usmial. Osobnos\u0165 p\u00e1na kardin\u00e1la Tomku je mu dobre zn\u00e1ma. Nielen v\u00a0Nig\u00e9ri\u00ed, ale v\u00a0i\u00a0Indi\u00ed a\u00a0Kongu vst\u00fapil kardin\u00e1l Jozef Tomko do semin\u00e1rov, z\u00a0ktor\u00fdch dnes vych\u00e1dzaj\u00fa vynikaj\u00faci k\u0148azi &#8211; mision\u00e1ri a\u00a0ohlasuj\u00fa n\u00e1m slovo Bo\u017eie. Tak ako otec Ernest sa dozvedel o\u00a0malom slovenskom \u0161t\u00e1te a\u00a0jeho ve\u013ekom predstavite\u013eovi Vatik\u00e1nu, tak i\u00a0ostatn\u00ed k\u0148azi &#8211; mision\u00e1ri p\u00f4sobiaci vo Frauenfelde. 22. okt\u00f3bra 2017 sme oslavovali v\u00a0na\u0161ich kostoloch Misijn\u00fa nede\u013eu. Pri nej som si spomenula na v\u0161etk\u00fdch k\u0148azov &#8211; mision\u00e1rov, ktor\u00ed pracuj\u00fa a\u00a0\u010falej rozn\u00e1\u0161aj\u00fa Bo\u017eie dielo, zria\u010fuj\u00fa charitn\u00e9 objekty a\u00a0zachra\u0148uj\u00fa \u013eud\u00ed pred agres\u00edvn\u00fdmi reklamami mocn\u00fdch p\u00e1nov sveta.<\/span><\/p>\n<p><span style=\"color: #333333;\">Marta van Ooijen &#8211; \u0160uvadov\u00e1<\/span><\/p>\n","protected":false},"excerpt":{"rendered":"<p>V\u00a0mojej kni\u017enici je pomerne dos\u0165 kn\u00edh vydan\u00fdch Slovensk\u00fdm \u00fastavom sv. Cyrila a\u00a0Metoda v\u00a0R\u00edme. \u010c\u00edm s\u00fa knihy star\u0161ie, t\u00fdm s\u00fa vz\u00e1cnej\u0161ie. Mnoh\u00ed velik\u00e1ni slovenskej literat\u00fary z\u00a0R\u00edma u\u017e nie s\u00fa medzi nami, zostali na nich len&#46;&#46;&#46;<\/p>\n","protected":false},"author":3,"featured_media":7908,"comment_status":"open","ping_status":"closed","sticky":false,"template":"","format":"standard","meta":{"ngg_post_thumbnail":0},"categories":[24,1],"tags":[],"_links":{"self":[{"href":"https:\/\/www.skmisia.ch\/index.php?rest_route=\/wp\/v2\/posts\/7907"}],"collection":[{"href":"https:\/\/www.skmisia.ch\/index.php?rest_route=\/wp\/v2\/posts"}],"about":[{"href":"https:\/\/www.skmisia.ch\/index.php?rest_route=\/wp\/v2\/types\/post"}],"author":[{"embeddable":true,"href":"https:\/\/www.skmisia.ch\/index.php?rest_route=\/wp\/v2\/users\/3"}],"replies":[{"embeddable":true,"href":"https:\/\/www.skmisia.ch\/index.php?rest_route=%2Fwp%2Fv2%2Fcomments&post=7907"}],"version-history":[{"count":2,"href":"https:\/\/www.skmisia.ch\/index.php?rest_route=\/wp\/v2\/posts\/7907\/revisions"}],"predecessor-version":[{"id":7910,"href":"https:\/\/www.skmisia.ch\/index.php?rest_route=\/wp\/v2\/posts\/7907\/revisions\/7910"}],"wp:featuredmedia":[{"embeddable":true,"href":"https:\/\/www.skmisia.ch\/index.php?rest_route=\/wp\/v2\/media\/7908"}],"wp:attachment":[{"href":"https:\/\/www.skmisia.ch\/index.php?rest_route=%2Fwp%2Fv2%2Fmedia&parent=7907"}],"wp:term":[{"taxonomy":"category","embeddable":true,"href":"https:\/\/www.skmisia.ch\/index.php?rest_route=%2Fwp%2Fv2%2Fcategories&post=7907"},{"taxonomy":"post_tag","embeddable":true,"href":"https:\/\/www.skmisia.ch\/index.php?rest_route=%2Fwp%2Fv2%2Ftags&post=7907"}],"curies":[{"name":"wp","href":"https:\/\/api.w.org\/{rel}","templated":true}]}}