{"id":7868,"date":"2017-10-12T20:04:22","date_gmt":"2017-10-12T19:04:22","guid":{"rendered":"https:\/\/www.skmisia.ch\/?p=7868"},"modified":"2019-04-08T21:08:47","modified_gmt":"2019-04-08T20:08:47","slug":"odpust-v-bazileji","status":"publish","type":"post","link":"https:\/\/www.skmisia.ch\/?p=7868","title":{"rendered":"&#8222;Odpust-Hodov\u00e1 sl\u00e1vnos\u0165&#8220; v Bazileji"},"content":{"rendered":"<p><span style=\"color: #333333;\">V stredu 1.11.2017, t.j. na sviatok V\u0161etk\u00fdch sv\u00e4t\u00fdch, sa bude o 19.00 v &#8222;na\u0161om&#8220; kostole Allerheiligen kona\u0165 sl\u00e1vnostn\u00e1 (odpustov\u00e1) sv\u00e4t\u00e1 om\u0161a &#8211; Patronatsfest &#8211;\u00a0 za akt\u00edvnej \u00fa\u010dasti v\u0161etk\u00fdch n\u00e1rodn\u00fdch komun\u00edt, ktor\u00e9 v tomto chr\u00e1me maj\u00fa svoje &#8222;domovsk\u00e9 pr\u00e1vo&#8220;: prv\u00e9 \u010d\u00edtanie bude v po\u013e\u0161tine, \u017ealm po anglicky (filip\u00ednska komunita), druh\u00e9 \u010d\u00edtanie po slovensky, alelujov\u00fd ver\u0161 v jazyku malajalam (indick\u00e1 komunita), a evanjelium po nemecky.<\/span><\/p>\n<p><span style=\"color: #333333;\">Po sv. om\u0161i bude vo spolo\u010denskej s\u00e1le farsk\u00e9ho domu ap\u00e9ro.<\/span><\/p>\n<p><a href=\"https:\/\/www.skmisia.ch\/wp-content\/uploads\/2017\/10\/tutti-i-santi.jpg\" target=\"_blank\" rel=\"noopener noreferrer\"><img decoding=\"async\" loading=\"lazy\" class=\"aligncenter wp-image-7873 size-full\" src=\"https:\/\/www.skmisia.ch\/wp-content\/uploads\/2017\/10\/tutti-i-santi.jpg\" alt=\"\" width=\"600\" height=\"306\" srcset=\"https:\/\/www.skmisia.ch\/wp-content\/uploads\/2017\/10\/tutti-i-santi.jpg 600w, https:\/\/www.skmisia.ch\/wp-content\/uploads\/2017\/10\/tutti-i-santi-300x153.jpg 300w\" sizes=\"(max-width: 600px) 100vw, 600px\" \/><\/a><\/p>\n","protected":false},"excerpt":{"rendered":"<p>V stredu 1.11.2017, t.j. na sviatok V\u0161etk\u00fdch sv\u00e4t\u00fdch, sa bude o 19.00 v &#8222;na\u0161om&#8220; kostole Allerheiligen kona\u0165 sl\u00e1vnostn\u00e1 (odpustov\u00e1) sv\u00e4t\u00e1 om\u0161a &#8211; Patronatsfest &#8211;\u00a0 za akt\u00edvnej \u00fa\u010dasti v\u0161etk\u00fdch n\u00e1rodn\u00fdch komun\u00edt, ktor\u00e9 v tomto chr\u00e1me&#46;&#46;&#46;<\/p>\n","protected":false},"author":1,"featured_media":7873,"comment_status":"open","ping_status":"closed","sticky":false,"template":"","format":"standard","meta":{"ngg_post_thumbnail":0},"categories":[8,24],"tags":[],"_links":{"self":[{"href":"https:\/\/www.skmisia.ch\/index.php?rest_route=\/wp\/v2\/posts\/7868"}],"collection":[{"href":"https:\/\/www.skmisia.ch\/index.php?rest_route=\/wp\/v2\/posts"}],"about":[{"href":"https:\/\/www.skmisia.ch\/index.php?rest_route=\/wp\/v2\/types\/post"}],"author":[{"embeddable":true,"href":"https:\/\/www.skmisia.ch\/index.php?rest_route=\/wp\/v2\/users\/1"}],"replies":[{"embeddable":true,"href":"https:\/\/www.skmisia.ch\/index.php?rest_route=%2Fwp%2Fv2%2Fcomments&post=7868"}],"version-history":[{"count":4,"href":"https:\/\/www.skmisia.ch\/index.php?rest_route=\/wp\/v2\/posts\/7868\/revisions"}],"predecessor-version":[{"id":7879,"href":"https:\/\/www.skmisia.ch\/index.php?rest_route=\/wp\/v2\/posts\/7868\/revisions\/7879"}],"wp:featuredmedia":[{"embeddable":true,"href":"https:\/\/www.skmisia.ch\/index.php?rest_route=\/wp\/v2\/media\/7873"}],"wp:attachment":[{"href":"https:\/\/www.skmisia.ch\/index.php?rest_route=%2Fwp%2Fv2%2Fmedia&parent=7868"}],"wp:term":[{"taxonomy":"category","embeddable":true,"href":"https:\/\/www.skmisia.ch\/index.php?rest_route=%2Fwp%2Fv2%2Fcategories&post=7868"},{"taxonomy":"post_tag","embeddable":true,"href":"https:\/\/www.skmisia.ch\/index.php?rest_route=%2Fwp%2Fv2%2Ftags&post=7868"}],"curies":[{"name":"wp","href":"https:\/\/api.w.org\/{rel}","templated":true}]}}