{"id":7836,"date":"2017-10-06T12:35:34","date_gmt":"2017-10-06T11:35:34","guid":{"rendered":"https:\/\/www.skmisia.ch\/?p=7836"},"modified":"2019-04-08T21:08:47","modified_gmt":"2019-04-08T20:08:47","slug":"sv-omsa-na-vrchole-petit-mond-rond","status":"publish","type":"post","link":"https:\/\/www.skmisia.ch\/?p=7836","title":{"rendered":"Sv. om\u0161a na vrchole Petit Mont Rond"},"content":{"rendered":"<p>V nede\u013eu\u00a01. okt\u00f3bra sme sa\u00a0rozhodli spoji\u0165\u00a0turistiku so sv. om\u0161ou.\u00a0I\u0161li\u00a0sme z parkoviska\u00a0Col de la Faucille a\u017e na vrchol Petit Mont Rond. Pre niektor\u00fdch to bola iba\u00a0\u013eahk\u00e1 nede\u013en\u00e1 prech\u00e1dzka, no niektor\u00e9 men\u0161ie deti\u00a0sa aj trochu zapotili. Po v\u00fdstupe na vrchol bola pred nami kr\u00e1sna scen\u00e9ria pohoria Alpy\u00a0osieten\u00e1\u00a0slnkom\u00a0a cel\u00e1 \u017deneva zakryt\u00e1 oblakmi. V\u0161etci mali rados\u0165 zo stretnutia na vrchole a\u00a0niektor\u00ed\u00a0doniesli\u00a0aj kol\u00e1\u010de a\u00a0in\u00e9 pochutiny.\u00a0Dobrovo\u013en\u00edci pomohli n\u00e1\u0161mu kostoln\u00edkovi Janovi pripravi\u0165\u00a0v\u0161etko potrebn\u00e9\u00a0na sl\u00e1venie sv. om\u0161e a\u00a0potom sa za\u010dala\u00a0sv. om\u0161a. Miestami cez n\u00e1s vietor pref\u00fakol \u00a0nejak\u00fd ten\u00a0obl\u00e1\u010dik, ale slne\u010dno vydr\u017ealo a\u017e do konca sv. om\u0161e. Po sv. om\u0161i n\u00e1s prekvapil Pa\u013eo O.\u00a0a zahral na fujare, aby sme\u00a0si o\u017eivili slovensk\u00e9 \u013eudov\u00e9 trad\u00edcie. Ke\u010f\u017ee za\u010dal f\u00faka\u0165 studen\u00fd vietor, tak sme dlho na vrchole nevydr\u017eali a za\u010dali sme sch\u00e1dza\u0165 sp\u00e4\u0165 na parkovisko.\u00a0V\u00e4\u010d\u0161ina z n\u00e1s sa e\u0161te\u00a0zastavila v re\u0161taur\u00e1cii pri parkovisku na\u00a0mal\u00e9 ob\u010destvenie. Bol to \u00fa\u017easn\u00fd z\u00e1\u017eitok, ako sa\u00a0Boh postaral o dobr\u00e9 po\u010dasie po\u010das celej sv. om\u0161i a mohli sme za\u017ei\u0165 jeho v\u0161emoh\u00facnos\u0165. V\u010faka v\u0161etk\u00fdm ktor\u00ed sa neboja kopcov a\u00a0prekon\u00e1vaj\u00fa aj \u0165a\u017ekosti, n\u00e1mahu\u00a0pri prichode na sv. om\u0161u.<\/p>\n","protected":false},"excerpt":{"rendered":"<p>V nede\u013eu\u00a01. okt\u00f3bra sme sa\u00a0rozhodli spoji\u0165\u00a0turistiku so sv. om\u0161ou.\u00a0I\u0161li\u00a0sme z parkoviska\u00a0Col de la Faucille a\u017e na vrchol Petit Mont Rond. Pre niektor\u00fdch to bola iba\u00a0\u013eahk\u00e1 nede\u013en\u00e1 prech\u00e1dzka, no niektor\u00e9 men\u0161ie deti\u00a0sa aj trochu zapotili.&#46;&#46;&#46;<\/p>\n","protected":false},"author":1,"featured_media":7844,"comment_status":"open","ping_status":"closed","sticky":false,"template":"","format":"gallery","meta":{"ngg_post_thumbnail":0},"categories":[24,1,7],"tags":[],"_links":{"self":[{"href":"https:\/\/www.skmisia.ch\/index.php?rest_route=\/wp\/v2\/posts\/7836"}],"collection":[{"href":"https:\/\/www.skmisia.ch\/index.php?rest_route=\/wp\/v2\/posts"}],"about":[{"href":"https:\/\/www.skmisia.ch\/index.php?rest_route=\/wp\/v2\/types\/post"}],"author":[{"embeddable":true,"href":"https:\/\/www.skmisia.ch\/index.php?rest_route=\/wp\/v2\/users\/1"}],"replies":[{"embeddable":true,"href":"https:\/\/www.skmisia.ch\/index.php?rest_route=%2Fwp%2Fv2%2Fcomments&post=7836"}],"version-history":[{"count":5,"href":"https:\/\/www.skmisia.ch\/index.php?rest_route=\/wp\/v2\/posts\/7836\/revisions"}],"predecessor-version":[{"id":7854,"href":"https:\/\/www.skmisia.ch\/index.php?rest_route=\/wp\/v2\/posts\/7836\/revisions\/7854"}],"wp:featuredmedia":[{"embeddable":true,"href":"https:\/\/www.skmisia.ch\/index.php?rest_route=\/wp\/v2\/media\/7844"}],"wp:attachment":[{"href":"https:\/\/www.skmisia.ch\/index.php?rest_route=%2Fwp%2Fv2%2Fmedia&parent=7836"}],"wp:term":[{"taxonomy":"category","embeddable":true,"href":"https:\/\/www.skmisia.ch\/index.php?rest_route=%2Fwp%2Fv2%2Fcategories&post=7836"},{"taxonomy":"post_tag","embeddable":true,"href":"https:\/\/www.skmisia.ch\/index.php?rest_route=%2Fwp%2Fv2%2Ftags&post=7836"}],"curies":[{"name":"wp","href":"https:\/\/api.w.org\/{rel}","templated":true}]}}