{"id":7793,"date":"2017-09-29T15:24:44","date_gmt":"2017-09-29T14:24:44","guid":{"rendered":"https:\/\/www.skmisia.ch\/?p=7793"},"modified":"2019-04-08T21:08:47","modified_gmt":"2019-04-08T20:08:47","slug":"po-stopach-brudera-klausa","status":"publish","type":"post","link":"https:\/\/www.skmisia.ch\/?p=7793","title":{"rendered":"Po stop\u00e1ch Brudera Klausa"},"content":{"rendered":"<h4 style=\"text-align: center;\"><em><a href=\"https:\/\/www.skmisia.ch\/wp-content\/uploads\/2017\/09\/SKM.png\"><img decoding=\"async\" loading=\"lazy\" class=\" wp-image-7794 alignleft\" src=\"https:\/\/www.skmisia.ch\/wp-content\/uploads\/2017\/09\/SKM.png\" alt=\"\" width=\"252\" height=\"242\" srcset=\"https:\/\/www.skmisia.ch\/wp-content\/uploads\/2017\/09\/SKM.png 528w, https:\/\/www.skmisia.ch\/wp-content\/uploads\/2017\/09\/SKM-300x288.png 300w\" sizes=\"(max-width: 252px) 100vw, 252px\" \/><\/a><\/em><\/h4>\n<h4 style=\"text-align: center;\">*<\/h4>\n<h4 style=\"text-align: center;\">*<\/h4>\n<h4 style=\"text-align: left;\"><em>Slovensk\u00e1 katol\u00edcka misia v\u00a0Z\u00fcrichu\u00a0<\/em><em>POZ\u00ddVA: &#8230;<\/em><\/h4>\n<h4 style=\"text-align: left;\"><strong>\u00a0\u00a0\u00a0\u00a0\u00a0\u00a0\u00a0 Po stop\u00e1ch Brudera Klausa<\/strong><\/h4>\n<p style=\"text-align: center;\"><a href=\"https:\/\/www.skmisia.ch\/wp-content\/uploads\/2017\/09\/bruder-Klaus-1.jpg\"><img decoding=\"async\" loading=\"lazy\" class=\"aligncenter wp-image-7795\" src=\"https:\/\/www.skmisia.ch\/wp-content\/uploads\/2017\/09\/bruder-Klaus-1.jpg\" alt=\"\" width=\"600\" height=\"388\" srcset=\"https:\/\/www.skmisia.ch\/wp-content\/uploads\/2017\/09\/bruder-Klaus-1.jpg 825w, https:\/\/www.skmisia.ch\/wp-content\/uploads\/2017\/09\/bruder-Klaus-1-300x194.jpg 300w, https:\/\/www.skmisia.ch\/wp-content\/uploads\/2017\/09\/bruder-Klaus-1-768x496.jpg 768w\" sizes=\"(max-width: 600px) 100vw, 600px\" \/><\/a><\/p>\n<h5 style=\"text-align: center;\">*<\/h5>\n<h5 style=\"text-align: center;\"><span style=\"color: #333333;\"><strong>Mil\u00ed mlad\u00ed, mil\u00e9 rodinky, mil\u00ed veriaci<\/strong><\/span><\/h5>\n<h5 style=\"text-align: center;\"><span style=\"color: #333333;\">poz\u00fdvame v\u00e1s na spolo\u010dne pre\u017eit\u00fd de\u0148, v\u00a0ktorom budeme ma\u0165 mo\u017enos\u0165 dozvedie\u0165 sa viac o\u00a0\u017eivote sv. Mikul\u00e1\u0161a z Fl\u00fceli, duchovne na\u010derpa\u0165 na\u00a0sv. om\u0161i,<\/span><\/h5>\n<h5 style=\"text-align: center;\"><span style=\"color: #333333;\">a pokocha\u0165 sa n\u00e1dhernou pr\u00edrodou.<\/span><\/h5>\n<p style=\"text-align: center;\">*<\/p>\n<h6 style=\"text-align: center;\"><a href=\"https:\/\/www.skmisia.ch\/wp-content\/uploads\/2017\/09\/Bruder-Klaus-2.jpg\"><img decoding=\"async\" loading=\"lazy\" class=\"size-full wp-image-7796 alignleft\" src=\"https:\/\/www.skmisia.ch\/wp-content\/uploads\/2017\/09\/Bruder-Klaus-2.jpg\" alt=\"\" width=\"220\" height=\"343\" srcset=\"https:\/\/www.skmisia.ch\/wp-content\/uploads\/2017\/09\/Bruder-Klaus-2.jpg 220w, https:\/\/www.skmisia.ch\/wp-content\/uploads\/2017\/09\/Bruder-Klaus-2-192x300.jpg 192w\" sizes=\"(max-width: 220px) 100vw, 220px\" \/><\/a><span style=\"color: #333333;\"><strong>Fl\u00fceli-Ranf<\/strong><\/span><\/h6>\n<p style=\"text-align: left;\"><span style=\"color: #333333;\">D\u00e1tum:<strong> 30.9.2017 sobota<\/strong><\/span><\/p>\n<p style=\"text-align: left;\"><span style=\"color: #333333;\"><strong>Program:<\/strong><\/span><\/p>\n<p style=\"text-align: left;\"><span style=\"color: #333333;\"><strong>9:45 <\/strong>Stretnutie vo Fl\u00fceli-Ranf na\u00a0parkovisku vpravo v\u00a0smere pr\u00edjazdu<\/span><\/p>\n<p style=\"text-align: left;\"><span style=\"color: #333333;\"><strong>10:00 <\/strong>Obhliadka miest, kde \u017eil Bruder Kl<strong>aus<\/strong><\/span><\/p>\n<p style=\"text-align: left;\"><span style=\"color: #333333;\"><strong>12:00 <\/strong>Sv. om\u0161a<\/span><\/p>\n<p style=\"text-align: left;\"><span style=\"color: #333333;\"><strong>13:00 <\/strong>Obed individu\u00e1lne (re\u0161tauracia alebo vlastn\u00e9 z\u00e1soby)<\/span><\/p>\n<p style=\"text-align: left;\"><span style=\"color: #333333;\"><strong>14:00 <\/strong>v\u00a0lone pr\u00edrody 1,5 a\u017e 2 hodinov\u00e1 prech\u00e1dzka v\u00a0okolitej pr\u00edrode (cesta je vhodn\u00e1 aj pre ko\u010d\u00edky)<\/span><\/p>\n<p style=\"text-align: center;\"><span style=\"color: #333333;\">\u00a0<\/span><\/p>\n","protected":false},"excerpt":{"rendered":"<p>* * Slovensk\u00e1 katol\u00edcka misia v\u00a0Z\u00fcrichu\u00a0POZ\u00ddVA: &#8230; \u00a0\u00a0\u00a0\u00a0\u00a0\u00a0\u00a0 Po stop\u00e1ch Brudera Klausa * Mil\u00ed mlad\u00ed, mil\u00e9 rodinky, mil\u00ed veriaci poz\u00fdvame v\u00e1s na spolo\u010dne pre\u017eit\u00fd de\u0148, v\u00a0ktorom budeme ma\u0165 mo\u017enos\u0165 dozvedie\u0165 sa viac o\u00a0\u017eivote sv.&#46;&#46;&#46;<\/p>\n","protected":false},"author":3,"featured_media":7795,"comment_status":"open","ping_status":"closed","sticky":false,"template":"","format":"standard","meta":{"ngg_post_thumbnail":0},"categories":[24,1],"tags":[],"_links":{"self":[{"href":"https:\/\/www.skmisia.ch\/index.php?rest_route=\/wp\/v2\/posts\/7793"}],"collection":[{"href":"https:\/\/www.skmisia.ch\/index.php?rest_route=\/wp\/v2\/posts"}],"about":[{"href":"https:\/\/www.skmisia.ch\/index.php?rest_route=\/wp\/v2\/types\/post"}],"author":[{"embeddable":true,"href":"https:\/\/www.skmisia.ch\/index.php?rest_route=\/wp\/v2\/users\/3"}],"replies":[{"embeddable":true,"href":"https:\/\/www.skmisia.ch\/index.php?rest_route=%2Fwp%2Fv2%2Fcomments&post=7793"}],"version-history":[{"count":4,"href":"https:\/\/www.skmisia.ch\/index.php?rest_route=\/wp\/v2\/posts\/7793\/revisions"}],"predecessor-version":[{"id":7800,"href":"https:\/\/www.skmisia.ch\/index.php?rest_route=\/wp\/v2\/posts\/7793\/revisions\/7800"}],"wp:featuredmedia":[{"embeddable":true,"href":"https:\/\/www.skmisia.ch\/index.php?rest_route=\/wp\/v2\/media\/7795"}],"wp:attachment":[{"href":"https:\/\/www.skmisia.ch\/index.php?rest_route=%2Fwp%2Fv2%2Fmedia&parent=7793"}],"wp:term":[{"taxonomy":"category","embeddable":true,"href":"https:\/\/www.skmisia.ch\/index.php?rest_route=%2Fwp%2Fv2%2Fcategories&post=7793"},{"taxonomy":"post_tag","embeddable":true,"href":"https:\/\/www.skmisia.ch\/index.php?rest_route=%2Fwp%2Fv2%2Ftags&post=7793"}],"curies":[{"name":"wp","href":"https:\/\/api.w.org\/{rel}","templated":true}]}}