{"id":7657,"date":"2018-09-16T10:02:32","date_gmt":"2018-09-16T09:02:32","guid":{"rendered":"https:\/\/www.skmisia.ch\/?p=7657"},"modified":"2019-04-08T21:08:45","modified_gmt":"2019-04-08T20:08:45","slug":"40-dnova-retaz-postu-a-modlitieb-za-knazov","status":"publish","type":"post","link":"https:\/\/www.skmisia.ch\/?p=7657","title":{"rendered":"40-D\u0147OV\u00c1 RE\u0164AZ P\u00d4STU A MODLITIEB ZA K\u0147AZOV"},"content":{"rendered":"<p style=\"text-align: center;\"><span style=\"color: #333333;\"><strong>15. SEPTEMBRA A\u017d 24. OKT\u00d3BRA 2018<\/strong><\/span><\/p>\n<p style=\"text-align: center;\"><a href=\"https:\/\/www.skmisia.ch\/wp-content\/uploads\/2017\/09\/Titus-Zeman.jpg\"><img decoding=\"async\" loading=\"lazy\" class=\"aligncenter size-full wp-image-7660\" src=\"https:\/\/www.skmisia.ch\/wp-content\/uploads\/2017\/09\/Titus-Zeman.jpg\" alt=\"\" width=\"800\" height=\"450\" srcset=\"https:\/\/www.skmisia.ch\/wp-content\/uploads\/2017\/09\/Titus-Zeman.jpg 800w, https:\/\/www.skmisia.ch\/wp-content\/uploads\/2017\/09\/Titus-Zeman-300x169.jpg 300w, https:\/\/www.skmisia.ch\/wp-content\/uploads\/2017\/09\/Titus-Zeman-768x432.jpg 768w\" sizes=\"(max-width: 800px) 100vw, 800px\" \/><\/a><\/p>\n<p style=\"text-align: center;\"><em><strong>\u201eAj keby som stratil m\u00f4j \u017eivot, nebolo by to m\u00e1rne, ak by sa aspo\u0148 jeden z t\u00fdch, ktor\u00fdm som pomohol, stal k\u0148azom namiesto m\u0148a.\u201c (k\u0148az-mu\u010den\u00edk Titus Zeman, blahore\u010den\u00fd 30.9. 2017)<\/strong><\/em><\/p>\n<p><span style=\"color: #333333;\"><strong>PRIDAJ SA K N\u00c1M!<\/strong><\/span><\/p>\n<p><span style=\"color: #333333;\">Aj v tomto roku poz\u00fdvame k p\u00f4stu a modlitb\u00e1m za k\u0148azov. 40-d\u0148ov\u00e1 re\u0165az p\u00f4stu a modlitieb bude trva\u0165 od sviatku Sedembolestnej Panny M\u00e1rie, teda od 15.9. do 24.10.2018. Ak sa zapoj\u00ed\u0161, m\u00f4\u017ee\u0161 si vybra\u0165 \u013eubovo\u013en\u00fd de\u0148 (pr\u00edpadne aj viac) v tomto obdob\u00ed a obetova\u0165 ho za na\u0161ich duchovn\u00fdch otcov.<\/span><\/p>\n<p>Online registracia SKM:<\/p>\n<p><a href=\"https:\/\/docs.google.com\/document\/d\/1DSlG7u2nuJMCRrvaBjZ6UwBytLZP6qoVXetsnXpW0Zk\/edit\" target=\"_blank\" rel=\"noopener noreferrer\">https:\/\/docs.google.com\/spreadsheets\/d\/1trRRKuWt-Gc4TuO5aJDEvv-Vh_ebJEnVT9ZRkh5OYB8\/edit#gid=0<\/a><\/p>\n<p><span style=\"color: #333333;\"><strong>ZA \u010cO SA POSTI\u0164 A MODLI\u0164?<\/strong><\/span><\/p>\n<p><span style=\"color: #333333;\">P\u00f4stne \u00famysly m\u00f4\u017eu by\u0165 r\u00f4zne. Na\u0161e obety a modlitby potrebuj\u00fa aj k\u0148azi star\u00ed a chor\u00ed. K\u0148azi so zranen\u00fdm srdcom, sp\u00fatan\u00ed r\u00f4znymi z\u00e1vislos\u0165ami, alebo tak\u00ed, ktor\u00ed sa c\u00edtia vyhoren\u00ed. P\u00f4st m\u00f4\u017ee\u0161 obetova\u0165 za pastiera vo svojej farnosti, za k\u0148aza, ktor\u00fd \u0165a krstil, \u010di vysl\u00fa\u017eil a aj dnes vysluhuje sviatosti. Ale aj za t\u00fdch k\u0148azov, ktor\u00ed ti najviac pomohli na ceste k Bohu. M\u00f4\u017ee\u0161 ho tie\u017e obetova\u0165 za nov\u00e9 povolania do k\u0148azstva, \u010di za odvahu pre chlapcov urobi\u0165 konkr\u00e9tne rozhodnutie ako reakciu na Bo\u017eie povolanie.<\/span><\/p>\n<p><span style=\"color: #333333;\"><strong>AKO SA POSTI\u0164?<\/strong><\/span><\/p>\n<p><span style=\"color: #333333;\">Odpor\u00fa\u010dame p\u00f4st, ako ho v Katol\u00edckej cirkvi pre\u017e\u00edvame na Popolcov\u00fa stredu a Ve\u013ek\u00fd piatok. To znamen\u00e1, \u017ee iba raz za de\u0148 sa dos\u00fdta najes\u0165 a zdr\u017ea\u0165 sa m\u00e4sit\u00e9ho jedla. Ak m\u00e1\u0161 zdravotn\u00e9 obmedzenia a nem\u00f4\u017ee\u0161 sa t\u00fdmto sp\u00f4sobom posti\u0165, m\u00f4\u017ee\u0161 si vybra\u0165 in\u00fa, tebe primeran\u00fa, formu p\u00f4stu..<\/span><\/p>\n<p><span style=\"color: #333333;\"><strong>PROSBA K\u0147AZOM<\/strong><\/span><\/p>\n<p><span style=\"color: #333333;\">Spolo\u010denstvo Modlitby za k\u0148azov pros\u00ed aj samotn\u00fdch k\u0148azov, aby sa k p\u00f4stu pripojili a odsl\u00fa\u017eili na tento \u00famysel sv\u00e4t\u00e9 om\u0161e.<\/span><\/p>\n<p><span style=\"color: #333333;\"><strong>PO\u017dEHNANIE<\/strong><\/span><\/p>\n<p><span style=\"color: #333333;\">Svoje po\u017eehnanie a podporu akcii vyslovili obaja metropoliti R\u00edmskokatol\u00edckej cirkvi na Slovensku &#8211; o. arcibiskup Mons. Stanislav Zvolensk\u00fd, o. arcibiskup Mons. Bernard Bober a tie\u017e aj hlava Gr\u00e9ckokatol\u00edckej cirkvi na Slovensku, metropolita o. arcibiskup J\u00e1n Babjak.<\/span><\/p>\n<p><a href=\"https:\/\/www.skmisia.ch\/wp-content\/uploads\/2017\/09\/post-za-knazov-1.jpg\" target=\"_blank\" rel=\"noopener noreferrer\"><img decoding=\"async\" loading=\"lazy\" class=\"aligncenter wp-image-8696 size-full\" src=\"https:\/\/www.skmisia.ch\/wp-content\/uploads\/2017\/09\/post-za-knazov-1.jpg\" alt=\"\" width=\"1220\" height=\"836\" srcset=\"https:\/\/www.skmisia.ch\/wp-content\/uploads\/2017\/09\/post-za-knazov-1.jpg 1220w, https:\/\/www.skmisia.ch\/wp-content\/uploads\/2017\/09\/post-za-knazov-1-300x206.jpg 300w, https:\/\/www.skmisia.ch\/wp-content\/uploads\/2017\/09\/post-za-knazov-1-768x526.jpg 768w, https:\/\/www.skmisia.ch\/wp-content\/uploads\/2017\/09\/post-za-knazov-1-1024x702.jpg 1024w\" sizes=\"(max-width: 1220px) 100vw, 1220px\" \/><\/a><\/p>\n","protected":false},"excerpt":{"rendered":"<p>15. SEPTEMBRA A\u017d 24. OKT\u00d3BRA 2018 \u201eAj keby som stratil m\u00f4j \u017eivot, nebolo by to m\u00e1rne, ak by sa aspo\u0148 jeden z t\u00fdch, ktor\u00fdm som pomohol, stal k\u0148azom namiesto m\u0148a.\u201c (k\u0148az-mu\u010den\u00edk Titus Zeman, blahore\u010den\u00fd&#46;&#46;&#46;<\/p>\n","protected":false},"author":3,"featured_media":8696,"comment_status":"open","ping_status":"closed","sticky":false,"template":"","format":"standard","meta":{"ngg_post_thumbnail":0},"categories":[24,1],"tags":[],"_links":{"self":[{"href":"https:\/\/www.skmisia.ch\/index.php?rest_route=\/wp\/v2\/posts\/7657"}],"collection":[{"href":"https:\/\/www.skmisia.ch\/index.php?rest_route=\/wp\/v2\/posts"}],"about":[{"href":"https:\/\/www.skmisia.ch\/index.php?rest_route=\/wp\/v2\/types\/post"}],"author":[{"embeddable":true,"href":"https:\/\/www.skmisia.ch\/index.php?rest_route=\/wp\/v2\/users\/3"}],"replies":[{"embeddable":true,"href":"https:\/\/www.skmisia.ch\/index.php?rest_route=%2Fwp%2Fv2%2Fcomments&post=7657"}],"version-history":[{"count":4,"href":"https:\/\/www.skmisia.ch\/index.php?rest_route=\/wp\/v2\/posts\/7657\/revisions"}],"predecessor-version":[{"id":8697,"href":"https:\/\/www.skmisia.ch\/index.php?rest_route=\/wp\/v2\/posts\/7657\/revisions\/8697"}],"wp:featuredmedia":[{"embeddable":true,"href":"https:\/\/www.skmisia.ch\/index.php?rest_route=\/wp\/v2\/media\/8696"}],"wp:attachment":[{"href":"https:\/\/www.skmisia.ch\/index.php?rest_route=%2Fwp%2Fv2%2Fmedia&parent=7657"}],"wp:term":[{"taxonomy":"category","embeddable":true,"href":"https:\/\/www.skmisia.ch\/index.php?rest_route=%2Fwp%2Fv2%2Fcategories&post=7657"},{"taxonomy":"post_tag","embeddable":true,"href":"https:\/\/www.skmisia.ch\/index.php?rest_route=%2Fwp%2Fv2%2Ftags&post=7657"}],"curies":[{"name":"wp","href":"https:\/\/api.w.org\/{rel}","templated":true}]}}