{"id":7629,"date":"2017-08-22T16:36:00","date_gmt":"2017-08-22T15:36:00","guid":{"rendered":"https:\/\/www.skmisia.ch\/?p=7629"},"modified":"2019-04-08T21:08:47","modified_gmt":"2019-04-08T20:08:47","slug":"otvorenie-noveho-skolskeho-roka-a-slovenskych-omsi-v-basel-27-8-o-1730","status":"publish","type":"post","link":"https:\/\/www.skmisia.ch\/?p=7629","title":{"rendered":"Otvorenie nov\u00e9ho \u0161kolsk\u00e9ho roka a slovensk\u00fdch om\u0161\u00ed v Bazilej &#8211; 27.8. o 17:30"},"content":{"rendered":"<p>Mil\u00ed priatelia, veriaci, deti i ich rodi\u010dia, star\u00ed rodi\u010dia i v\u0161etci Slov\u00e1ci!<\/p>\n<p>Radi V\u00e1s uv\u00edtame na spolo\u010dnom prvom popr\u00e1zdninovom stretnut\u00ed na nede\u013enej sv. om\u0161i 27. augusta o 17:30 v kostole\u00a0<strong><a title=\"Slovensk\u00e9 om\u0161e - Basel\" href=\"https:\/\/www.google.ch\/maps\/place\/Allerheiligen\/@47.548223,7.568532,17z\/data=!3m1!4b1!4m2!3m1!1s0x4791b8fb8528649f:0xd13b51d724ac329d?hl=sk\" target=\"_blank\" rel=\"noopener noreferrer\">Allerheiligen,\u00a0Neubadstrasse 95 \u2013\u00a04054 Basel<\/a>.<\/strong><\/p>\n<p>Po sv\u00e4tej om\u0161i sa podel\u00edme o z\u00e1\u017eitky z pr\u00e1zdnin, ale i spolo\u010dn\u00e9 dobroty,\u00a0tekutiny, \u010di pochutiny v\u0161etk\u00e9ho druhu z toho, \u010do ka\u017ed\u00fd prinesie. Pros\u00edme, aby ste nezabudli pr\u00eds\u0165, prispeli dobrou n\u00e1ladou a zavolali v\u0161etk\u00fdch zn\u00e1mych i perspekt\u00edvnych \u010dlenov n\u00e1\u0161ho spolo\u010denstva.<\/p>\n<p>Va\u0161a bunka SKM-Basel.<\/p>\n<p><a href=\"https:\/\/www.skmisia.ch\/wp-content\/uploads\/2017\/08\/festa.jpg\"><img decoding=\"async\" loading=\"lazy\" class=\"aligncenter size-full wp-image-7630\" src=\"https:\/\/www.skmisia.ch\/wp-content\/uploads\/2017\/08\/festa.jpg\" alt=\"\" width=\"620\" height=\"584\" srcset=\"https:\/\/www.skmisia.ch\/wp-content\/uploads\/2017\/08\/festa.jpg 620w, https:\/\/www.skmisia.ch\/wp-content\/uploads\/2017\/08\/festa-300x283.jpg 300w\" sizes=\"(max-width: 620px) 100vw, 620px\" \/><\/a><\/p>\n","protected":false},"excerpt":{"rendered":"<p>Mil\u00ed priatelia, veriaci, deti i ich rodi\u010dia, star\u00ed rodi\u010dia i v\u0161etci Slov\u00e1ci! Radi V\u00e1s uv\u00edtame na spolo\u010dnom prvom popr\u00e1zdninovom stretnut\u00ed na nede\u013enej sv. om\u0161i 27. augusta o 17:30 v kostole\u00a0Allerheiligen,\u00a0Neubadstrasse 95 \u2013\u00a04054 Basel. Po&#46;&#46;&#46;<\/p>\n","protected":false},"author":3,"featured_media":7630,"comment_status":"open","ping_status":"closed","sticky":false,"template":"","format":"standard","meta":{"ngg_post_thumbnail":0},"categories":[24,1],"tags":[],"_links":{"self":[{"href":"https:\/\/www.skmisia.ch\/index.php?rest_route=\/wp\/v2\/posts\/7629"}],"collection":[{"href":"https:\/\/www.skmisia.ch\/index.php?rest_route=\/wp\/v2\/posts"}],"about":[{"href":"https:\/\/www.skmisia.ch\/index.php?rest_route=\/wp\/v2\/types\/post"}],"author":[{"embeddable":true,"href":"https:\/\/www.skmisia.ch\/index.php?rest_route=\/wp\/v2\/users\/3"}],"replies":[{"embeddable":true,"href":"https:\/\/www.skmisia.ch\/index.php?rest_route=%2Fwp%2Fv2%2Fcomments&post=7629"}],"version-history":[{"count":2,"href":"https:\/\/www.skmisia.ch\/index.php?rest_route=\/wp\/v2\/posts\/7629\/revisions"}],"predecessor-version":[{"id":7632,"href":"https:\/\/www.skmisia.ch\/index.php?rest_route=\/wp\/v2\/posts\/7629\/revisions\/7632"}],"wp:featuredmedia":[{"embeddable":true,"href":"https:\/\/www.skmisia.ch\/index.php?rest_route=\/wp\/v2\/media\/7630"}],"wp:attachment":[{"href":"https:\/\/www.skmisia.ch\/index.php?rest_route=%2Fwp%2Fv2%2Fmedia&parent=7629"}],"wp:term":[{"taxonomy":"category","embeddable":true,"href":"https:\/\/www.skmisia.ch\/index.php?rest_route=%2Fwp%2Fv2%2Fcategories&post=7629"},{"taxonomy":"post_tag","embeddable":true,"href":"https:\/\/www.skmisia.ch\/index.php?rest_route=%2Fwp%2Fv2%2Ftags&post=7629"}],"curies":[{"name":"wp","href":"https:\/\/api.w.org\/{rel}","templated":true}]}}