{"id":7519,"date":"2018-02-15T20:31:35","date_gmt":"2018-02-15T19:31:35","guid":{"rendered":"https:\/\/www.skmisia.ch\/?p=7519"},"modified":"2019-04-08T21:08:46","modified_gmt":"2019-04-08T20:08:46","slug":"oznamy-na-12-nedelu-v-obdobi-cez-rok-25-6","status":"publish","type":"post","link":"https:\/\/www.skmisia.ch\/?p=7519","title":{"rendered":"Oznamy na 1. p\u00f4stnu nede\u013eu (18.2. 2018)"},"content":{"rendered":"<p style=\"text-align: center;\"><span style=\"color: #333333;\"><strong>SLOVENSK<\/strong><strong>\u00c1 KATOL\u00cdCKA MISIA, BRAUERSTRA<\/strong><strong>SSE<\/strong><strong>\u00a0<\/strong><strong>99,<\/strong><\/span><\/p>\n<p style=\"text-align: center;\"><span style=\"color: #333333;\"><strong>8004 Z\u00dcRICH;<\/strong> <strong>T\/F: 0041 44 241 50 22<\/strong><\/span><\/p>\n<p>&nbsp;<\/p>\n<p><span style=\"color: #333333;\">Oznamy na 1. P\u00f4stnu Nede\u013eu.<\/span><\/p>\n<p><span style=\"color: #333333;\">Liturgick\u00fd kalend\u00e1r:<\/span><\/p>\n<p>&nbsp;<\/p>\n<p><span style=\"color: #333333;\">Liturgia p\u00f4stneho obdobia m\u00e1 pr\u00edpravn\u00fd a\u00a0kaj\u00faci r\u00e1z. Preto toto obdobie naz\u00fdvame siln\u00e9 a p\u00f4stne\u00a0liturgick\u00e9 texty\u00a0maj\u00fa zna\u010dn\u00fa prednos\u0165. V\u0161etky spomienky v\u00a0P\u00f4stnom obdob\u00ed sa st\u00e1vaj\u00fa \u013eubovo\u013en\u00fdmi.<\/span><\/p>\n<p><span style=\"color: #333333;\">Na bud\u00faci t\u00fd\u017ede\u0148-v stredu, v piatok a sobotu s\u00fa jarn\u00e9 K\u00e1ntrove dni. Z\u00e1v\u00e4zn\u00fd je len jeden. Ich obsahom je <em>pr\u00edprava na pok\u00e1nie, na sviatos\u0165 zmierenia a \u010dinorod\u00e1 l\u00e1ska k bl\u00ed\u017enemu<\/em>.<\/span><\/p>\n<p><span style=\"color: #333333;\">Vo \u0161tvrtok je sviatok Katedry sv. Petra.<\/span><\/p>\n<p><span style=\"color: #333333;\">Bud\u00faca nede\u013ea je 2. P\u00f4stna nede\u013ea.<\/span><\/p>\n<p>&nbsp;<\/p>\n<p><span style=\"color: #333333;\">Program sv. om\u0161\u00ed po\u010das t\u00fd\u017ed\u0148a:<\/span><\/p>\n<p>&nbsp;<\/p>\n<p><span style=\"color: #333333;\"><strong>Streda sv. om\u0161a o 20:00<\/strong> na Talianskej misii- stretnutie spevokolu je \u00bd hodinku pred sv.om\u0161ou. Radi priv\u00edtame i nov\u00e9 tv\u00e1re a hlasy.<\/span><\/p>\n<p>&nbsp;<\/p>\n<ol>\n<li><span style=\"color: #333333;\">Vo \u0161tvrtok nie je \u0161portov\u00fd kr\u00fa\u017eok.<\/span><\/li>\n<\/ol>\n<p>&nbsp;<\/p>\n<ol start=\"2\">\n<li><span style=\"color: #333333;\">V piatok z d\u00f4vodu anim\u00e1torskej ly\u017eova\u010dky nie je stretko.<\/span><\/li>\n<\/ol>\n<p>&nbsp;<\/p>\n<ol start=\"3\">\n<li><span style=\"color: #333333;\">Dnes po sv\u00e4tej om\u0161i:<\/span><\/li>\n<\/ol>\n<p><span style=\"color: #333333;\">&#8211; sa poz\u00fdvame na posedenie pri k\u00e1ve do ve\u013ekej s\u00e1ly do pastora\u010dn\u00fdch priestorov oproti kostolu. Pros\u00edm, kto sa e\u0161te nezap\u00edsal do zoznamu, nech tak u\u010din\u00ed v r\u00e1mci p\u00f4stneho sebaz\u00e1poru J<\/span><\/p>\n<p><span style=\"color: #333333;\">&#8211; deti, ktor\u00e9 si e\u0161te nevyzdvihli p\u00f4stnu bro\u017e\u00farku- aktivitu, m\u00f4\u017eu tak u\u010dini\u0165 e\u0161te dnes.<\/span><\/p>\n<p>&nbsp;<\/p>\n<ol start=\"4\">\n<li><span style=\"color: #333333;\"><u>O mesiac<\/u> sa na na\u0161ej SKM bude ude\u013eova\u0165 Bo\u017eia Amnestia v podobe p\u00f4stnej duchovnej obnovy a ve\u013ekono\u010dn\u00fdch spoved\u00ed. Obnovu pr\u00edde k\u00e1za\u0165 don Peter Bu\u010d\u00e1ny, provinci\u00e1lny vikar SDB. Program n\u00e1jdete na webe. Pros\u00edm zarezervujme si u\u017e teraz tento term\u00edn.<\/span><\/li>\n<\/ol>\n<p>&nbsp;<\/p>\n<ol start=\"5\">\n<li><span style=\"color: #333333;\">Pri modlitebn\u00fdch kni\u017ek\u00e1ch n\u00e1jdete let\u00e1\u010dik na chladni\u010dku. S\u00fa na \u0148om d\u00e1tumy d\u00f4le\u017eitych spolo\u010dn\u00fdch podujat\u00ed. (Ve\u013ek\u00e1 Noc, p\u00fate, &#8230;). Slobodne si zoberte, aby sme na to nezabudli.<\/span><\/li>\n<\/ol>\n<p>&nbsp;<\/p>\n<ol start=\"6\">\n<li><span style=\"color: #333333;\">Na n\u00e1stenke pri modlitebn\u00fdch kni\u017ek\u00e1ch n\u00e1jdete niektor\u00e9 pa\u010fakovania a info o charitat\u00edvnych zbierkach. Naposledy sa vyzbieralo do pokladni\u010dky na gr\u00e9ckokatol\u00edcku v\u00fdzvu 607,99 CHF. P\u00e1n Boh zapla\u0165!<\/span><\/li>\n<\/ol>\n<p>&nbsp;<\/p>\n<ol start=\"7\">\n<li><span style=\"color: #333333;\">Dovo\u013eujem si v\u00e1m pripomen\u00fa\u0165 pozvanie na Rodinn\u00fd v\u00edkend. Podujatie bude 19.-31. M\u00e1ja 2018. Prihl\u00e1\u0161ky s\u00fa online na internete.<\/span><\/li>\n<\/ol>\n","protected":false},"excerpt":{"rendered":"<p>SLOVENSK\u00c1 KATOL\u00cdCKA MISIA, BRAUERSTRASSE\u00a099, 8004 Z\u00dcRICH; T\/F: 0041 44 241 50 22 &nbsp; Oznamy na 1. P\u00f4stnu Nede\u013eu. Liturgick\u00fd kalend\u00e1r: &nbsp; Liturgia p\u00f4stneho obdobia m\u00e1 pr\u00edpravn\u00fd a\u00a0kaj\u00faci r\u00e1z. Preto toto obdobie naz\u00fdvame siln\u00e9 a&#46;&#46;&#46;<\/p>\n","protected":false},"author":3,"featured_media":4718,"comment_status":"open","ping_status":"closed","sticky":false,"template":"","format":"standard","meta":{"ngg_post_thumbnail":0},"categories":[24,1],"tags":[],"_links":{"self":[{"href":"https:\/\/www.skmisia.ch\/index.php?rest_route=\/wp\/v2\/posts\/7519"}],"collection":[{"href":"https:\/\/www.skmisia.ch\/index.php?rest_route=\/wp\/v2\/posts"}],"about":[{"href":"https:\/\/www.skmisia.ch\/index.php?rest_route=\/wp\/v2\/types\/post"}],"author":[{"embeddable":true,"href":"https:\/\/www.skmisia.ch\/index.php?rest_route=\/wp\/v2\/users\/3"}],"replies":[{"embeddable":true,"href":"https:\/\/www.skmisia.ch\/index.php?rest_route=%2Fwp%2Fv2%2Fcomments&post=7519"}],"version-history":[{"count":50,"href":"https:\/\/www.skmisia.ch\/index.php?rest_route=\/wp\/v2\/posts\/7519\/revisions"}],"predecessor-version":[{"id":8230,"href":"https:\/\/www.skmisia.ch\/index.php?rest_route=\/wp\/v2\/posts\/7519\/revisions\/8230"}],"wp:featuredmedia":[{"embeddable":true,"href":"https:\/\/www.skmisia.ch\/index.php?rest_route=\/wp\/v2\/media\/4718"}],"wp:attachment":[{"href":"https:\/\/www.skmisia.ch\/index.php?rest_route=%2Fwp%2Fv2%2Fmedia&parent=7519"}],"wp:term":[{"taxonomy":"category","embeddable":true,"href":"https:\/\/www.skmisia.ch\/index.php?rest_route=%2Fwp%2Fv2%2Fcategories&post=7519"},{"taxonomy":"post_tag","embeddable":true,"href":"https:\/\/www.skmisia.ch\/index.php?rest_route=%2Fwp%2Fv2%2Ftags&post=7519"}],"curies":[{"name":"wp","href":"https:\/\/api.w.org\/{rel}","templated":true}]}}