{"id":7470,"date":"2018-06-27T17:29:34","date_gmt":"2018-06-27T16:29:34","guid":{"rendered":"https:\/\/www.skmisia.ch\/?p=7470"},"modified":"2019-04-08T21:08:46","modified_gmt":"2019-04-08T20:08:46","slug":"pozor-detska-sv-omsa-az-v-nedelu-11-juna-2017-o-1130","status":"publish","type":"post","link":"https:\/\/www.skmisia.ch\/?p=7470","title":{"rendered":"Posledn\u00e1 detsk\u00e1 sv. om\u0161a v nede\u013eu 1. j\u00fala 2018 o 11:30"},"content":{"rendered":"<p style=\"text-align: center;\"><a href=\"https:\/\/www.skmisia.ch\/wp-content\/uploads\/2015\/11\/Detska-omsa-1.jpg\"><img decoding=\"async\" loading=\"lazy\" class=\"alignright wp-image-4419 size-full\" src=\"https:\/\/www.skmisia.ch\/wp-content\/uploads\/2015\/11\/Detska-omsa-1.jpg\" alt=\"\" width=\"201\" height=\"251\" \/><\/a><\/p>\n<p style=\"text-align: center;\"><span style=\"color: #333333;\"><em>Slovensk\u00e1 katol\u00edcka misia v Z\u00fcrichu poz\u00fdva na<\/em><\/span><\/p>\n<p style=\"text-align: center;\"><span style=\"color: #333333;\"><strong>detsk\u00e9 sv\u00e4t\u00e9 om\u0161e<\/strong><\/span><\/p>\n<p><span style=\"color: #333333;\">Poz\u00fdvame v\u00e1s na detsk\u00e9 sv. om\u0161e, ktor\u00e9 sa uskuto\u010d\u0148uj\u00fa pribli\u017ene jedenkr\u00e1t za mesiac. Pr\u00ed\u010fte medzi n\u00e1s a\u00a0spolo\u010dne na\u010derpajme zo \u017divej vody a\u00a0zo spolo\u010denstva Cirkvi.<\/span><\/p>\n<p><span style=\"color: #333333;\"><em>V\u0161etky deti, ktor\u00e9 maj\u00fa chu\u0165 spieva\u0165, z\u00e1rove\u0148\u00a0 poz\u00fdvame prida\u0165 sa do detsk\u00e9ho zboru, ktor\u00fd nacvi\u010duje pribli\u017ene jedenkr\u00e1t do mesiaca. D\u00e1tumy n\u00e1cvikov, n\u00e1jdete na: www.skmisia.ch<\/em><\/span><\/p>\n<p><span style=\"color: #333333;\"><strong>Najbli\u017e\u0161ie term\u00edny detsk\u00fdch sv\u00e4t\u00fdch om\u0161\u00ed:<\/strong><\/span><\/p>\n<h6><strong>\u00a0*<\/strong><\/h6>\n<h6><strong>J\u00daL<\/strong><\/h6>\n<h6><span style=\"color: #993300;\"><strong>1.7.\u00a02018 \u2013\u00a0<\/strong><strong>DETSK\u00c1 SV. OM\u0160A O 11:30<\/strong><\/span><\/h6>\n<p>&nbsp;<\/p>\n<p><span style=\"color: #333333;\"><strong>&#8230; P\u00e1n ve\u013ek\u00fa sadbu chyst\u00e1 a v\u0161etko zaplat\u00ed, pozvan\u00ed su na \u0148u v\u0161etci i deti!<\/strong><\/span><\/p>\n<p><strong><span style=\"color: #333333;\">\u00a0<\/span><a href=\"https:\/\/www.skmisia.ch\/wp-content\/uploads\/2015\/06\/detska-omsa.jpg\"><img decoding=\"async\" loading=\"lazy\" class=\"aligncenter size-medium wp-image-4320\" src=\"https:\/\/www.skmisia.ch\/wp-content\/uploads\/2015\/06\/detska-omsa-300x254.jpg\" alt=\"\" width=\"300\" height=\"254\" srcset=\"https:\/\/www.skmisia.ch\/wp-content\/uploads\/2015\/06\/detska-omsa-300x254.jpg 300w, https:\/\/www.skmisia.ch\/wp-content\/uploads\/2015\/06\/detska-omsa.jpg 363w\" sizes=\"(max-width: 300px) 100vw, 300px\" \/><\/a><\/strong><\/p>\n<p>&nbsp;<\/p>\n","protected":false},"excerpt":{"rendered":"<p>Slovensk\u00e1 katol\u00edcka misia v Z\u00fcrichu poz\u00fdva na detsk\u00e9 sv\u00e4t\u00e9 om\u0161e Poz\u00fdvame v\u00e1s na detsk\u00e9 sv. om\u0161e, ktor\u00e9 sa uskuto\u010d\u0148uj\u00fa pribli\u017ene jedenkr\u00e1t za mesiac. Pr\u00ed\u010fte medzi n\u00e1s a\u00a0spolo\u010dne na\u010derpajme zo \u017divej vody a\u00a0zo spolo\u010denstva Cirkvi.&#46;&#46;&#46;<\/p>\n","protected":false},"author":3,"featured_media":4320,"comment_status":"open","ping_status":"closed","sticky":false,"template":"","format":"standard","meta":{"ngg_post_thumbnail":0},"categories":[24,1],"tags":[],"_links":{"self":[{"href":"https:\/\/www.skmisia.ch\/index.php?rest_route=\/wp\/v2\/posts\/7470"}],"collection":[{"href":"https:\/\/www.skmisia.ch\/index.php?rest_route=\/wp\/v2\/posts"}],"about":[{"href":"https:\/\/www.skmisia.ch\/index.php?rest_route=\/wp\/v2\/types\/post"}],"author":[{"embeddable":true,"href":"https:\/\/www.skmisia.ch\/index.php?rest_route=\/wp\/v2\/users\/3"}],"replies":[{"embeddable":true,"href":"https:\/\/www.skmisia.ch\/index.php?rest_route=%2Fwp%2Fv2%2Fcomments&post=7470"}],"version-history":[{"count":19,"href":"https:\/\/www.skmisia.ch\/index.php?rest_route=\/wp\/v2\/posts\/7470\/revisions"}],"predecessor-version":[{"id":8541,"href":"https:\/\/www.skmisia.ch\/index.php?rest_route=\/wp\/v2\/posts\/7470\/revisions\/8541"}],"wp:featuredmedia":[{"embeddable":true,"href":"https:\/\/www.skmisia.ch\/index.php?rest_route=\/wp\/v2\/media\/4320"}],"wp:attachment":[{"href":"https:\/\/www.skmisia.ch\/index.php?rest_route=%2Fwp%2Fv2%2Fmedia&parent=7470"}],"wp:term":[{"taxonomy":"category","embeddable":true,"href":"https:\/\/www.skmisia.ch\/index.php?rest_route=%2Fwp%2Fv2%2Fcategories&post=7470"},{"taxonomy":"post_tag","embeddable":true,"href":"https:\/\/www.skmisia.ch\/index.php?rest_route=%2Fwp%2Fv2%2Ftags&post=7470"}],"curies":[{"name":"wp","href":"https:\/\/api.w.org\/{rel}","templated":true}]}}