{"id":7460,"date":"2017-05-26T22:52:11","date_gmt":"2017-05-26T21:52:11","guid":{"rendered":"https:\/\/www.skmisia.ch\/?p=7460"},"modified":"2019-04-08T21:08:47","modified_gmt":"2019-04-08T20:08:47","slug":"prve-sv-prijimanie-v-zeneve-2","status":"publish","type":"post","link":"https:\/\/www.skmisia.ch\/?p=7460","title":{"rendered":"Prv\u00e9 sv. prij\u00edmanie v \u017deneve"},"content":{"rendered":"<p><span lang=\"SK\"><span style=\"color: #000000; font-family: Calibri;\">Chceme sa s\u00a0vami podeli\u0165 s\u00a0radostnou udalos\u0165ou\u00a0<\/span><span style=\"color: #000000; font-family: Calibri;\">zo\u00a0\u017denevy.<\/span><\/span><\/p>\n<p><span lang=\"SK\"><span style=\"color: #000000; font-family: Calibri;\">D\u0148a 7. m\u00e1ja 2017 pred sv\u00e4tou om\u0161ou priali tri deti: Filip, Veronika a\u00a0Luk\u00e1\u0161 prv\u00fdkr\u00e1t sviatos\u0165 zmierenia. Po\u010das sv\u00e4tej om\u0161i im otec Jozef sl\u00e1vnostne odovzdal biele tri\u010dk\u00e1 s\u00a0n\u00e1pisom IDEM K\u00a0SVOJMU OTCOVI&#8230; <\/span><\/span><span lang=\"SK\"><span style=\"color: #000000; font-family: Calibri;\">Biele tri\u010dk\u00e1, aby im pripom\u00ednali \u010distotu ich du\u0161e po sv\u00e4tej spovedi, s\u00a0ich krstn\u00fdm menom na zadnej strane, lebo Boh si n\u00e1s ka\u017ed\u00e9ho vol\u00e1 po mene, ka\u017ed\u00e9ho miluje osobitne otcovskou l\u00e1skou a\u00a0\u010dak\u00e1 na n\u00e1s kedy k\u00a0Nemu pr\u00eddeme, tak ako m\u00e1rnotratn\u00fd syn. Aj ten dostal \u010dist\u00e9 r\u00facho po n\u00e1vrate k\u00a0Otcovi. <\/span><\/span><span lang=\"SK\"><span style=\"color: #000000; font-family: Calibri;\">A\u00a0na spe\u010datenie tejto jedine\u010dnej odp\u00fa\u0161\u0165aj\u00facej l\u00e1sky si deti po om\u0161i urobili e\u0161te otla\u010dky svojich r\u00fak.<\/span><\/span><\/p>\n<p><span lang=\"SK\"><span style=\"color: #000000; font-family: Calibri;\">O\u00a0dva t\u00fd\u017edne 21. m\u00e1ja 2017 sme sa cel\u00e1 slovensk\u00e1 komunita te\u0161ili z\u00a0prv\u00e9ho sv\u00e4t\u00e9ho prij\u00edmania t\u00fdchto troch mlad\u00fdch kres\u0165anov. V\u010faka patr\u00ed otcovi Pa\u013eovi, ktor\u00fd pri\u0161iel medzi n\u00e1s z Z\u00fcrichu, otcovi Jozefovi za jeho povzbudiv\u00e9 slov\u00e1 po\u010das hom\u00edlie, \u010falej na\u0161im zboristom ktor\u00ed si pripravili n\u00e1dhern\u00e9 spevy a\u00a0skr\u00e1\u0161lili liturgiu ako aj v\u0161etk\u00fdm z\u00fa\u010dastnen\u00fdm. <\/span><\/span><span lang=\"SK\"><span style=\"color: #000000; font-family: Calibri;\">Po sv\u00e4tej om\u0161i pripravili rodi\u010dia prvoprij\u00edmaj\u00facich deti sl\u00e1vnostn\u00e9 posedenie pre v\u0161etk\u00fdch pr\u00edtomn\u00fdch. \u010eakujeme v\u00a0mene cel\u00e9ho<\/span><span style=\"color: #000000; font-family: Calibri;\">\u00a0 <\/span><span style=\"color: #000000; font-family: Calibri;\">spolo\u010denstva za v\u00fdborn\u00fd gul\u00e1\u0161, paellu a dal\u0161ie dobroty, ktor\u00e9 prispeli k\u00a0vytvoreniu priate\u013eskej <\/span><span style=\"color: #000000; font-family: Calibri;\">\u00a0<\/span><span style=\"color: #000000; font-family: Calibri;\">a\u00a0rodinnej atmosf\u00e9ry. C\u00edtili sme sa ve\u013emi dobre ani sme si neuvedomili ako \u010das pokro\u010dil a\u00a0bolo sa treba\u00a0rozl\u00fa\u010di\u0165.<\/span><\/span><\/p>\n<p><span lang=\"SK\"><span style=\"color: #000000; font-family: Calibri;\">Prajeme v\u0161etk\u00fdm, aby sa aj v\u00e1m darilo \u010d\u00edm \u010dastej\u0161ie tvori\u0165 tak\u00fato Bo\u017eiu rodinu &#8211; spolo\u010denstvo, ako sme vytvorili my v\u00a0tento de\u0148.<\/span><\/span><\/p>\n","protected":false},"excerpt":{"rendered":"<p>Chceme sa s\u00a0vami podeli\u0165 s\u00a0radostnou udalos\u0165ou\u00a0zo\u00a0\u017denevy. D\u0148a 7. m\u00e1ja 2017 pred sv\u00e4tou om\u0161ou priali tri deti: Filip, Veronika a\u00a0Luk\u00e1\u0161 prv\u00fdkr\u00e1t sviatos\u0165 zmierenia. Po\u010das sv\u00e4tej om\u0161i im otec Jozef sl\u00e1vnostne odovzdal biele tri\u010dk\u00e1 s\u00a0n\u00e1pisom IDEM&#46;&#46;&#46;<\/p>\n","protected":false},"author":1,"featured_media":7462,"comment_status":"open","ping_status":"closed","sticky":false,"template":"","format":"gallery","meta":{"ngg_post_thumbnail":0},"categories":[24,7],"tags":[],"_links":{"self":[{"href":"https:\/\/www.skmisia.ch\/index.php?rest_route=\/wp\/v2\/posts\/7460"}],"collection":[{"href":"https:\/\/www.skmisia.ch\/index.php?rest_route=\/wp\/v2\/posts"}],"about":[{"href":"https:\/\/www.skmisia.ch\/index.php?rest_route=\/wp\/v2\/types\/post"}],"author":[{"embeddable":true,"href":"https:\/\/www.skmisia.ch\/index.php?rest_route=\/wp\/v2\/users\/1"}],"replies":[{"embeddable":true,"href":"https:\/\/www.skmisia.ch\/index.php?rest_route=%2Fwp%2Fv2%2Fcomments&post=7460"}],"version-history":[{"count":4,"href":"https:\/\/www.skmisia.ch\/index.php?rest_route=\/wp\/v2\/posts\/7460\/revisions"}],"predecessor-version":[{"id":7466,"href":"https:\/\/www.skmisia.ch\/index.php?rest_route=\/wp\/v2\/posts\/7460\/revisions\/7466"}],"wp:featuredmedia":[{"embeddable":true,"href":"https:\/\/www.skmisia.ch\/index.php?rest_route=\/wp\/v2\/media\/7462"}],"wp:attachment":[{"href":"https:\/\/www.skmisia.ch\/index.php?rest_route=%2Fwp%2Fv2%2Fmedia&parent=7460"}],"wp:term":[{"taxonomy":"category","embeddable":true,"href":"https:\/\/www.skmisia.ch\/index.php?rest_route=%2Fwp%2Fv2%2Fcategories&post=7460"},{"taxonomy":"post_tag","embeddable":true,"href":"https:\/\/www.skmisia.ch\/index.php?rest_route=%2Fwp%2Fv2%2Ftags&post=7460"}],"curies":[{"name":"wp","href":"https:\/\/api.w.org\/{rel}","templated":true}]}}