{"id":7421,"date":"2017-05-08T10:53:44","date_gmt":"2017-05-08T09:53:44","guid":{"rendered":"https:\/\/www.skmisia.ch\/?p=7421"},"modified":"2019-04-08T21:08:47","modified_gmt":"2019-04-08T20:08:47","slug":"fatimska-sobota-na100-rocne-jubilem-13-maj-2017","status":"publish","type":"post","link":"https:\/\/www.skmisia.ch\/?p=7421","title":{"rendered":"FATIMSK\u00c1 SOBOTA na 100-ro\u010dn\u00e9 Jubilem, 13. m\u00e1j 2017"},"content":{"rendered":"<p><span style=\"color: #333333;\">Srde\u010dne V\u00e1s poz\u00fdvame na pobo\u017enos\u0165 Fatimskej soboty, ktor\u00e1 sa uskuto\u010dn\u00ed v de\u0148\u00a0100-ro\u010dn\u00e9ho\u00a0v\u00fdro\u010dia prv\u00e9ho Fatimsk\u00e9ho zjavenia Panny M\u00e1rie. Chceme si najm\u00e4 pripomen\u00fa\u0165 duchovn\u00fd odkaz Panny M\u00e1rie: Upevnenie viery a d\u00f4very v Je\u017ei\u0161a Krista skrze rozj\u00edmav\u00fa modlitbu ru\u017eenca.<\/span><\/p>\n<p><span style=\"color: #333333;\">D\u00e1tum: 13. M\u00e1j 2017<\/span><\/p>\n<p><span style=\"color: #333333;\">Miesto sl\u00e1venia: kostol sv. J\u00e1na Bosca, Feldstrasse 109, ZH.<\/span><\/p>\n<p><span style=\"color: #333333;\">Program sl\u00e1venia:<\/span><\/p>\n<p><span style=\"color: #333333;\">9:30\u00a0 Rozj\u00edmav\u00fd ru\u017eenec<\/span><\/p>\n<p><span style=\"color: #333333;\">10:15\u00a0\u00a0 Sv. om\u0161a<\/span><\/p>\n<p><a href=\"https:\/\/www.skmisia.ch\/wp-content\/uploads\/2017\/05\/Giovanni-Paolo-II-e-maria.jpg\"><img decoding=\"async\" loading=\"lazy\" class=\"aligncenter wp-image-7406\" src=\"https:\/\/www.skmisia.ch\/wp-content\/uploads\/2017\/05\/Giovanni-Paolo-II-e-maria-300x150.jpg\" alt=\"\" width=\"300\" height=\"150\" srcset=\"https:\/\/www.skmisia.ch\/wp-content\/uploads\/2017\/05\/Giovanni-Paolo-II-e-maria-300x150.jpg 300w, https:\/\/www.skmisia.ch\/wp-content\/uploads\/2017\/05\/Giovanni-Paolo-II-e-maria-768x384.jpg 768w, https:\/\/www.skmisia.ch\/wp-content\/uploads\/2017\/05\/Giovanni-Paolo-II-e-maria-1024x512.jpg 1024w, https:\/\/www.skmisia.ch\/wp-content\/uploads\/2017\/05\/Giovanni-Paolo-II-e-maria.jpg 1220w\" sizes=\"(max-width: 300px) 100vw, 300px\" \/><\/a><\/p>\n<p>&nbsp;<\/p>\n<p>&nbsp;<\/p>\n<p><a href=\"https:\/\/www.skmisia.ch\/wp-content\/uploads\/2017\/05\/Fatima.jpg\"><img decoding=\"async\" loading=\"lazy\" class=\"aligncenter size-medium wp-image-7407\" src=\"https:\/\/www.skmisia.ch\/wp-content\/uploads\/2017\/05\/Fatima-300x222.jpg\" alt=\"\" width=\"300\" height=\"222\" srcset=\"https:\/\/www.skmisia.ch\/wp-content\/uploads\/2017\/05\/Fatima-300x222.jpg 300w, https:\/\/www.skmisia.ch\/wp-content\/uploads\/2017\/05\/Fatima.jpg 418w\" sizes=\"(max-width: 300px) 100vw, 300px\" \/><\/a><\/p>\n","protected":false},"excerpt":{"rendered":"<p>Srde\u010dne V\u00e1s poz\u00fdvame na pobo\u017enos\u0165 Fatimskej soboty, ktor\u00e1 sa uskuto\u010dn\u00ed v de\u0148\u00a0100-ro\u010dn\u00e9ho\u00a0v\u00fdro\u010dia prv\u00e9ho Fatimsk\u00e9ho zjavenia Panny M\u00e1rie. Chceme si najm\u00e4 pripomen\u00fa\u0165 duchovn\u00fd odkaz Panny M\u00e1rie: Upevnenie viery a d\u00f4very v Je\u017ei\u0161a Krista skrze rozj\u00edmav\u00fa&#46;&#46;&#46;<\/p>\n","protected":false},"author":3,"featured_media":7406,"comment_status":"open","ping_status":"closed","sticky":false,"template":"","format":"standard","meta":{"ngg_post_thumbnail":0},"categories":[24,1],"tags":[],"_links":{"self":[{"href":"https:\/\/www.skmisia.ch\/index.php?rest_route=\/wp\/v2\/posts\/7421"}],"collection":[{"href":"https:\/\/www.skmisia.ch\/index.php?rest_route=\/wp\/v2\/posts"}],"about":[{"href":"https:\/\/www.skmisia.ch\/index.php?rest_route=\/wp\/v2\/types\/post"}],"author":[{"embeddable":true,"href":"https:\/\/www.skmisia.ch\/index.php?rest_route=\/wp\/v2\/users\/3"}],"replies":[{"embeddable":true,"href":"https:\/\/www.skmisia.ch\/index.php?rest_route=%2Fwp%2Fv2%2Fcomments&post=7421"}],"version-history":[{"count":3,"href":"https:\/\/www.skmisia.ch\/index.php?rest_route=\/wp\/v2\/posts\/7421\/revisions"}],"predecessor-version":[{"id":7424,"href":"https:\/\/www.skmisia.ch\/index.php?rest_route=\/wp\/v2\/posts\/7421\/revisions\/7424"}],"wp:featuredmedia":[{"embeddable":true,"href":"https:\/\/www.skmisia.ch\/index.php?rest_route=\/wp\/v2\/media\/7406"}],"wp:attachment":[{"href":"https:\/\/www.skmisia.ch\/index.php?rest_route=%2Fwp%2Fv2%2Fmedia&parent=7421"}],"wp:term":[{"taxonomy":"category","embeddable":true,"href":"https:\/\/www.skmisia.ch\/index.php?rest_route=%2Fwp%2Fv2%2Fcategories&post=7421"},{"taxonomy":"post_tag","embeddable":true,"href":"https:\/\/www.skmisia.ch\/index.php?rest_route=%2Fwp%2Fv2%2Ftags&post=7421"}],"curies":[{"name":"wp","href":"https:\/\/api.w.org\/{rel}","templated":true}]}}