{"id":7410,"date":"2017-05-10T10:00:12","date_gmt":"2017-05-10T09:00:12","guid":{"rendered":"https:\/\/www.skmisia.ch\/?p=7410"},"modified":"2019-04-08T21:08:47","modified_gmt":"2019-04-08T20:08:47","slug":"majales-2017-v-murten","status":"publish","type":"post","link":"https:\/\/www.skmisia.ch\/?p=7410","title":{"rendered":"Maj\u00e1les 2017 v Murten"},"content":{"rendered":"<p><span style=\"color: #333333;\">Mil\u00ed krajania, priatelia, a zn\u00e1my! Srde\u010dne V\u00e1s poz\u00fdvame na tohtoro\u010dn\u00fd Maj\u00e1les ktor\u00fd sa bude kona\u0165 20.05.2017 o 20:00 v Murten (FR).<span class=\"text_exposed_show\"> Pr\u00edd\u0165e sa s nami zabavi\u0165 a zatancova\u0165 si. Vstupn\u00e9 je 15,- CHF pre dospel\u00fa osobu, deti zdarma (l\u00edstok je z\u00e1rove\u0148 losovan\u00fd v tombole). Alko a nealko si m\u00f4\u017ee ka\u017ed\u00fd prinies\u0165 to\u013eko, ko\u013eko uzn\u00e1 za vhodn\u00e9. Tak isto jedlo, ktor\u00e9 sa prinesie na spolo\u010dn\u00fd slovensko-\u0161v\u00e9dsky st\u00f4l. Te\u0161\u00edme na star\u00e9 zn\u00e1me tv\u00e1re, tak isto ako aj na tie nov\u00e9.\u00a0Adresa je: T\u00f6rliweg, 3280 Murten. Miesta na parkovanie s\u00fa k dispoz\u00edcii. Nezabududnite sa o t\u00fato inform\u00e1ciu podeli\u0165 s va\u0161imi priate\u013emi. <\/span> Te\u0161\u00edme sa na v\u00e1s&#8230; \ud83d\ude42<\/span><\/p>\n<p><a href=\"https:\/\/www.skmisia.ch\/wp-content\/uploads\/2017\/05\/majales.2017.flyer_.png\"><img decoding=\"async\" loading=\"lazy\" class=\"alignnone size-full wp-image-7412\" src=\"https:\/\/www.skmisia.ch\/wp-content\/uploads\/2017\/05\/majales.2017.flyer_.png\" alt=\"\" width=\"1025\" height=\"570\" srcset=\"https:\/\/www.skmisia.ch\/wp-content\/uploads\/2017\/05\/majales.2017.flyer_.png 1025w, https:\/\/www.skmisia.ch\/wp-content\/uploads\/2017\/05\/majales.2017.flyer_-300x167.png 300w, https:\/\/www.skmisia.ch\/wp-content\/uploads\/2017\/05\/majales.2017.flyer_-768x427.png 768w, https:\/\/www.skmisia.ch\/wp-content\/uploads\/2017\/05\/majales.2017.flyer_-1024x569.png 1024w\" sizes=\"(max-width: 1025px) 100vw, 1025px\" \/><\/a><\/p>\n","protected":false},"excerpt":{"rendered":"<p>Mil\u00ed krajania, priatelia, a zn\u00e1my! Srde\u010dne V\u00e1s poz\u00fdvame na tohtoro\u010dn\u00fd Maj\u00e1les ktor\u00fd sa bude kona\u0165 20.05.2017 o 20:00 v Murten (FR). Pr\u00edd\u0165e sa s nami zabavi\u0165 a zatancova\u0165 si. Vstupn\u00e9 je 15,- CHF pre&#46;&#46;&#46;<\/p>\n","protected":false},"author":4,"featured_media":7411,"comment_status":"open","ping_status":"closed","sticky":false,"template":"","format":"standard","meta":{"ngg_post_thumbnail":0},"categories":[24,1],"tags":[],"_links":{"self":[{"href":"https:\/\/www.skmisia.ch\/index.php?rest_route=\/wp\/v2\/posts\/7410"}],"collection":[{"href":"https:\/\/www.skmisia.ch\/index.php?rest_route=\/wp\/v2\/posts"}],"about":[{"href":"https:\/\/www.skmisia.ch\/index.php?rest_route=\/wp\/v2\/types\/post"}],"author":[{"embeddable":true,"href":"https:\/\/www.skmisia.ch\/index.php?rest_route=\/wp\/v2\/users\/4"}],"replies":[{"embeddable":true,"href":"https:\/\/www.skmisia.ch\/index.php?rest_route=%2Fwp%2Fv2%2Fcomments&post=7410"}],"version-history":[{"count":7,"href":"https:\/\/www.skmisia.ch\/index.php?rest_route=\/wp\/v2\/posts\/7410\/revisions"}],"predecessor-version":[{"id":7440,"href":"https:\/\/www.skmisia.ch\/index.php?rest_route=\/wp\/v2\/posts\/7410\/revisions\/7440"}],"wp:featuredmedia":[{"embeddable":true,"href":"https:\/\/www.skmisia.ch\/index.php?rest_route=\/wp\/v2\/media\/7411"}],"wp:attachment":[{"href":"https:\/\/www.skmisia.ch\/index.php?rest_route=%2Fwp%2Fv2%2Fmedia&parent=7410"}],"wp:term":[{"taxonomy":"category","embeddable":true,"href":"https:\/\/www.skmisia.ch\/index.php?rest_route=%2Fwp%2Fv2%2Fcategories&post=7410"},{"taxonomy":"post_tag","embeddable":true,"href":"https:\/\/www.skmisia.ch\/index.php?rest_route=%2Fwp%2Fv2%2Ftags&post=7410"}],"curies":[{"name":"wp","href":"https:\/\/api.w.org\/{rel}","templated":true}]}}