{"id":7404,"date":"2017-05-02T09:24:36","date_gmt":"2017-05-02T08:24:36","guid":{"rendered":"https:\/\/www.skmisia.ch\/?p=7404"},"modified":"2019-04-08T21:08:48","modified_gmt":"2019-04-08T20:08:48","slug":"storocnica-fatimskych-zjaveni","status":"publish","type":"post","link":"https:\/\/www.skmisia.ch\/?p=7404","title":{"rendered":"Storo\u010dnica fatimsk\u00fdch zjaven\u00ed"},"content":{"rendered":"<p><span style=\"margin: 0px; padding: 0cm; border: 1pt windowtext; color: #333333; font-family: 'Arial',sans-serif; font-size: 11.5pt;\"><a href=\"https:\/\/www.skmisia.ch\/wp-content\/uploads\/2017\/05\/Fatima.jpg\" target=\"_blank\" rel=\"noopener noreferrer\"><img decoding=\"async\" loading=\"lazy\" class=\"size-medium wp-image-7407 alignright\" src=\"https:\/\/www.skmisia.ch\/wp-content\/uploads\/2017\/05\/Fatima-300x222.jpg\" alt=\"\" width=\"300\" height=\"222\" srcset=\"https:\/\/www.skmisia.ch\/wp-content\/uploads\/2017\/05\/Fatima-300x222.jpg 300w, https:\/\/www.skmisia.ch\/wp-content\/uploads\/2017\/05\/Fatima.jpg 418w\" sizes=\"(max-width: 300px) 100vw, 300px\" \/><\/a>Sv\u00e4t\u00fd Otec Franti\u0161ek kv\u00f4li d\u00f4stojnej\u0161iemu pre\u017e\u00edvaniu osl\u00e1v jubilejn\u00e9ho roka fatimsk\u00fdch zjaven\u00ed obdaroval \u00fapln\u00fdmi odpustkami &#8211; od 27. 11. 2016 do 26. 11. 2017 &#8211; v\u0161etk\u00fdch veriacich:<\/span><\/p>\n<p><span style=\"margin: 0px; padding: 0cm; border: 1pt windowtext; color: #333333; font-family: 'Arial',sans-serif; font-size: 11.5pt;\">a)\u00a0<b>Ktor\u00ed si vykonaj\u00fa p\u00fa\u0165 do Fatimy<\/b>, s \u00factou sa z\u00fa\u010dastnia niektorej sl\u00e1vnost\u00ed \u010di modlitby ku cti Panny M\u00e1rie, pomodlia sa Ot\u010de n\u00e1\u0161, vyznanie viery (Ver\u00edm v Boha&#8230;) a bud\u00fa vz\u00fdva\u0165 Pannu M\u00e1riu Fatimsk\u00fa.<\/span><\/p>\n<p><span style=\"margin: 0px; padding: 0cm; border: 1pt windowtext; color: #333333; font-family: 'Arial',sans-serif; font-size: 11.5pt;\">b)\u00a0<b>Ktor\u00ed si zbo\u017ene uctia sochu Panny M\u00e1rie Fatimskej<\/b>, ktor\u00e1 je sl\u00e1vnostne vystaven\u00e1 k verejnej \u00facte v ktoromko\u013evek chr\u00e1me, orat\u00f3riu alebo inom vhodnom mieste,\u00a0<b>vo v\u00fdro\u010dn\u00fdch d\u0148och zjaven\u00ed (v\u017edy 13. de\u0148 mesiaca &#8211; od m\u00e1ja a\u017e do okt\u00f3bra)<\/b>\u00a0a kto sa s \u00factou z\u00fa\u010dastn\u00ed niektorej sl\u00e1vnosti \u010di modlitby ku cti Panny M\u00e1rie, pomodl\u00ed sa Ot\u010de n\u00e1\u0161, vyznanie viery (Ver\u00edm v Boha&#8230;) a bude vz\u00fdva\u0165 Pannu M\u00e1riu Fatimsk\u00fa.<\/span><\/p>\n<p><span style=\"margin: 0px; padding: 0cm; border: 1pt windowtext; color: #333333; font-family: 'Arial',sans-serif; font-size: 11.5pt;\">c)\u00a0<b>Ktor\u00ed vzh\u013eadom na svoj vek, chorobu alebo z in\u00e9ho v\u00e1\u017eneho d\u00f4vodu, nem\u00f4\u017eu cestova\u0165,<\/b>\u00a0robia pok\u00e1nie zo v\u0161etk\u00fdch svojich hriechov s predsavzat\u00edm splni\u0165, ke\u010f im to bude mo\u017en\u00e9, tri podmienky (sv\u00e4t\u00e1 spove\u010f, sv\u00e4t\u00e9 prij\u00edmanie, modlitba na \u00famysel Sv\u00e4t\u00e9ho Otca) a\u00a0<b>pred malou so\u0161kou Panny M\u00e1rie Fatimskej, vo v\u00fdro\u010dit\u00fdch d\u0148och zjaven\u00ed (v\u017edy 13. de\u0148 mesiaca &#8211; od m\u00e1ja a\u017e do okt\u00f3bra), sa duchovne spoja s oslavami jubilea,<\/b>\u00a0pri\u010dom s d\u00f4verou odovzdaj\u00fa svoje modlitby a bolesti alebo obety svojho \u017eivota skrze Pannu M\u00e1riu milosrdn\u00e9mu Bohu.<\/span><\/p>\n<p><span style=\"margin: 0px; padding: 0cm; border: 1pt windowtext; color: #333333; font-family: 'Arial',sans-serif; font-size: 11.5pt;\">K z\u00edskaniu \u00fapln\u00fdch odpustkov treba, aby veriaci robili prav\u00e9 pok\u00e1nie a splnili obvykl\u00e9 podmienky: sv\u00e4t\u00e1 spove\u010f, sv\u00e4t\u00e9 prij\u00edmanie, modlitba na \u00famysel Sv\u00e4t\u00e9ho Otca.<\/span><\/p>\n<p><span style=\"margin: 0px; padding: 0cm; border: 1pt windowtext; color: #333333; font-family: 'Arial',sans-serif; font-size: 11.5pt;\">Sekretari\u00e1t WAF<\/span><\/p>\n<p><span style=\"margin: 0px; padding: 0cm; border: 1pt windowtext; color: #333333; font-family: 'Arial',sans-serif; font-size: 11.5pt;\">(World Apo\u0161tolate of Fatima)<\/span><\/p>\n<p><a href=\"https:\/\/www.skmisia.ch\/wp-content\/uploads\/2017\/05\/Giovanni-Paolo-II-e-maria.jpg\" target=\"_blank\" rel=\"noopener noreferrer\"><img decoding=\"async\" loading=\"lazy\" class=\"aligncenter wp-image-7406 size-large\" src=\"https:\/\/www.skmisia.ch\/wp-content\/uploads\/2017\/05\/Giovanni-Paolo-II-e-maria-1024x512.jpg\" alt=\"\" width=\"720\" height=\"360\" srcset=\"https:\/\/www.skmisia.ch\/wp-content\/uploads\/2017\/05\/Giovanni-Paolo-II-e-maria-1024x512.jpg 1024w, https:\/\/www.skmisia.ch\/wp-content\/uploads\/2017\/05\/Giovanni-Paolo-II-e-maria-300x150.jpg 300w, https:\/\/www.skmisia.ch\/wp-content\/uploads\/2017\/05\/Giovanni-Paolo-II-e-maria-768x384.jpg 768w, https:\/\/www.skmisia.ch\/wp-content\/uploads\/2017\/05\/Giovanni-Paolo-II-e-maria.jpg 1220w\" sizes=\"(max-width: 720px) 100vw, 720px\" \/><\/a><\/p>\n","protected":false},"excerpt":{"rendered":"<p>Sv\u00e4t\u00fd Otec Franti\u0161ek kv\u00f4li d\u00f4stojnej\u0161iemu pre\u017e\u00edvaniu osl\u00e1v jubilejn\u00e9ho roka fatimsk\u00fdch zjaven\u00ed obdaroval \u00fapln\u00fdmi odpustkami &#8211; od 27. 11. 2016 do 26. 11. 2017 &#8211; v\u0161etk\u00fdch veriacich: a)\u00a0Ktor\u00ed si vykonaj\u00fa p\u00fa\u0165 do Fatimy, s \u00factou&#46;&#46;&#46;<\/p>\n","protected":false},"author":3,"featured_media":7405,"comment_status":"open","ping_status":"closed","sticky":false,"template":"","format":"standard","meta":{"ngg_post_thumbnail":0},"categories":[24,1],"tags":[],"_links":{"self":[{"href":"https:\/\/www.skmisia.ch\/index.php?rest_route=\/wp\/v2\/posts\/7404"}],"collection":[{"href":"https:\/\/www.skmisia.ch\/index.php?rest_route=\/wp\/v2\/posts"}],"about":[{"href":"https:\/\/www.skmisia.ch\/index.php?rest_route=\/wp\/v2\/types\/post"}],"author":[{"embeddable":true,"href":"https:\/\/www.skmisia.ch\/index.php?rest_route=\/wp\/v2\/users\/3"}],"replies":[{"embeddable":true,"href":"https:\/\/www.skmisia.ch\/index.php?rest_route=%2Fwp%2Fv2%2Fcomments&post=7404"}],"version-history":[{"count":1,"href":"https:\/\/www.skmisia.ch\/index.php?rest_route=\/wp\/v2\/posts\/7404\/revisions"}],"predecessor-version":[{"id":7408,"href":"https:\/\/www.skmisia.ch\/index.php?rest_route=\/wp\/v2\/posts\/7404\/revisions\/7408"}],"wp:featuredmedia":[{"embeddable":true,"href":"https:\/\/www.skmisia.ch\/index.php?rest_route=\/wp\/v2\/media\/7405"}],"wp:attachment":[{"href":"https:\/\/www.skmisia.ch\/index.php?rest_route=%2Fwp%2Fv2%2Fmedia&parent=7404"}],"wp:term":[{"taxonomy":"category","embeddable":true,"href":"https:\/\/www.skmisia.ch\/index.php?rest_route=%2Fwp%2Fv2%2Fcategories&post=7404"},{"taxonomy":"post_tag","embeddable":true,"href":"https:\/\/www.skmisia.ch\/index.php?rest_route=%2Fwp%2Fv2%2Ftags&post=7404"}],"curies":[{"name":"wp","href":"https:\/\/api.w.org\/{rel}","templated":true}]}}