{"id":7391,"date":"2017-04-20T19:56:59","date_gmt":"2017-04-20T18:56:59","guid":{"rendered":"https:\/\/www.skmisia.ch\/?p=7391"},"modified":"2019-04-08T21:08:48","modified_gmt":"2019-04-08T20:08:48","slug":"velkonocne-sviatky-2","status":"publish","type":"post","link":"https:\/\/www.skmisia.ch\/?p=7391","title":{"rendered":"Ve\u013ekono\u010dn\u00e9 sviatky"},"content":{"rendered":"<p><span style=\"color: #333333;\">Ve\u013ekono\u010dn\u00e9 sviatky pre\u017eili veriaci SKM ako najv\u00fdznamnej\u0161\u00ed\u00a0kres\u0165ansk\u00fd sviatok. Ve\u013ek\u00e1 noc je pre kres\u0165anov oslavou\u00a0zm\u0155tvychvstania\u00a0(resp. vzkriesenia)\u00a0Je\u017ei\u0161a Krista\u00a0po jeho smrti na kr\u00ed\u017ei.<\/span><\/p>\n<p><span style=\"color: #333333;\">U\u017e na za\u010diatku Ve\u013ek\u00e9ho t\u00fd\u017ed\u0148a pr\u00e1ve na Kvetn\u00fa nede\u013eu si veriaci pripomenuli sl\u00e1vnostn\u00fd vstup P\u00e1na <a href=\"https:\/\/www.skmisia.ch\/wp-content\/uploads\/2014\/05\/Kvetna-nedela-1.jpg\"><img decoding=\"async\" loading=\"lazy\" class=\"size-medium wp-image-1071 alignright\" src=\"https:\/\/www.skmisia.ch\/wp-content\/uploads\/2014\/05\/Kvetna-nedela-1-300x199.jpg\" alt=\"\" width=\"300\" height=\"199\" srcset=\"https:\/\/www.skmisia.ch\/wp-content\/uploads\/2014\/05\/Kvetna-nedela-1-300x199.jpg 300w, https:\/\/www.skmisia.ch\/wp-content\/uploads\/2014\/05\/Kvetna-nedela-1.jpg 448w\" sizes=\"(max-width: 300px) 100vw, 300px\" \/><\/a>Je\u017ei\u0161a do Jeruzalema. O\u00a0tejto udalosti p\u00ed\u0161u v\u0161etci \u0161tyria evanjelisti. \u201eAby splnil proroctvo Zachari\u00e1\u0161a, sad\u00e1 na oslicu a\u00a0v\u00a0sl\u00e1vnostnom sprievode vstupuje do Jeruzalema.\u201c Otec Pavol na n\u00e1dvor\u00ed chr\u00e1mu po\u017eehnal ratolesti a\u00a0sl\u00e1vnostn\u00e1 procesia \u00a0sa presunula na sl\u00e1venie sv. om\u0161e. Po\u010das nej sa spievali Pa\u0161ie \u2013 \u010das\u0165 evanjelia o\u00a0umu\u010den\u00ed a\u00a0smrti Je\u017ei\u0161a Krista.<\/span><\/p>\n<p>&nbsp;<\/p>\n<p><span style=\"color: #333333;\">&#8230; Nasledoval Ve\u013ek\u00fd alebo Sv\u00e4t\u00fd t\u00fd\u017ede\u0148 &#8211; najsl\u00e1vnej\u0161\u00ed t\u00fd\u017ede\u0148 liturgick\u00e9ho roka, preto\u017ee v\u00a0\u0148om Kristus uskuto\u010dnil najv\u00e4\u010d\u0161ie tajomstvo s\u00a0vyk\u00fapen\u00edm \u010dloveka: Kristus P\u00e1n dobrovo\u013ene prijal kr\u00ed\u017e, zomrel na kr\u00ed\u017ei a\u00a0sl\u00e1vne vstal z m\u0155tvych.<\/span><\/p>\n<p><span style=\"color: #333333;\"><a href=\"https:\/\/www.skmisia.ch\/wp-content\/uploads\/2016\/04\/DSC_0447.jpg\"><img decoding=\"async\" loading=\"lazy\" class=\"size-medium wp-image-5120 alignleft\" src=\"https:\/\/www.skmisia.ch\/wp-content\/uploads\/2016\/04\/DSC_0447-300x200.jpg\" alt=\"\" width=\"300\" height=\"200\" srcset=\"https:\/\/www.skmisia.ch\/wp-content\/uploads\/2016\/04\/DSC_0447-300x200.jpg 300w, https:\/\/www.skmisia.ch\/wp-content\/uploads\/2016\/04\/DSC_0447-1024x684.jpg 1024w\" sizes=\"(max-width: 300px) 100vw, 300px\" \/><\/a>Na Zelen\u00fd \u0161tvrtok si kres\u0165ania pripomenuli\u00a0 Posledn\u00fa ve\u010deru, ktor\u00fa Je\u017ei\u0161 sl\u00e1vil spolu so svojimi u\u010den\u00edkmi a\u00a0ustanovenie eucharistie. Tak ako Je\u017ei\u0161 um\u00fdval nohy svoj\u00edm u\u010den\u00edkom, aj otec Pavol na znak tejto trad\u00edcie um\u00fdval nohy mu\u017eom zo slovenskej \u00a0misie. Naposledy pred Ve\u013ekou nocou pri ve\u010dernej om\u0161i zazneli zvony a\u00a0nahradili ich rapk\u00e1\u010de a\u00a0uzamkol sa aj org\u00e1n.<\/span><\/p>\n<p><span style=\"color: #333333;\">Na Ve\u013ek\u00fd piatok sme si pripomenuli potupn\u00fa smr\u0165 Je\u017ei\u0161a Krista. Syn Bo\u017e\u00ed v\u00a0tento de\u0148 dokon\u010dil dielo vyk\u00fapenia sveta. Liturgia obsahovala \u010d\u00edtania z\u00a0P\u00edsma, J\u00e1nove pa\u0161ie, modlitby za cirkev, za p\u00e1pe\u017ea, za slu\u017eobn\u00edkov, za veriacich a\u00a0aj t\u00fdch, ktor\u00fd neveria v\u00a0Boha, nasledovala poklona sv. kr\u00ed\u017eu a\u00a0sv. prij\u00edmania. Obrady veriaci zakon\u010dili modlitbou Korunky Bo\u017eieho milosrdenstva.<\/span><\/p>\n<p><span style=\"color: #333333;\">Obrady Ve\u013ekono\u010dnej vig\u00edlie za\u010dali spolo\u010dne s\u00a0veriacimi zo \u0160vaj\u010diarska hne\u010f po z\u00e1pade slnka na Bielu <a href=\"https:\/\/www.skmisia.ch\/wp-content\/uploads\/2017\/04\/vigilia.jpg\"><img decoding=\"async\" loading=\"lazy\" class=\"size-medium wp-image-7392 alignright\" src=\"https:\/\/www.skmisia.ch\/wp-content\/uploads\/2017\/04\/vigilia-225x300.jpg\" alt=\"\" width=\"225\" height=\"300\" srcset=\"https:\/\/www.skmisia.ch\/wp-content\/uploads\/2017\/04\/vigilia-225x300.jpg 225w, https:\/\/www.skmisia.ch\/wp-content\/uploads\/2017\/04\/vigilia.jpg 480w\" sizes=\"(max-width: 225px) 100vw, 225px\" \/><\/a>sobotu \u017eehnan\u00edm ve\u013ekono\u010dn\u00e9ho oh\u0148a a\u00a0ve\u013ekono\u010dnej sviece &#8211;\u00a0 Pa\u0161k\u00e1lu. Zap\u00e1len\u00fd a po\u017eehnan\u00fd ohe\u0148 symbolizuje Bo\u017eie svetlo, ktor\u00e9 n\u00e1m d\u00e1va Otec skrze svojho Syna. Ve\u013ekono\u010dn\u00e1 svieca \u2013 pa\u0161k\u00e1l \u2013 predstavuje zm\u0155tvychvstal\u00e9ho Krista. Kr\u00ed\u017e vyryt\u00fd do pa\u0161k\u00e1lu ozna\u010duje smr\u0165 na kr\u00ed\u017ei, p\u00e4\u0165 otvorov so vsaden\u00fdmi zrnkami tymi\u00e1nu zas Kristove rany, ktor\u00e9 si zachoval aj na svojom osl\u00e1venom tele. P\u00edsmen\u00e1 Alfa a Omega a \u0161tyri \u010d\u00edslice be\u017en\u00e9ho roka vysvet\u013euj\u00fa, \u017ee Kristus je P\u00e1n \u010dasu i ve\u010dnosti, po\u010diatok i koniec v\u0161etk\u00e9ho. Procesia s pa\u0161k\u00e1lom pripom\u00edna slov\u00e1 sam\u00e9ho Krista: \u201eJa som svetlo sveta. Kto m\u0148a nasleduje, nebude chodi\u0165 vo tm\u00e1ch, ale bude ma\u0165 svetlo \u017eivota\u201c.<\/span><\/p>\n<p>&nbsp;<\/p>\n<p><span style=\"color: #333333;\">Nasledoval ve\u013ekono\u010dn\u00fd chv\u00e1lospev, liturgick\u00e9 \u010d\u00edtania a\u00a0\u017ealmy, zaznelo sl\u00e1vnostn\u00e9 Aleluja a\u00a0rados\u0165 z\u00a0Kristovho v\u00ed\u0165azstva. Na z\u00e1ver celej eucharistickej obety nasledovala procesia a\u00a0po\u017eehnanie na oslavu Zm\u0155tvychvstal\u00e9ho.<\/span><\/p>\n<p>&nbsp;<\/p>\n<p><span style=\"color: #333333;\">Ve\u013ekono\u010dn\u00e1 nede\u013ea na misii sa niesla v\u00a0radosti a\u00a0v\u00a0sl\u00e1ven\u00ed sl\u00e1vnostnej sv. om\u0161e na oslavu radosti z\u00a0v\u00ed\u0165azstva n\u00e1\u0161ho Spasite\u013ea nad smr\u0165ou.<\/span><\/p>\n<p>&nbsp;<\/p>\n<p>&nbsp;<\/p>\n<p><span style=\"color: #333333;\"><strong>Ve\u013ekono\u010dn\u00fd vin\u0161&#8230;<a style=\"color: #333333;\" href=\"https:\/\/www.skmisia.ch\/wp-content\/uploads\/2017\/04\/agnello-pasquale.png\"><img decoding=\"async\" loading=\"lazy\" class=\"size-full wp-image-7393 alignright\" src=\"https:\/\/www.skmisia.ch\/wp-content\/uploads\/2017\/04\/agnello-pasquale.png\" alt=\"\" width=\"270\" height=\"250\" \/><\/a><\/strong><\/span><\/p>\n<p><span style=\"color: #333333;\"><strong>\u00a0<\/strong><\/span><\/p>\n<p><span style=\"color: #333333;\"><strong>Ve\u013ek\u00e1 noc prin\u00e1\u0161a rados\u0165,<\/strong><\/span><\/p>\n<p><span style=\"color: #333333;\"><strong>Ve\u013ek\u00e1 noc prin\u00e1\u0161a \u0161\u0165astie.<\/strong><\/span><\/p>\n<p><span style=\"color: #333333;\"><strong>Ve\u013ek\u00e1 noc prin\u00e1\u0161a nekone\u010dn\u00e9 Bo\u017eie po\u017eehnanie.<\/strong><\/span><\/p>\n<p><span style=\"color: #333333;\"><strong>Ve\u013ek\u00e1 noc prin\u00e1\u0161a l\u00e1sku a svie\u017eos\u0165 jari.<\/strong><\/span><\/p>\n<p><span style=\"color: #333333;\"><strong>Nech v\u0161etky tieto kr\u00e1sne veci,<\/strong><\/span><\/p>\n<p><span style=\"color: #333333;\"><strong>zav\u00edtaj\u00fa aj do va\u0161ej rodiny<\/strong><\/span><\/p>\n<p><span style=\"color: #333333;\"><strong>a us\u00eddlia sa tam po\u010das cel\u00e9ho roka.<\/strong><\/span><\/p>\n","protected":false},"excerpt":{"rendered":"<p>Ve\u013ekono\u010dn\u00e9 sviatky pre\u017eili veriaci SKM ako najv\u00fdznamnej\u0161\u00ed\u00a0kres\u0165ansk\u00fd sviatok. Ve\u013ek\u00e1 noc je pre kres\u0165anov oslavou\u00a0zm\u0155tvychvstania\u00a0(resp. vzkriesenia)\u00a0Je\u017ei\u0161a Krista\u00a0po jeho smrti na kr\u00ed\u017ei. U\u017e na za\u010diatku Ve\u013ek\u00e9ho t\u00fd\u017ed\u0148a pr\u00e1ve na Kvetn\u00fa nede\u013eu si veriaci pripomenuli sl\u00e1vnostn\u00fd vstup&#46;&#46;&#46;<\/p>\n","protected":false},"author":3,"featured_media":7393,"comment_status":"open","ping_status":"closed","sticky":false,"template":"","format":"standard","meta":{"ngg_post_thumbnail":0},"categories":[24,1],"tags":[],"_links":{"self":[{"href":"https:\/\/www.skmisia.ch\/index.php?rest_route=\/wp\/v2\/posts\/7391"}],"collection":[{"href":"https:\/\/www.skmisia.ch\/index.php?rest_route=\/wp\/v2\/posts"}],"about":[{"href":"https:\/\/www.skmisia.ch\/index.php?rest_route=\/wp\/v2\/types\/post"}],"author":[{"embeddable":true,"href":"https:\/\/www.skmisia.ch\/index.php?rest_route=\/wp\/v2\/users\/3"}],"replies":[{"embeddable":true,"href":"https:\/\/www.skmisia.ch\/index.php?rest_route=%2Fwp%2Fv2%2Fcomments&post=7391"}],"version-history":[{"count":4,"href":"https:\/\/www.skmisia.ch\/index.php?rest_route=\/wp\/v2\/posts\/7391\/revisions"}],"predecessor-version":[{"id":7397,"href":"https:\/\/www.skmisia.ch\/index.php?rest_route=\/wp\/v2\/posts\/7391\/revisions\/7397"}],"wp:featuredmedia":[{"embeddable":true,"href":"https:\/\/www.skmisia.ch\/index.php?rest_route=\/wp\/v2\/media\/7393"}],"wp:attachment":[{"href":"https:\/\/www.skmisia.ch\/index.php?rest_route=%2Fwp%2Fv2%2Fmedia&parent=7391"}],"wp:term":[{"taxonomy":"category","embeddable":true,"href":"https:\/\/www.skmisia.ch\/index.php?rest_route=%2Fwp%2Fv2%2Fcategories&post=7391"},{"taxonomy":"post_tag","embeddable":true,"href":"https:\/\/www.skmisia.ch\/index.php?rest_route=%2Fwp%2Fv2%2Ftags&post=7391"}],"curies":[{"name":"wp","href":"https:\/\/api.w.org\/{rel}","templated":true}]}}