{"id":7253,"date":"2017-03-23T12:29:16","date_gmt":"2017-03-23T11:29:16","guid":{"rendered":"https:\/\/www.skmisia.ch\/?p=7253"},"modified":"2019-04-08T21:08:48","modified_gmt":"2019-04-08T20:08:48","slug":"nocna-krizova-cesta-na-uetlibergu","status":"publish","type":"post","link":"https:\/\/www.skmisia.ch\/?p=7253","title":{"rendered":"No\u010dn\u00e1 kr\u00ed\u017eov\u00e1 cesta na Uetlibergu"},"content":{"rendered":"<h5><a href=\"https:\/\/www.skmisia.ch\/wp-content\/uploads\/2014\/03\/krizova-cesta.jpg\"><img decoding=\"async\" loading=\"lazy\" class=\"size-full wp-image-865 alignleft\" src=\"https:\/\/www.skmisia.ch\/wp-content\/uploads\/2014\/03\/krizova-cesta.jpg\" alt=\"krizova cesta\" width=\"264\" height=\"191\" \/><\/a><\/h5>\n<h5>28. Marca sa bude kona\u0165 no\u010dn\u00e1 KR\u00cd\u017dOV\u00c1 CESTA V PR\u00cdRODE \u2013 CHODN\u00cdKOM NA <b>\u00dc<\/b>ETLIBERG (Z\u00fcrich). Za\u010diatok je o 19:00. Stretneme sa na parkovisku pre aut\u00e1 na Uetlibergstrasse 345, Z\u00fcrich. Spojmi mestskej dopravy je najv\u00fdhodnej\u0161ie cestova\u0165 na kone\u010dn\u00e9 zast\u00e1vky elektri\u010dky \u010d. 13 (s n\u00e1zvom Albisg\u00fcetli) alebo trolejbusu \u010d. 32 (s n\u00e1zvom Strassenverkersamt). Odtia\u013e treba kr\u00e1\u010da\u0165 k\u00fasok nahor smerom ku lesu. Budeme putova\u0165 po zvy\u010dajnom turistickom chodn\u00edku, vystupuj\u00fac na vrchol kopca Uetliberg. Nezabudnite preto na pevn\u00fa obuv.\u00a0 Poz\u00fdvame toho roku op\u00e4\u0165 v\u0161etk\u00fdch \u201eskaln\u00fdch\u201c ale i \u201enovicov\u201c do na\u0161ich radov.<\/h5>\n<p>&nbsp;<\/p>\n<p><a href=\"https:\/\/www.skmisia.ch\/wp-content\/uploads\/2016\/04\/20160306_171118.jpg\"><br \/>\n<\/a><a href=\"https:\/\/www.skmisia.ch\/wp-content\/uploads\/2017\/03\/Uetliberg.jpg\" target=\"_blank\" rel=\"noopener noreferrer\"><img decoding=\"async\" loading=\"lazy\" class=\"aligncenter wp-image-7255 size-large\" src=\"https:\/\/www.skmisia.ch\/wp-content\/uploads\/2017\/03\/Uetliberg-1024x512.jpg\" alt=\"\" width=\"720\" height=\"360\" srcset=\"https:\/\/www.skmisia.ch\/wp-content\/uploads\/2017\/03\/Uetliberg-1024x512.jpg 1024w, https:\/\/www.skmisia.ch\/wp-content\/uploads\/2017\/03\/Uetliberg-300x150.jpg 300w, https:\/\/www.skmisia.ch\/wp-content\/uploads\/2017\/03\/Uetliberg-768x384.jpg 768w, https:\/\/www.skmisia.ch\/wp-content\/uploads\/2017\/03\/Uetliberg.jpg 2000w\" sizes=\"(max-width: 720px) 100vw, 720px\" \/><\/a><\/p>\n<p>&nbsp;<\/p>\n","protected":false},"excerpt":{"rendered":"<p>28. Marca sa bude kona\u0165 no\u010dn\u00e1 KR\u00cd\u017dOV\u00c1 CESTA V PR\u00cdRODE \u2013 CHODN\u00cdKOM NA \u00dcETLIBERG (Z\u00fcrich). Za\u010diatok je o 19:00. Stretneme sa na parkovisku pre aut\u00e1 na Uetlibergstrasse 345, Z\u00fcrich. Spojmi mestskej dopravy je najv\u00fdhodnej\u0161ie&#46;&#46;&#46;<\/p>\n","protected":false},"author":3,"featured_media":7255,"comment_status":"open","ping_status":"closed","sticky":false,"template":"","format":"standard","meta":{"ngg_post_thumbnail":0},"categories":[24,1],"tags":[],"_links":{"self":[{"href":"https:\/\/www.skmisia.ch\/index.php?rest_route=\/wp\/v2\/posts\/7253"}],"collection":[{"href":"https:\/\/www.skmisia.ch\/index.php?rest_route=\/wp\/v2\/posts"}],"about":[{"href":"https:\/\/www.skmisia.ch\/index.php?rest_route=\/wp\/v2\/types\/post"}],"author":[{"embeddable":true,"href":"https:\/\/www.skmisia.ch\/index.php?rest_route=\/wp\/v2\/users\/3"}],"replies":[{"embeddable":true,"href":"https:\/\/www.skmisia.ch\/index.php?rest_route=%2Fwp%2Fv2%2Fcomments&post=7253"}],"version-history":[{"count":4,"href":"https:\/\/www.skmisia.ch\/index.php?rest_route=\/wp\/v2\/posts\/7253\/revisions"}],"predecessor-version":[{"id":9307,"href":"https:\/\/www.skmisia.ch\/index.php?rest_route=\/wp\/v2\/posts\/7253\/revisions\/9307"}],"wp:featuredmedia":[{"embeddable":true,"href":"https:\/\/www.skmisia.ch\/index.php?rest_route=\/wp\/v2\/media\/7255"}],"wp:attachment":[{"href":"https:\/\/www.skmisia.ch\/index.php?rest_route=%2Fwp%2Fv2%2Fmedia&parent=7253"}],"wp:term":[{"taxonomy":"category","embeddable":true,"href":"https:\/\/www.skmisia.ch\/index.php?rest_route=%2Fwp%2Fv2%2Fcategories&post=7253"},{"taxonomy":"post_tag","embeddable":true,"href":"https:\/\/www.skmisia.ch\/index.php?rest_route=%2Fwp%2Fv2%2Ftags&post=7253"}],"curies":[{"name":"wp","href":"https:\/\/api.w.org\/{rel}","templated":true}]}}