{"id":7087,"date":"2018-01-07T12:00:23","date_gmt":"2018-01-07T11:00:23","guid":{"rendered":"https:\/\/www.skmisia.ch\/?p=7087"},"modified":"2019-04-08T21:08:47","modified_gmt":"2019-04-08T20:08:47","slug":"prihlaska-rodinny-vikend","status":"publish","type":"post","link":"https:\/\/www.skmisia.ch\/?p=7087","title":{"rendered":"Prihl\u00e1\u0161ka rodinn\u00fd v\u00edkend 2018"},"content":{"rendered":"<p style=\"text-align: center;\"><span style=\"color: #ff6600;\"><a style=\"color: #ff6600;\" href=\"https:\/\/drive.google.com\/file\/d\/0B-kly8EV4IbLTHEwUVdHMEpXdk0\/view\">Video zo stretnutia rodin 2016<\/a><\/span><\/p>\n<p style=\"text-align: center;\"><span style=\"color: #000000;\"><a style=\"color: #000000;\" href=\"https:\/\/drive.google.com\/file\/d\/0B-kly8EV4IbLTHEwUVdHMEpXdk0\/view\" target=\"_blank\" rel=\"noopener noreferrer\"><img decoding=\"async\" loading=\"lazy\" class=\"aligncenter size-medium wp-image-5511\" src=\"https:\/\/www.skmisia.ch\/wp-content\/uploads\/2016\/06\/DSC5181-300x217.jpg\" alt=\"_DSC5181\" width=\"300\" height=\"217\" srcset=\"https:\/\/www.skmisia.ch\/wp-content\/uploads\/2016\/06\/DSC5181-300x217.jpg 300w, https:\/\/www.skmisia.ch\/wp-content\/uploads\/2016\/06\/DSC5181.jpg 1024w\" sizes=\"(max-width: 300px) 100vw, 300px\" \/><\/a><\/span><\/p>\n<p style=\"text-align: center;\"><span style=\"color: #000000;\"><b>Pozv\u00e1nka na Rodinn\u00e9 stretnutie 2017<\/b><\/span><\/p>\n<p><span style=\"font-weight: 400; color: #000000;\">Mil\u00ed man\u017eelia,<\/span><\/p>\n<p><span style=\"font-weight: 400; color: #000000;\">srde\u010dne V\u00e1s poz\u00fdvame na piaty ro\u010dn\u00edk Rodinn\u00e9ho stretnutia, ktor\u00fd sa uskuto\u010dn\u00ed 19.-21. m\u00e1ja 2018 v kr\u00e1snom prostred\u00ed Beatebergu. Je to v\u00fdborn\u00e1 pr\u00edle\u017eitos\u0165 pre\u017ei\u0165 Tur\u00ed\u010dny v\u00edkend s ostatn\u00fdmi rodinami Slovenskej katol\u00edckej misie a v\u00fddatn\u00fdm v\u00e1nkom o\u017eivuj\u00faceho Bo\u017eieho Ducha. S\u00fa\u010das\u0165ou programu pre dospel\u00fdch bud\u00fa na mieru u\u0161it\u00e9 podnety a dobrovo\u013en\u00e1 v\u00fdmena sk\u00fasenost\u00ed na t\u00e9my duchovn\u00e9ho \u010di rodinn\u00e9ho \u017eivota a pre deti p\u00fatav\u00fd program s anim\u00e1tormi. Spolo\u010dne podnikneme v\u00fdlet v kr\u00e1snom prostred\u00ed a ch\u00fdba\u0165 prirodzene nebude ani z\u00e1bavn\u00fd program.<\/span><\/p>\n<p style=\"text-align: center;\"><span style=\"color: #000000;\"><b>\u00a0<\/b><\/span><\/p>\n<p><span style=\"font-weight: 400; color: #000000;\">Preto si u\u017e teraz zazna\u010dte tento term\u00edn do svojho kalend\u00e1ra, vypl\u0148te prihl\u00e1\u0161ku a pridajte sa k t\u00fdm, ktor\u00ed chc\u00fa osvie\u017ei\u0165 svoj rodinn\u00fd aj partnersk\u00fd \u017eivot. <\/span><\/p>\n<p style=\"text-align: center;\"><span style=\"color: #000000;\"><b>\u00a0<\/b><\/span><\/p>\n<p><span style=\"font-weight: 400; color: #000000;\">Prihl\u00e1si\u0165 sa m\u00f4\u017eete na tomto linku:<\/span><\/p>\n<p><span style=\"text-decoration: underline; color: #0000ff;\"><a style=\"color: #0000ff; text-decoration: underline;\" href=\"https:\/\/docs.google.com\/forms\/d\/1ut9f-jff_--BXQhJEZqC0aaFiR15Jx4qdK22q5zIdX4\/edit?chromeless=1#responses\" target=\"_blank\" rel=\"noopener noreferrer\">https:\/\/docs.google.com\/forms\/d\/1ut9f-jff_&#8211;BXQhJEZqC0aaFiR15Jx4qdK22q5zIdX4\/edit?chromeless=1#responses<\/a><\/span><\/p>\n<p style=\"text-align: center;\"><span style=\"color: #000000;\"><b>\u00a0<\/b><\/span><\/p>\n<p><span style=\"font-weight: 400; color: #000000;\">Poplatok za \u00a0pobyt je nasledovny:<\/span><\/p>\n<p><span style=\"font-weight: 400; color: #000000;\">Dospel\u00e1 osoba: 150,- CHF<\/span><\/p>\n<p><span style=\"font-weight: 400; color: #000000;\">Die\u0165a od 6 do 14 rokov: 105,- CHF<\/span><\/p>\n<p><span style=\"color: #000000;\">Die\u0165a od 2 do 6 rokov: \u00a075.50,- CHF<\/span><\/p>\n<p><span style=\"color: #000000;\">(Pre v\u00fdpo\u010det ceny pre die\u0165a je smerodajn\u00fd vek die\u0165a\u0165a pri n\u00e1stupe k pobytu.)<\/span><\/p>\n<p><span style=\"font-weight: 400; color: #000000;\">\u00da\u010dastn\u00edcky poplatok zah\u0155\u0148a n\u00e1klady na ubytovanie a stravu.<strong> \u00dahrada za prv\u00e9 dve deti je povinn\u00e1, za ka\u017ed\u00e9 \u010fal\u0161ie die\u0165a dobrovo\u013en\u00e1<\/strong>. Ka\u017ed\u00fd darcovsk\u00fd pr\u00edspevok n\u00e1s pote\u0161\u00ed, pou\u017eijeme ho na \u00fahradu re\u017eijn\u00fdch n\u00e1kladov (n\u00e1klady na anim\u00e1torov, predn\u00e1\u0161aj\u00facich, materi\u00e1l na tvorenie pre deti). V pr\u00edpade, \u017ee kv\u00f4li rodinn\u00e9mu rozpo\u010dtu potrebujete z\u013eavu, nev\u00e1hajte sa obr\u00e1ti\u0165 na otca Pavla.<\/span><\/p>\n<p style=\"text-align: center;\"><span style=\"color: #000000;\"><b>\u00a0<\/b><\/span><\/p>\n<p><span style=\"font-weight: 400; color: #000000;\">Celkov\u00fa sumu V\u00e1s pros\u00edme uhradi\u0165 na nasledovn\u00e9 \u010d\u00edslo \u00fa\u010dtu do siedmych dn\u00ed od zaslania prihl\u00e1\u0161ky:<\/span><\/p>\n<p><span style=\"font-weight: 400; color: #000000;\">\u010c\u00edslo \u00fa\u010dtu: 87-713760-8<\/span><\/p>\n<p><span style=\"font-weight: 400; color: #000000;\">CH31 0900 0000 8771 3760 8<\/span><\/p>\n<p style=\"text-align: center;\"><span style=\"color: #000000;\"><b>\u00a0<\/b><\/span><\/p>\n<p><span style=\"font-weight: 400; color: #000000;\">Storno poplatok:<\/span><\/p>\n<p><span style=\"font-weight: 400; color: #000000;\">do 31.03.2018 &#8211; 33% z celkovej sumy<\/span><\/p>\n<p><span style=\"font-weight: 400; color: #000000;\">do 30.04.2018 &#8211; 66% z celkovej sumy<\/span><\/p>\n<p><span style=\"font-weight: 400; color: #000000;\">od 01.05.2018 &#8211; 100% z celkovej sumy<\/span><\/p>\n<p>&nbsp;<\/p>\n<p>&nbsp;<\/p>\n<p><span style=\"font-weight: 400; color: #000000;\">In\u0161pirova\u0165 V\u00e1s m\u00f4\u017eu aj spr\u00e1vy z predch\u00e1dzaj\u00facich rodinn\u00fdch stretnut\u00ed:<\/span><\/p>\n<p><span style=\"text-decoration: underline;\"><span style=\"color: #ff6600; text-decoration: underline;\"><span style=\"font-weight: 400;\">2014:<\/span><a style=\"color: #ff6600; text-decoration: underline;\" href=\"https:\/\/www.skmisia.ch\/?p=1521\"> <span style=\"font-weight: 400;\">https:\/\/www.skmisia.ch\/?p=1521<\/span><\/a><\/span><\/span><\/p>\n<p><span style=\"text-decoration: underline;\"><span style=\"color: #ff6600; text-decoration: underline;\"><span style=\"font-weight: 400;\">2015:<\/span><a style=\"color: #ff6600; text-decoration: underline;\" href=\"https:\/\/www.skmisia.ch\/?p=3937\"> <span style=\"font-weight: 400;\">https:\/\/www.skmisia.ch\/?p=3937<\/span><\/a><\/span><\/span><\/p>\n<p><span style=\"text-decoration: underline;\"><span style=\"color: #ff6600; text-decoration: underline;\"><span style=\"font-weight: 400;\">2016:<\/span><a style=\"color: #ff6600; text-decoration: underline;\" href=\"https:\/\/www.skmisia.ch\/?p=5416\"> <span style=\"font-weight: 400;\">https:\/\/www.skmisia.ch\/?p=5416<\/span><\/a><\/span><\/span><\/p>\n<p><a href=\"https:\/\/www.skmisia.ch\/?p=7622\" target=\"_blank\" rel=\"noopener noreferrer\"><span style=\"text-decoration: underline;\"><span style=\"color: #ff6600; text-decoration: underline;\">2017: https:\/\/www.skmisia.ch\/?p=7622<\/span><\/span><\/a><\/p>\n<p style=\"text-align: left;\"><span style=\"color: #000000;\"><b><span style=\"font-weight: 400;\"><br \/>\n<\/span><span style=\"font-weight: 400;\">Te\u0161\u00edme sa na V\u00e1s.<\/span><span style=\"font-weight: 400;\"><br \/>\n<\/span><br \/>\n<\/b><\/span><\/p>\n","protected":false},"excerpt":{"rendered":"<p>Video zo stretnutia rodin 2016 Pozv\u00e1nka na Rodinn\u00e9 stretnutie 2017 Mil\u00ed man\u017eelia, srde\u010dne V\u00e1s poz\u00fdvame na piaty ro\u010dn\u00edk Rodinn\u00e9ho stretnutia, ktor\u00fd sa uskuto\u010dn\u00ed 19.-21. m\u00e1ja 2018 v kr\u00e1snom prostred\u00ed Beatebergu. Je to v\u00fdborn\u00e1 pr\u00edle\u017eitos\u0165&#46;&#46;&#46;<\/p>\n","protected":false},"author":3,"featured_media":5517,"comment_status":"open","ping_status":"closed","sticky":false,"template":"","format":"video","meta":{"ngg_post_thumbnail":0},"categories":[24,1],"tags":[],"_links":{"self":[{"href":"https:\/\/www.skmisia.ch\/index.php?rest_route=\/wp\/v2\/posts\/7087"}],"collection":[{"href":"https:\/\/www.skmisia.ch\/index.php?rest_route=\/wp\/v2\/posts"}],"about":[{"href":"https:\/\/www.skmisia.ch\/index.php?rest_route=\/wp\/v2\/types\/post"}],"author":[{"embeddable":true,"href":"https:\/\/www.skmisia.ch\/index.php?rest_route=\/wp\/v2\/users\/3"}],"replies":[{"embeddable":true,"href":"https:\/\/www.skmisia.ch\/index.php?rest_route=%2Fwp%2Fv2%2Fcomments&post=7087"}],"version-history":[{"count":21,"href":"https:\/\/www.skmisia.ch\/index.php?rest_route=\/wp\/v2\/posts\/7087\/revisions"}],"predecessor-version":[{"id":8073,"href":"https:\/\/www.skmisia.ch\/index.php?rest_route=\/wp\/v2\/posts\/7087\/revisions\/8073"}],"wp:featuredmedia":[{"embeddable":true,"href":"https:\/\/www.skmisia.ch\/index.php?rest_route=\/wp\/v2\/media\/5517"}],"wp:attachment":[{"href":"https:\/\/www.skmisia.ch\/index.php?rest_route=%2Fwp%2Fv2%2Fmedia&parent=7087"}],"wp:term":[{"taxonomy":"category","embeddable":true,"href":"https:\/\/www.skmisia.ch\/index.php?rest_route=%2Fwp%2Fv2%2Fcategories&post=7087"},{"taxonomy":"post_tag","embeddable":true,"href":"https:\/\/www.skmisia.ch\/index.php?rest_route=%2Fwp%2Fv2%2Ftags&post=7087"}],"curies":[{"name":"wp","href":"https:\/\/api.w.org\/{rel}","templated":true}]}}