{"id":6992,"date":"2017-03-04T09:00:37","date_gmt":"2017-03-04T08:00:37","guid":{"rendered":"https:\/\/www.skmisia.ch\/?p=6992"},"modified":"2019-04-08T21:08:48","modified_gmt":"2019-04-08T20:08:48","slug":"adventna-omsa-pre-sankt-gallen","status":"publish","type":"post","link":"https:\/\/www.skmisia.ch\/?p=6992","title":{"rendered":"Sv\u00e4t\u00e1 om\u0161a pre okolie Sankt Gallen"},"content":{"rendered":"<p><span style=\"color: #000000;\">Mil\u00ed priatelia, zn\u00e1my a veriaci!<\/span><\/p>\n<p><span style=\"color: #000000;\">S ve\u013ek\u00fdm pote\u0161en\u00edm ohlasujem na\u0161e bl\u00ed\u017eiace sa op\u00e4tovn\u00e9 stretnutie s na\u0161im otcom Pavlom v na\u0161ich kon\u010din\u00e1ch. Uskuto\u010dn\u00ed sa:<\/span><\/p>\n<p><span style=\"color: #000000;\">5. marca 2017 op\u00e4\u0165 v SEELENKAPELLE v Rorschachu.<\/span><\/p>\n<p><span style=\"color: #000000;\">Pre pripomenutie prid\u00e1vam pre istotu bli\u017e\u0161\u00ed popis:<\/span><\/p>\n<p><span style=\"color: #000000;\">Kaplka sa nach\u00e1dza po \u013eavej strane ved\u013ea farsk\u00e9ho kostola s. Kolunb\u00e1na &#8211;\u00a0Kirchstrasse 3,\u00a0<\/span><span style=\"color: #000000;\">9400 Rorschach. Parkovisko je za kostolom alebo v gar\u00e1\u017ei pred kostolom.<\/span><\/p>\n<p><span style=\"color: #000000;\">Za\u010d\u00edname o 15:00 mo\u017enos\u0165ou sv. spovede priamo v kaplnke.<\/span><\/p>\n<p><strong><span style=\"color: #000000;\">O\u00a015.30 pokra\u010dujeme sv\u00e4tou om\u0161ou.<\/span><\/strong><\/p>\n<p><span style=\"color: #000000;\">Po om\u0161i sa te\u0161\u00edme na k\u00e1vu v bl\u00edzkej kaviarni. Po\u017eehnan\u00fd p\u00f4st v\u0161etk\u00fdm v\u00e1m \ud83d\ude42<\/span><\/p>\n","protected":false},"excerpt":{"rendered":"<p>Mil\u00ed priatelia, zn\u00e1my a veriaci! S ve\u013ek\u00fdm pote\u0161en\u00edm ohlasujem na\u0161e bl\u00ed\u017eiace sa op\u00e4tovn\u00e9 stretnutie s na\u0161im otcom Pavlom v na\u0161ich kon\u010din\u00e1ch. Uskuto\u010dn\u00ed sa: 5. marca 2017 op\u00e4\u0165 v SEELENKAPELLE v Rorschachu. Pre pripomenutie prid\u00e1vam&#46;&#46;&#46;<\/p>\n","protected":false},"author":3,"featured_media":6889,"comment_status":"open","ping_status":"closed","sticky":false,"template":"","format":"standard","meta":{"ngg_post_thumbnail":0},"categories":[24,1],"tags":[],"_links":{"self":[{"href":"https:\/\/www.skmisia.ch\/index.php?rest_route=\/wp\/v2\/posts\/6992"}],"collection":[{"href":"https:\/\/www.skmisia.ch\/index.php?rest_route=\/wp\/v2\/posts"}],"about":[{"href":"https:\/\/www.skmisia.ch\/index.php?rest_route=\/wp\/v2\/types\/post"}],"author":[{"embeddable":true,"href":"https:\/\/www.skmisia.ch\/index.php?rest_route=\/wp\/v2\/users\/3"}],"replies":[{"embeddable":true,"href":"https:\/\/www.skmisia.ch\/index.php?rest_route=%2Fwp%2Fv2%2Fcomments&post=6992"}],"version-history":[{"count":5,"href":"https:\/\/www.skmisia.ch\/index.php?rest_route=\/wp\/v2\/posts\/6992\/revisions"}],"predecessor-version":[{"id":7193,"href":"https:\/\/www.skmisia.ch\/index.php?rest_route=\/wp\/v2\/posts\/6992\/revisions\/7193"}],"wp:featuredmedia":[{"embeddable":true,"href":"https:\/\/www.skmisia.ch\/index.php?rest_route=\/wp\/v2\/media\/6889"}],"wp:attachment":[{"href":"https:\/\/www.skmisia.ch\/index.php?rest_route=%2Fwp%2Fv2%2Fmedia&parent=6992"}],"wp:term":[{"taxonomy":"category","embeddable":true,"href":"https:\/\/www.skmisia.ch\/index.php?rest_route=%2Fwp%2Fv2%2Fcategories&post=6992"},{"taxonomy":"post_tag","embeddable":true,"href":"https:\/\/www.skmisia.ch\/index.php?rest_route=%2Fwp%2Fv2%2Ftags&post=6992"}],"curies":[{"name":"wp","href":"https:\/\/api.w.org\/{rel}","templated":true}]}}