{"id":6883,"date":"2016-09-29T12:52:18","date_gmt":"2016-09-29T11:52:18","guid":{"rendered":"https:\/\/www.skmisia.ch\/?p=6883"},"modified":"2019-04-08T21:08:48","modified_gmt":"2019-04-08T20:08:48","slug":"radio-vaticana-informuje-o-puti-slovenskej-katolickej-misie","status":"publish","type":"post","link":"https:\/\/www.skmisia.ch\/?p=6883","title":{"rendered":"Radio Vaticana informuje o p\u00fati Slovenskej katol\u00edckej misie"},"content":{"rendered":"<p><span style=\"color: #000000;\">Vatik\u00e1n\/\u0160vaj\u010diarsko 26. septembra \u2013 Spolo\u010denstvo Slovenskej katol\u00edckej misie v Z\u00fcrichu sa vo Sv\u00e4tom roku milosrdenstva rozhodlo spolo\u010dne putova\u0165 do\u00a0R\u00edma. Od soboty 24. septembra skupina 23 Slov\u00e1kov z\u00a0mesta Z\u00fcrich i\u00a0\u010fal\u0161\u00edch oblast\u00ed pod veden\u00edm svojho duchovn\u00e9ho otca Pavla Niznera SDB vychutn\u00e1va atmosf\u00e9ru Ve\u010dn\u00e9ho mesta, pri n\u00e1v\u0161tev\u00e1ch starobyl\u00fdch miest kres\u0165anstva sa venuje\u00a0modlitbe a\u00a0sl\u00e1veniu liturgie. Vrcholn\u00fdm momentom p\u00e4\u0165d\u0148ovej p\u00fate bude \u00fa\u010das\u0165 na stredaj\u0161ej gener\u00e1lnej audiencii Sv\u00e4t\u00e9ho Otca Franti\u0161ka. Po\u010das svojej n\u00e1v\u0161tevy sa p\u00fatnici zozn\u00e1mili aj s\u00a0pr\u00e1cou slovensk\u00e9ho rozhlasov\u00e9ho t\u00edmu Vatik\u00e1nskeho rozhlasu.<\/span><\/p>\n<p><span style=\"color: #000000;\">So svedectvom o\u00a0radosti z\u00a0putovania v\u00a0spolo\u010denstve sa podelili aj na mikrof\u00f3n:<\/span><\/p>\n<!--[if lt IE 9]><script>document.createElement('audio');<\/script><![endif]-->\n\t<div class=\"wp-playlist wp-audio-playlist wp-playlist-light\">\n\t\t\t<div class=\"wp-playlist-current-item\"><\/div>\n\t\t<audio controls=\"controls\" preload=\"none\" width=\"640\"\n\t\t\t><\/audio>\n\t<div class=\"wp-playlist-next\"><\/div>\n\t<div class=\"wp-playlist-prev\"><\/div>\n\t<noscript>\n\t<ol>\n\t\t<li><a href='https:\/\/www.skmisia.ch\/wp-content\/uploads\/2016\/09\/Radio-Vatik\u00e1n-P\u00fa\u0165-do-R\u00edma-2016.mp3'>radio-vatikan-put-do-rima-2016<\/a><\/li>\t<\/ol>\n\t<\/noscript>\n\t<script type=\"application\/json\" class=\"wp-playlist-script\">{\"type\":\"audio\",\"tracklist\":true,\"tracknumbers\":true,\"images\":true,\"artists\":true,\"tracks\":[{\"src\":\"https:\\\/\\\/www.skmisia.ch\\\/wp-content\\\/uploads\\\/2016\\\/09\\\/Radio-Vatik\\u00e1n-P\\u00fa\\u0165-do-R\\u00edma-2016.mp3\",\"type\":\"audio\\\/mpeg\",\"title\":\"radio-vatikan-put-do-rima-2016\",\"caption\":\"\",\"description\":\"\\\"radio-vatikan-put-do-rima-2016\\\".\",\"meta\":{\"length_formatted\":\"2:04\"},\"image\":{\"src\":\"https:\\\/\\\/www.skmisia.ch\\\/wp-includes\\\/images\\\/media\\\/audio.png\",\"width\":48,\"height\":64},\"thumb\":{\"src\":\"https:\\\/\\\/www.skmisia.ch\\\/wp-includes\\\/images\\\/media\\\/audio.png\",\"width\":48,\"height\":64}}]}<\/script>\n<\/div>\n\t\n<p>&nbsp;<\/p>\n<p><a href=\"https:\/\/www.skmisia.ch\/wp-content\/uploads\/2016\/09\/R\u00e1dio-Vaticana-25.09.2016.jpg\" target=\"_blank\" rel=\"noopener noreferrer\"><img decoding=\"async\" loading=\"lazy\" class=\"aligncenter wp-image-6884 size-full\" src=\"https:\/\/www.skmisia.ch\/wp-content\/uploads\/2016\/09\/R\u00e1dio-Vaticana-25.09.2016.jpg\" alt=\"radio-vaticana-25-09-2016\" width=\"640\" height=\"453\" srcset=\"https:\/\/www.skmisia.ch\/wp-content\/uploads\/2016\/09\/R\u00e1dio-Vaticana-25.09.2016.jpg 640w, https:\/\/www.skmisia.ch\/wp-content\/uploads\/2016\/09\/R\u00e1dio-Vaticana-25.09.2016-300x212.jpg 300w\" sizes=\"(max-width: 640px) 100vw, 640px\" \/><\/a><\/p>\n<p>Zdroj: Vatik\u00e1nsky rozhlas<\/p>\n<p><a href=\"http:\/\/sk.radiovaticana.va\/news\/2016\/09\/26\/slovensk%C3%A1_katol%C3%ADcka_misia_z_z%C3%BCrichu_je_na_p%C3%BAti_v_r%C3%ADme\/1260879\" target=\"_blank\" rel=\"noopener noreferrer\">http:\/\/sk.radiovaticana.va\/news\/2016\/09\/26\/slovensk%C3%A1_katol%C3%ADcka_misia_z_z%C3%BCrichu_je_na_p%C3%BAti_v_r%C3%ADme\/1260879<\/a><\/p>\n","protected":false},"excerpt":{"rendered":"<p>Vatik\u00e1n\/\u0160vaj\u010diarsko 26. septembra \u2013 Spolo\u010denstvo Slovenskej katol\u00edckej misie v Z\u00fcrichu sa vo Sv\u00e4tom roku milosrdenstva rozhodlo spolo\u010dne putova\u0165 do\u00a0R\u00edma. Od soboty 24. septembra skupina 23 Slov\u00e1kov z\u00a0mesta Z\u00fcrich i\u00a0\u010fal\u0161\u00edch oblast\u00ed pod veden\u00edm svojho duchovn\u00e9ho&#46;&#46;&#46;<\/p>\n","protected":false},"author":3,"featured_media":6884,"comment_status":"open","ping_status":"closed","sticky":false,"template":"","format":"audio","meta":{"ngg_post_thumbnail":0},"categories":[24,1],"tags":[],"_links":{"self":[{"href":"https:\/\/www.skmisia.ch\/index.php?rest_route=\/wp\/v2\/posts\/6883"}],"collection":[{"href":"https:\/\/www.skmisia.ch\/index.php?rest_route=\/wp\/v2\/posts"}],"about":[{"href":"https:\/\/www.skmisia.ch\/index.php?rest_route=\/wp\/v2\/types\/post"}],"author":[{"embeddable":true,"href":"https:\/\/www.skmisia.ch\/index.php?rest_route=\/wp\/v2\/users\/3"}],"replies":[{"embeddable":true,"href":"https:\/\/www.skmisia.ch\/index.php?rest_route=%2Fwp%2Fv2%2Fcomments&post=6883"}],"version-history":[{"count":5,"href":"https:\/\/www.skmisia.ch\/index.php?rest_route=\/wp\/v2\/posts\/6883\/revisions"}],"predecessor-version":[{"id":9310,"href":"https:\/\/www.skmisia.ch\/index.php?rest_route=\/wp\/v2\/posts\/6883\/revisions\/9310"}],"wp:featuredmedia":[{"embeddable":true,"href":"https:\/\/www.skmisia.ch\/index.php?rest_route=\/wp\/v2\/media\/6884"}],"wp:attachment":[{"href":"https:\/\/www.skmisia.ch\/index.php?rest_route=%2Fwp%2Fv2%2Fmedia&parent=6883"}],"wp:term":[{"taxonomy":"category","embeddable":true,"href":"https:\/\/www.skmisia.ch\/index.php?rest_route=%2Fwp%2Fv2%2Fcategories&post=6883"},{"taxonomy":"post_tag","embeddable":true,"href":"https:\/\/www.skmisia.ch\/index.php?rest_route=%2Fwp%2Fv2%2Ftags&post=6883"}],"curies":[{"name":"wp","href":"https:\/\/api.w.org\/{rel}","templated":true}]}}