{"id":6864,"date":"2016-09-20T15:12:54","date_gmt":"2016-09-20T14:12:54","guid":{"rendered":"https:\/\/www.skmisia.ch\/?p=6864"},"modified":"2019-04-08T21:08:48","modified_gmt":"2019-04-08T20:08:48","slug":"sluk-po-26-rokoch-opat-vo-svajciarsku","status":"publish","type":"post","link":"https:\/\/www.skmisia.ch\/?p=6864","title":{"rendered":"S\u013dUK po 26 rokoch op\u00e4\u0165 vo \u0160vaj\u010diarsku"},"content":{"rendered":"<p>&nbsp;<\/p>\n<p><strong>D\u0148a 6.okt\u00f3bra 2016 bude v\u00a0\u017deneve o 19:00 hod. v divadle Madelaine vyst\u00fapenie S\u013dUK \u2013 u. Kto by mal z\u00e1ujem m\u00f4\u017ee sa tohto hudobno- tane\u010dn\u00e9ho predstavenia z\u00fa\u010dastni\u0165.<\/strong><\/p>\n<p><strong>Inform\u00e1cie oh\u013eadom rezerv\u00e1cie vstupeniek n\u00e1jdete na internetovej str\u00e1nke Zdru\u017eenia\u00a0<a href=\"http:\/\/www.slovenskezvesti.ch\/\">www.slovenskezvesti.ch<\/a>\u00a0alebo v\u00a0Slovensk\u00fdch zvestiach.<\/strong><\/p>\n<p><strong><u>Predaj l\u00edstkov na dvoch predajn\u00fdch miestach:<\/u><\/strong><\/p>\n<p><strong>\u00a0<\/strong><\/p>\n<ol>\n<li><strong>St\u00e1la misia SR pri OSN \u00a0\u017deneva, \/9 Chemin del Anciene Route, Grand Saconnex\/ v pracovn\u00fdch d\u0148och\u00a09:00- 12:00\/ \u00a0Email:\u00a0<a href=\"mailto:pm.geneva@mzv.sk\">pm.geneva@mzv.sk<\/a>\u00a0\/, Tel. 022\/ 747 74 00. Do predmetu emailu uvies\u0165: SLUK \u00a0 \u00a0<\/strong><\/li>\n<\/ol>\n<ol>\n<li><strong>Poklad\u0148a Divadla Madelaine v\u00a0de\u0148 konania vyst\u00fapenia<\/strong><\/li>\n<\/ol>\n<p><strong>V\u0161etci ste srde\u010dne v\u00edtan\u00ed.\u00a0<\/strong><\/p>\n<p><strong>V\u0161etci ste srde\u010dne v\u00edtan\u00ed.\u00a0<\/strong><\/p>\n<p><a href=\"https:\/\/www.skmisia.ch\/wp-content\/uploads\/2016\/09\/SLUK_KRIZOM-KRAZOM_plagat_A1_ZenevaSK-01-01-01-1.jpg\"><img decoding=\"async\" loading=\"lazy\" class=\"aligncenter wp-image-6865 size-large\" src=\"https:\/\/www.skmisia.ch\/wp-content\/uploads\/2016\/09\/SLUK_KRIZOM-KRAZOM_plagat_A1_ZenevaSK-01-01-01-1-725x1024.jpg\" alt=\"sluk_krizom-krazom_plagat_a1_zenevask-01-01-01-1\" width=\"720\" height=\"1017\" srcset=\"https:\/\/www.skmisia.ch\/wp-content\/uploads\/2016\/09\/SLUK_KRIZOM-KRAZOM_plagat_A1_ZenevaSK-01-01-01-1-725x1024.jpg 725w, https:\/\/www.skmisia.ch\/wp-content\/uploads\/2016\/09\/SLUK_KRIZOM-KRAZOM_plagat_A1_ZenevaSK-01-01-01-1-212x300.jpg 212w, https:\/\/www.skmisia.ch\/wp-content\/uploads\/2016\/09\/SLUK_KRIZOM-KRAZOM_plagat_A1_ZenevaSK-01-01-01-1.jpg 1684w\" sizes=\"(max-width: 720px) 100vw, 720px\" \/><\/a><\/p>\n","protected":false},"excerpt":{"rendered":"<p>&nbsp; D\u0148a 6.okt\u00f3bra 2016 bude v\u00a0\u017deneve o 19:00 hod. v divadle Madelaine vyst\u00fapenie S\u013dUK \u2013 u. Kto by mal z\u00e1ujem m\u00f4\u017ee sa tohto hudobno- tane\u010dn\u00e9ho predstavenia z\u00fa\u010dastni\u0165. Inform\u00e1cie oh\u013eadom rezerv\u00e1cie vstupeniek n\u00e1jdete na internetovej&#46;&#46;&#46;<\/p>\n","protected":false},"author":3,"featured_media":6865,"comment_status":"open","ping_status":"closed","sticky":false,"template":"","format":"standard","meta":{"ngg_post_thumbnail":0},"categories":[24,1],"tags":[],"_links":{"self":[{"href":"https:\/\/www.skmisia.ch\/index.php?rest_route=\/wp\/v2\/posts\/6864"}],"collection":[{"href":"https:\/\/www.skmisia.ch\/index.php?rest_route=\/wp\/v2\/posts"}],"about":[{"href":"https:\/\/www.skmisia.ch\/index.php?rest_route=\/wp\/v2\/types\/post"}],"author":[{"embeddable":true,"href":"https:\/\/www.skmisia.ch\/index.php?rest_route=\/wp\/v2\/users\/3"}],"replies":[{"embeddable":true,"href":"https:\/\/www.skmisia.ch\/index.php?rest_route=%2Fwp%2Fv2%2Fcomments&post=6864"}],"version-history":[{"count":3,"href":"https:\/\/www.skmisia.ch\/index.php?rest_route=\/wp\/v2\/posts\/6864\/revisions"}],"predecessor-version":[{"id":6873,"href":"https:\/\/www.skmisia.ch\/index.php?rest_route=\/wp\/v2\/posts\/6864\/revisions\/6873"}],"wp:featuredmedia":[{"embeddable":true,"href":"https:\/\/www.skmisia.ch\/index.php?rest_route=\/wp\/v2\/media\/6865"}],"wp:attachment":[{"href":"https:\/\/www.skmisia.ch\/index.php?rest_route=%2Fwp%2Fv2%2Fmedia&parent=6864"}],"wp:term":[{"taxonomy":"category","embeddable":true,"href":"https:\/\/www.skmisia.ch\/index.php?rest_route=%2Fwp%2Fv2%2Fcategories&post=6864"},{"taxonomy":"post_tag","embeddable":true,"href":"https:\/\/www.skmisia.ch\/index.php?rest_route=%2Fwp%2Fv2%2Ftags&post=6864"}],"curies":[{"name":"wp","href":"https:\/\/api.w.org\/{rel}","templated":true}]}}